{"id":627165,"date":"2025-12-29T08:30:10","date_gmt":"2025-12-29T08:30:10","guid":{"rendered":"https:\/\/www.europesays.com\/fr\/627165\/"},"modified":"2025-12-29T08:30:10","modified_gmt":"2025-12-29T08:30:10","slug":"cinq-jours-apres-la-disparition-dun-psychologue-le-fils-saccuse-du-meurtre","status":"publish","type":"post","link":"https:\/\/www.europesays.com\/fr\/627165\/","title":{"rendered":"Cinq jours apr\u00e8s la disparition d\u2019un psychologue, le fils s\u2019accuse du meurtre"},"content":{"rendered":"<p>L\u2019homme \u00e9tait port\u00e9 disparu depuis mardi. Dimanche, le fils du psychologue Salah Bouabdallah s\u2019est pr\u00e9sent\u00e9 au commissariat de <a href=\"https:\/\/www.20minutes.fr\/dossier\/nimes\" class=\"c-link c-link--is-underlined\" target=\"_blank\" rel=\"noopener\">N\u00eemes<\/a> dans le <a href=\"https:\/\/www.20minutes.fr\/societe\/gard\/\" class=\"c-link c-link--is-underlined\" target=\"_blank\" rel=\"noopener\">Gard<\/a> et s\u2019est accus\u00e9 d\u2019avoir tu\u00e9 son p\u00e8re, a annonc\u00e9 la procureure de N\u00eemes, C\u00e9cile Gensac. Le jeune homme, \u00e2g\u00e9 de 27 ans, aurait alors \u00ab\u00a0confi\u00e9 \u00eatre l\u2019auteur du <a href=\"https:\/\/www.20minutes.fr\/dossier\/meurtre\" class=\"c-link c-link--is-underlined\" target=\"_blank\" rel=\"noopener\">meurtre<\/a>\u00a0\u00bb et avoir \u00ab\u00a0dissimul\u00e9 la d\u00e9pouille de la victime\u00a0\u00bb, a indiqu\u00e9 la procureure dans un communiqu\u00e9.<\/p>\n<p>Salah Bouabdallah, \u00e2g\u00e9 de 55 ans, avait disparu le 21\u00a0d\u00e9cembre dernier. Son t\u00e9l\u00e9phone avait \u00e9t\u00e9 retrouv\u00e9 le lendemain dans un caniveau, rapporte <a href=\"https:\/\/france3-regions.franceinfo.fr\/occitanie\/gard\/nimes\/disparition-de-salah-bouabdallah-l-affaire-prend-une-tournure-criminelle-les-aveux-du-fils-le-corps-toujours-introuvable-3273239.html\" rel=\"nofollow noopener\" target=\"_blank\" class=\"c-link c-link--is-underlined\">France 3 Occitanie<\/a>.<\/p>\n<\/p>\n<p>Des v\u00e9rifications en cours<\/p>\n<p>Le psychologue \u00e9tait fich\u00e9 S et devait prochainement compara\u00eetre devant le tribunal correctionnel pour des faits d\u2019apologie du terrorisme. Des faits en lien avec des prises de position propalestiniennes, selon la cha\u00eene de t\u00e9l\u00e9vision locale.<\/p>\n<p>Son fils, inconnu des services de police, a \u00e9t\u00e9 plac\u00e9 en garde \u00e0 vue, soup\u00e7onn\u00e9 de meurtre. Des investigations sont en cours afin de v\u00e9rifier ses d\u00e9clarations, a pr\u00e9cis\u00e9 C\u00e9cile Gensac. <\/p>\n","protected":false},"excerpt":{"rendered":"L\u2019homme \u00e9tait port\u00e9 disparu depuis mardi. Dimanche, le fils du psychologue Salah Bouabdallah s\u2019est pr\u00e9sent\u00e9 au commissariat de&hellip;\n","protected":false},"author":2,"featured_media":627166,"comment_status":"","ping_status":"","sticky":false,"template":"","format":"standard","meta":{"footnotes":""},"categories":[4],"tags":[47,11,1067,118,1011,27,2679,7774,2681,777,12,2682,2680,25],"class_list":{"0":"post-627165","1":"post","2":"type-post","3":"status-publish","4":"format-standard","5":"has-post-thumbnail","7":"category-france","8":"tag-actualite","9":"tag-actualites","10":"tag-enquete","11":"tag-faits-divers","12":"tag-fr","13":"tag-france","14":"tag-gard","15":"tag-garde-a-vue","16":"tag-languedoc-roussillon","17":"tag-meurtre","18":"tag-news","19":"tag-nimes","20":"tag-occitanie","21":"tag-republique-francaise"},"share_on_mastodon":{"url":"https:\/\/pubeurope.com\/@fr\/115801923513981206","error":""},"_links":{"self":[{"href":"https:\/\/www.europesays.com\/fr\/wp-json\/wp\/v2\/posts\/627165","targetHints":{"allow":["GET"]}}],"collection":[{"href":"https:\/\/www.europesays.com\/fr\/wp-json\/wp\/v2\/posts"}],"about":[{"href":"https:\/\/www.europesays.com\/fr\/wp-json\/wp\/v2\/types\/post"}],"author":[{"embeddable":true,"href":"https:\/\/www.europesays.com\/fr\/wp-json\/wp\/v2\/users\/2"}],"replies":[{"embeddable":true,"href":"https:\/\/www.europesays.com\/fr\/wp-json\/wp\/v2\/comments?post=627165"}],"version-history":[{"count":0,"href":"https:\/\/www.europesays.com\/fr\/wp-json\/wp\/v2\/posts\/627165\/revisions"}],"wp:featuredmedia":[{"embeddable":true,"href":"https:\/\/www.europesays.com\/fr\/wp-json\/wp\/v2\/media\/627166"}],"wp:attachment":[{"href":"https:\/\/www.europesays.com\/fr\/wp-json\/wp\/v2\/media?parent=627165"}],"wp:term":[{"taxonomy":"category","embeddable":true,"href":"https:\/\/www.europesays.com\/fr\/wp-json\/wp\/v2\/categories?post=627165"},{"taxonomy":"post_tag","embeddable":true,"href":"https:\/\/www.europesays.com\/fr\/wp-json\/wp\/v2\/tags?post=627165"}],"curies":[{"name":"wp","href":"https:\/\/api.w.org\/{rel}","templated":true}]}}