{"id":627169,"date":"2025-12-29T08:32:22","date_gmt":"2025-12-29T08:32:22","guid":{"rendered":"https:\/\/www.europesays.com\/fr\/627169\/"},"modified":"2025-12-29T08:32:22","modified_gmt":"2025-12-29T08:32:22","slug":"saint-etienne-depenses-dette-impots-quelles-sont-les-orientations-budgetaires-de-la-ville-pour-2026","status":"publish","type":"post","link":"https:\/\/www.europesays.com\/fr\/627169\/","title":{"rendered":"Saint-\u00c9tienne. D\u00e9penses, dette, imp\u00f4ts\u2026 Quelles sont les orientations budg\u00e9taires de la Ville pour 2026\u00a0?"},"content":{"rendered":"<p>Malgr\u00e9 les \u00e9lections qui auront lieu en mars et la possible \u00e9lection d\u2019une nouvelle \u00e9quipe, c\u2019est bien \u00e0 la majorit\u00e9 actuelle qu\u2019il va appartenir de voter le budget de la ville de Saint-\u00c9tienne pour l\u2019ann\u00e9e \u00e0 venir, m\u00eame s\u2019il pourra \u00eatre en partie modifi\u00e9 ensuite, en cas de changement de majorit\u00e9.<\/p>\n<p>Ce vote du budget 2026 aura lieu le lundi 26\u00a0janvier. Mais en attendant, comme la loi l\u2019impose, l\u2019\u00e9quipe en place a d\u00fb pr\u00e9senter, lors du conseil municipal du 19\u00a0d\u00e9cembre, un rapport d\u2019orientation budg\u00e9taire.<\/p>\n<p>\u00ab\u00a0On maintiendra un niveau d\u2019investissement ambitieux\u00a0\u00bb<\/p>\n<p>\u00ab\u00a0Pour 2026, on maintiendra un niveau d\u2019investissement ambitieux tout en ma\u00eetrisant notre recours \u00e0 l\u2019emprunt\u00a0\u00bb, a assur\u00e9 Nora Berroukeche, adjointe au maire en&#8230;<\/p>\n","protected":false},"excerpt":{"rendered":"Malgr\u00e9 les \u00e9lections qui auront lieu en mars et la possible \u00e9lection d\u2019une nouvelle \u00e9quipe, c\u2019est bien \u00e0&hellip;\n","protected":false},"author":2,"featured_media":627170,"comment_status":"","ping_status":"","sticky":false,"template":"","format":"standard","meta":{"footnotes":""},"categories":[9653],"tags":[1111,11,2430,1984,33,7539,4188,1777,674,1011,27,3367,12,316,25,4001,7538],"class_list":{"0":"post-627169","1":"post","2":"type-post","3":"status-publish","4":"format-standard","5":"has-post-thumbnail","7":"category-saint-etienne","8":"tag-actu","9":"tag-actualites","10":"tag-auvergne-rhone-alpes","11":"tag-conseil-municipal","12":"tag-economie","13":"tag-edition-loire-sud","14":"tag-elections-municipales","15":"tag-eu","16":"tag-europe","17":"tag-fr","18":"tag-france","19":"tag-loire","20":"tag-news","21":"tag-politique","22":"tag-republique-francaise","23":"tag-saint-etienne","24":"tag-saint-etienne-ville"},"share_on_mastodon":{"url":"https:\/\/pubeurope.com\/@fr\/115801931344197252","error":""},"_links":{"self":[{"href":"https:\/\/www.europesays.com\/fr\/wp-json\/wp\/v2\/posts\/627169","targetHints":{"allow":["GET"]}}],"collection":[{"href":"https:\/\/www.europesays.com\/fr\/wp-json\/wp\/v2\/posts"}],"about":[{"href":"https:\/\/www.europesays.com\/fr\/wp-json\/wp\/v2\/types\/post"}],"author":[{"embeddable":true,"href":"https:\/\/www.europesays.com\/fr\/wp-json\/wp\/v2\/users\/2"}],"replies":[{"embeddable":true,"href":"https:\/\/www.europesays.com\/fr\/wp-json\/wp\/v2\/comments?post=627169"}],"version-history":[{"count":0,"href":"https:\/\/www.europesays.com\/fr\/wp-json\/wp\/v2\/posts\/627169\/revisions"}],"wp:featuredmedia":[{"embeddable":true,"href":"https:\/\/www.europesays.com\/fr\/wp-json\/wp\/v2\/media\/627170"}],"wp:attachment":[{"href":"https:\/\/www.europesays.com\/fr\/wp-json\/wp\/v2\/media?parent=627169"}],"wp:term":[{"taxonomy":"category","embeddable":true,"href":"https:\/\/www.europesays.com\/fr\/wp-json\/wp\/v2\/categories?post=627169"},{"taxonomy":"post_tag","embeddable":true,"href":"https:\/\/www.europesays.com\/fr\/wp-json\/wp\/v2\/tags?post=627169"}],"curies":[{"name":"wp","href":"https:\/\/api.w.org\/{rel}","templated":true}]}}