{"id":627175,"date":"2025-12-29T08:35:15","date_gmt":"2025-12-29T08:35:15","guid":{"rendered":"https:\/\/www.europesays.com\/fr\/627175\/"},"modified":"2025-12-29T08:35:15","modified_gmt":"2025-12-29T08:35:15","slug":"fabrice-le-sache-vice-president-du-medef-national-a-nancy-fin-janvier","status":"publish","type":"post","link":"https:\/\/www.europesays.com\/fr\/627175\/","title":{"rendered":"Fabrice Le Sach\u00e9, vice-pr\u00e9sident du Medef national \u00e0 Nancy fin janvier"},"content":{"rendered":"<p>2026 : R\u00e9armer la Ville Productive &#8211; Mobilisation et Ambition Internationales ! C\u2019est le th\u00e8me annonc\u00e9 de la soir\u00e9e des voeux\u00a0annonc\u00e9e pour le 21 janvier par le Medef de Meurthe-et-Moselle. Elle se d\u00e9roulera au Kin\u00e9polis de Nancy.<\/p>\n<p>L\u2019\u00e9v\u00e9nement sera d\u00e9di\u00e9 \u00e0 la mobilisation des entrepreneurs, \u00e0 la pr\u00e9sentation des perspectives \u00e9conomiques nationales et europ\u00e9ennes et au partage des travaux de la Commission \u00abProspectives\u00bb, qui propose une vision structur\u00e9e des enjeux du territoire.<\/p>\n<p>Guest star annonc\u00e9e : Fabrice Le Sach\u00e9, vice-pr\u00e9sident et porte-parole du Medef national. Il apportera un \u00e9clairage national et europ\u00e9en sur la comp\u00e9titivit\u00e9, les 35 mesures du Medef et les leviers permettant aux entreprises de se projeter davantage.<\/p>\n","protected":false},"excerpt":{"rendered":"2026 : R\u00e9armer la Ville Productive &#8211; Mobilisation et Ambition Internationales ! C\u2019est le th\u00e8me annonc\u00e9 de la&hellip;\n","protected":false},"author":2,"featured_media":627176,"comment_status":"","ping_status":"","sticky":false,"template":"","format":"standard","meta":{"footnotes":""},"categories":[9635],"tags":[1111,11,1777,674,1011,27,775,1702,12,25],"class_list":{"0":"post-627175","1":"post","2":"type-post","3":"status-publish","4":"format-standard","5":"has-post-thumbnail","7":"category-nancy","8":"tag-actu","9":"tag-actualites","10":"tag-eu","11":"tag-europe","12":"tag-fr","13":"tag-france","14":"tag-grand-est","15":"tag-nancy","16":"tag-news","17":"tag-republique-francaise"},"share_on_mastodon":{"url":"https:\/\/pubeurope.com\/@fr\/115801943144301903","error":""},"_links":{"self":[{"href":"https:\/\/www.europesays.com\/fr\/wp-json\/wp\/v2\/posts\/627175","targetHints":{"allow":["GET"]}}],"collection":[{"href":"https:\/\/www.europesays.com\/fr\/wp-json\/wp\/v2\/posts"}],"about":[{"href":"https:\/\/www.europesays.com\/fr\/wp-json\/wp\/v2\/types\/post"}],"author":[{"embeddable":true,"href":"https:\/\/www.europesays.com\/fr\/wp-json\/wp\/v2\/users\/2"}],"replies":[{"embeddable":true,"href":"https:\/\/www.europesays.com\/fr\/wp-json\/wp\/v2\/comments?post=627175"}],"version-history":[{"count":0,"href":"https:\/\/www.europesays.com\/fr\/wp-json\/wp\/v2\/posts\/627175\/revisions"}],"wp:featuredmedia":[{"embeddable":true,"href":"https:\/\/www.europesays.com\/fr\/wp-json\/wp\/v2\/media\/627176"}],"wp:attachment":[{"href":"https:\/\/www.europesays.com\/fr\/wp-json\/wp\/v2\/media?parent=627175"}],"wp:term":[{"taxonomy":"category","embeddable":true,"href":"https:\/\/www.europesays.com\/fr\/wp-json\/wp\/v2\/categories?post=627175"},{"taxonomy":"post_tag","embeddable":true,"href":"https:\/\/www.europesays.com\/fr\/wp-json\/wp\/v2\/tags?post=627175"}],"curies":[{"name":"wp","href":"https:\/\/api.w.org\/{rel}","templated":true}]}}