{"id":627179,"date":"2025-12-29T08:37:11","date_gmt":"2025-12-29T08:37:11","guid":{"rendered":"https:\/\/www.europesays.com\/fr\/627179\/"},"modified":"2025-12-29T08:37:11","modified_gmt":"2025-12-29T08:37:11","slug":"top-14-a-toulon-lusap-saccroche-mais-senlise-offensivement","status":"publish","type":"post","link":"https:\/\/www.europesays.com\/fr\/627179\/","title":{"rendered":"Top 14\u00a0: \u00c0 Toulon, l\u2019USAP s\u2019accroche mais s\u2019enlise offensivement"},"content":{"rendered":"<p>\n                                                                Battue \u00e0 Toulon malgr\u00e9 une r\u00e9sistance courageuse (31-16), l\u2019USAP a une nouvelle fois pay\u00e9 sa st\u00e9rilit\u00e9 offensive. Entre gestion assum\u00e9e, absences de cadres et manque d\u2019allant, les Catalans avancent toujours sur le fil en queue de peloton du Top 14 \u00e0 quelques jours de la r\u00e9ception du Stade Toulousain (samedi\u00a014 h 30).\n                            <\/p>\n<p>Le constat est peut-\u00eatre cruel, mais les faits sont l\u00e0 et l\u2019USAP a encore perdu (31-16 \u00e0 Toulon). Pour la douzi\u00e8me fois de la saison, les Catalans se sont inclin\u00e9s. Oui, ils \u00e9taient devant \u00e0 la pause (10-7), oui, ils tenaient le point de bonus d\u00e9fensif (21-16) \u00e0 six minutes du coup de sifflet final. Mais cette r\u00e9sistance ne fut que la r\u00e9compense logique de l\u2019engagement d\u00e9fensif autour de Lucas Velarte et de ses co\u00e9quipiers. Pour le reste, le n\u00e9ant pour une \u00e9quipe qui n\u2019avait pas de pression et qui, au lieu de tenter et de jouer, s\u2019est content\u00e9e de se bagarrer au milieu.<\/p>\n<p>La st\u00e9rilit\u00e9 offensive, une plaie<\/p>\n<p>Maladresses, mauvais placements, jeu au pied\u2026 Laurent Labit retiendra les nouvelles impr\u00e9cisions des siens avec le ballon. \u00ab\u00a0Il y a eu des mauvais choix, un manque de pr\u00e9cision, notamment sur la conqu\u00eate et la touche, o\u00f9 il nous manque deux ou trois munitions qui auraient pu nous permettre de mettre cette \u00e9quipe un peu plus en difficult\u00e9, comme on l\u2019a fait \u00e0 partir de nos m\u00eal\u00e9es, par exemple, et de nos lancements. Quelques jeux au pied aussi, et notamment au d\u00e9but de match\u00a0: on ne voulait pas se mettre sous pression. Malheureusement, on s\u2019y est mis rapidement avec un pied contr\u00e9 (Ecochard, 1re), une touche pas trouv\u00e9e\u2026\u00a0\u00bb<\/p>\n<p>Dimanche, l\u2019\u00e9cart de niveau dans le jeu a saut\u00e9 aux yeux. \u00c0 chaque fois que Toulon a acc\u00e9l\u00e9r\u00e9, il y a eu le feu de partout. Heureusement que les joueurs de Pierre Mignoni ont \u00e9t\u00e9 maladroits comme rarement (six avants de passe). En revanche, \u00e0 chaque fois que l\u2019USAP a tent\u00e9\u2026 rien. Le seul essai usapiste est venu d\u2019une maladresse toulonnaise de Paolo Garbisi et de l\u2019exploitation qu\u2019en a faite Hugo Reus pour envoyer Maxim Granell derri\u00e8re la ligne. La plus mauvaise attaque du championnat (19 essais) a fait honneur \u00e0 son rang dimanche sur les bords de la Rade, passant l\u2019essentiel de son temps \u00e0 d\u00e9fendre.<\/p>\n<p>Dimanche, l\u2019absence de certains cadres a \u00e9t\u00e9 trop lourde. Aujourd\u2019hui, Jamie Ritchie, Joaqu\u00edn Oviedo et Benjam\u00edn Urdapilleta sont indispensables. Leur pr\u00e9sence \u00e0 Mayol aurait pu permettre d\u2019esp\u00e9rer mieux. Mais le choix a \u00e9t\u00e9 fait de les pr\u00e9server et de leur permettre de passer les f\u00eates en famille. Une gestion assum\u00e9e, mais qui montrera vite ses limites pour un encadrement qui \u2013 pour le moment \u2013 cible ses rencontres\u00a0: Clermont et Montauban (samedi 14\u00a0janvier \u00e0 Perpignan). Les comptes se feront apr\u00e8s Montauban pour encha\u00eener les onze derni\u00e8res journ\u00e9es (cinq r\u00e9ceptions).<\/p>\n<p>Le choix fort du brassard<\/p>\n<p>Dimanche, Laurent Labit a confi\u00e9 le r\u00f4le de capitaine \u00e0 Lucas Velarte, alors que Jeronimo de la Fuente sortait du placard. \u00ab\u00a0Ce n\u2019est pas un changement de capitaine. Quand je suis arriv\u00e9, je leur ai dit qu\u2019il y aurait un capitaine tournant. Il y a trois capitaines identifi\u00e9s, les historiques du club\u00a0: Velarte, Ecochard et De la Fuente. Mais il y a aussi Jamie Ritchie, qui peut prendre le brassard, comme on l\u2019a vu contre Clermont. Ce soir, les trois \u00e9taient sur le terrain et j\u2019ai donn\u00e9 le brassard \u00e0 Lucas (Velarte), parce que je savais que, pour venir ici, on avait besoin d\u2019un capitaine de motivation, d\u2019un capitaine dans le combat, plus que d\u2019un capitaine strat\u00e9gique\u00a0\u00bb, s\u2019est expliqu\u00e9 le manager sang et or, qui a ajout\u00e9\u00a0: \u00ab\u00a0Ce que Lucas (Velarte) d\u00e9montre depuis longtemps avec le club, son maillot, l\u2019ADN qu\u2019il a, c\u2019\u00e9tait pour moi le premier choix pour venir \u00e0 Toulon.\u00a0\u00bb<\/p>\n<p>Place au Stade Toulousain<\/p>\n<p>Samedi, le leader toulousain sera \u00e0 Aim\u00e9-Giral, fort de ses six succ\u00e8s cons\u00e9cutifs en Top 14. Alors, qu\u2019attendre des Catalans\u00a0? \u00ab\u00a0Le groupe travaille bien, on r\u00e9cup\u00e8re des joueurs. On a r\u00e9cup\u00e9r\u00e9 encore cette semaine Posolo Tuilagi pour le match de Toulouse. Il faut qu\u2019on continue. On sait que ce sera un match difficile, un match joker\u00a0\u00bb, pr\u00e9sente d\u00e9j\u00e0 Laurent Labit, qui se projette. \u00ab\u00a0Nous aurons les deux matchs de Coupe d\u2019Europe derri\u00e8re pour nous pr\u00e9parer \u00e0 la r\u00e9ception de Montauban. Oui, c\u2019est comme \u00e7a qu\u2019on doit avancer. Ce championnat, exigeant et interminable, ne pardonne rien. On doit g\u00e9rer l\u2019effectif, cr\u00e9er de l\u2019\u00e9mulation quand les performances sont l\u00e0. C\u2019est ce qu\u2019on fait depuis un mois, avec ce soir une grande prestation malgr\u00e9 beaucoup de changements. \u00c7a sera encore le cas la semaine prochaine. Il y aura des joueurs qui vont revenir, d\u2019autres qui vont marquer des points\u00a0\u00bb, a appuy\u00e9 Labit, qui a conclu son passage devant les m\u00e9dias par\u00a0: \u00ab\u00a0C\u2019est comme \u00e7a qu\u2019on r\u00e9ussira notre mission de maintenir l\u2019USAP en Top 14, qui est notre objectif.\u00a0\u00bb<\/p>\n","protected":false},"excerpt":{"rendered":"Battue \u00e0 Toulon malgr\u00e9 une r\u00e9sistance courageuse (31-16), l\u2019USAP a une nouvelle fois pay\u00e9 sa st\u00e9rilit\u00e9 offensive. Entre&hellip;\n","protected":false},"author":2,"featured_media":627180,"comment_status":"","ping_status":"","sticky":false,"template":"","format":"standard","meta":{"footnotes":""},"categories":[9619],"tags":[1111,11,1777,674,1011,27,12,3464,882,11548,25,68796,517,2310],"class_list":{"0":"post-627179","1":"post","2":"type-post","3":"status-publish","4":"format-standard","5":"has-post-thumbnail","7":"category-toulon","8":"tag-actu","9":"tag-actualites","10":"tag-eu","11":"tag-europe","12":"tag-fr","13":"tag-france","14":"tag-news","15":"tag-perpignan","16":"tag-provence-alpes-cote-dazur","17":"tag-pyrenees-orientales","18":"tag-republique-francaise","19":"tag-rugby-u00e0-xv","20":"tag-sport","21":"tag-toulon"},"share_on_mastodon":{"url":"https:\/\/pubeurope.com\/@fr\/115801951076322711","error":""},"_links":{"self":[{"href":"https:\/\/www.europesays.com\/fr\/wp-json\/wp\/v2\/posts\/627179","targetHints":{"allow":["GET"]}}],"collection":[{"href":"https:\/\/www.europesays.com\/fr\/wp-json\/wp\/v2\/posts"}],"about":[{"href":"https:\/\/www.europesays.com\/fr\/wp-json\/wp\/v2\/types\/post"}],"author":[{"embeddable":true,"href":"https:\/\/www.europesays.com\/fr\/wp-json\/wp\/v2\/users\/2"}],"replies":[{"embeddable":true,"href":"https:\/\/www.europesays.com\/fr\/wp-json\/wp\/v2\/comments?post=627179"}],"version-history":[{"count":0,"href":"https:\/\/www.europesays.com\/fr\/wp-json\/wp\/v2\/posts\/627179\/revisions"}],"wp:featuredmedia":[{"embeddable":true,"href":"https:\/\/www.europesays.com\/fr\/wp-json\/wp\/v2\/media\/627180"}],"wp:attachment":[{"href":"https:\/\/www.europesays.com\/fr\/wp-json\/wp\/v2\/media?parent=627179"}],"wp:term":[{"taxonomy":"category","embeddable":true,"href":"https:\/\/www.europesays.com\/fr\/wp-json\/wp\/v2\/categories?post=627179"},{"taxonomy":"post_tag","embeddable":true,"href":"https:\/\/www.europesays.com\/fr\/wp-json\/wp\/v2\/tags?post=627179"}],"curies":[{"name":"wp","href":"https:\/\/api.w.org\/{rel}","templated":true}]}}