{"id":62719,"date":"2025-04-29T21:03:17","date_gmt":"2025-04-29T21:03:17","guid":{"rendered":"https:\/\/www.europesays.com\/fr\/62719\/"},"modified":"2025-04-29T21:03:17","modified_gmt":"2025-04-29T21:03:17","slug":"lucile-lamour-est-dans-le-pre-loin-de-son-compagnon-avec-ses-deux-enfants-elle-fait-une-mise-au-point","status":"publish","type":"post","link":"https:\/\/www.europesays.com\/fr\/62719\/","title":{"rendered":"Lucile (L&rsquo;amour est dans le pr\u00e9) loin de son compagnon avec ses deux enfants, elle fait une mise au point"},"content":{"rendered":"<p>En ce mois d&rsquo;avril ensoleill\u00e9, Lucile (L&rsquo;amour est dans le pr\u00e9) a d\u00e9cid\u00e9 de s&rsquo;octroyer quelques jours de vacances au bord de la mer avec ses deux enfants. Les internautes se sont interrog\u00e9s sur l&rsquo;absence de J\u00e9r\u00f4me.<\/p>\n<p>Depuis leur participation \u00e0 L&rsquo;amour est dans le pr\u00e9, J\u00e9r\u00f4me et Lucile sont toujours aussi soud\u00e9s. C&rsquo;est dans la saison 15 de l&rsquo;\u00e9mission que le mara\u00eecher avait eu un v\u00e9ritable coup de c\u0153ur pour sa belle. Ensemble, ils sont les parents combl\u00e9s de <a href=\"https:\/\/www.programme-tv.net\/news\/tv\/338019-la-vie-sans-toi-serait-fade-jerome-et-lucile-lamour-est-dans-le-pre-celebrent-les-deux-ans-de-leur-fille-capucine-avec-une-adorable-video\/\" data-api-deeplink=\"teleloisirs:\/\/news\/338019\" target=\"_blank\" rel=\"noopener\">deux enfants, Capucine et Adonis<\/a>. Mais ils avaient confi\u00e9 qu&rsquo;ils ne comptaient plus agrandir leur famille. <a href=\"https:\/\/www.programme-tv.net\/news\/tv\/369106-cette-idee-ne-vous-lachera-donc-jamais-lucile-l-amour-est-dans-le-pre-agacee-par-une-question-recurrente-sur-son-couple-avec-jerome\/\" data-api-deeplink=\"teleloisirs:\/\/news\/369106\" target=\"_blank\" rel=\"noopener\">Lucile a m\u00eame mis \u00e0 plusieurs reprises les points sur les i \u00e0 ce sujet. <\/a>\u00ab\u00a0On est bien \u00e0 quatre. Ce n&rsquo;est pas une envie future, clairement, parce que la vie est dure actuellement. La vie est ch\u00e8re. On a envie simplement de profiter d&rsquo;eux, de leur offrir le meilleur, avec les moyens qu&rsquo;on a. On pense qu&rsquo;avec deux enfants, on pourra g\u00e9rer tout \u00e7a\u00a0\u00bb, avait-elle expliqu\u00e9.<\/p>\n<p>Lucile (L&rsquo;amour est dans le pr\u00e9) a d\u00fb faire un choix pour le bien de ses enfants<\/p>\n<p>Tr\u00e8s occup\u00e9s par leur exploitation agricole, J\u00e9r\u00f4me et Lucile ont pourtant r\u00e9ussi \u00e0 partir en vacances en amoureux avec leurs enfants en Guadeloupe, en janvier dernier. <a href=\"https:\/\/www.programme-tv.net\/news\/people\/369703-tellement-rare-detre-reunis-lucile-et-jerome-l-amour-est-dans-le-pre-complices-avec-leurs-enfants-ils-devoilent-des-photos-de-leurs-vacances\/\" data-api-deeplink=\"teleloisirs:\/\/news\/369703\" target=\"_blank\" rel=\"noopener\">Un moment privil\u00e9gi\u00e9 dont ils avaient partag\u00e9 quelques cartes postales sur les r\u00e9seaux sociaux<\/a>.  En mars, <a href=\"https:\/\/www.programme-tv.net\/news\/people\/372806-notre-premiere-fois-en-5-ans-jerome-et-lucile-l-amour-est-dans-le-pre-partagent-un-joli-moment-en-couple\/\" data-api-deeplink=\"teleloisirs:\/\/news\/372806\" target=\"_blank\" rel=\"noopener\">ils avaient aussi d\u00e9voil\u00e9 les clich\u00e9s d&rsquo;une grande premi\u00e8re en couple<\/a>. Mais, en ce mois d&rsquo;avril, c&rsquo;est en solo que Lucile a choisi de partir en vacances avec ses deux petits, ce qui a intrigu\u00e9 les internautes. Elle a tenu \u00e0 faire une mise au point \u00e0 ce sujet sur Instagram. \u00ab\u00a0Pour r\u00e9pondre \u00e0 vos questions, nous sommes \u00e0 S\u00e8te en camping. <b>Et non J\u00e9r\u00f4me n&rsquo;est pas avec nous&#8230; rassurez-vous, tout va extr\u00eamement bien, mais il y a \u00e9norm\u00e9ment de travail \u00e0 la ferme<\/b>, alors j&rsquo;ai choisi de partir avec les enfants, mamie et les cousines pendant leurs vacances pour qu&rsquo;ils puissent profiter\u00a0\u00bb, a d\u00e9taill\u00e9 la maman dans ses stories Instagram. Elle n&rsquo;a pas cach\u00e9 que la s\u00e9paration \u00e9tait difficile pour ses enfants et elle.<b> <\/b><b>\u00ab\u00a0C&rsquo;est notre premi\u00e8re fois loin de lui, premi\u00e8re fois pour moi aussi loin de lui, alors il nous manque \u00e9norm\u00e9ment, mais \u00eatre femme d&rsquo;agriculteur impose des choix pour le bien-\u00eatre de nos b\u00e9b\u00e9s\u00a0\u00bb<\/b>, a-t-elle rappel\u00e9.<\/p>\n<p>                        Lucile (L&rsquo;amour est dans le pr\u00e9) avait \u00e9voqu\u00e9 une p\u00e9riode compliqu\u00e9e pour Capucine et Adonis<\/p>\n<p>L&rsquo;an dernier, au moment des moissons, <a href=\"https:\/\/www.programme-tv.net\/news\/people\/356310-une-periode-pas-facile-les-enfants-de-jerome-et-lucile-l-amour-est-dans-le-pre-souffrent-de-ne-pas-voir-leur-pere-bien-occupe-par-son-exploitation-agricole\/\" data-api-deeplink=\"teleloisirs:\/\/news\/356310\" target=\"_blank\" rel=\"noopener\">Lucile avait expliqu\u00e9 que ses deux enfants souffraient de l&rsquo;absence de leur p\u00e8re, accapar\u00e9 par son exploitation<\/a>. \u00ab\u00a0Capucine r\u00e9clame beaucoup Papa, la moisson n&rsquo;est pas une p\u00e9riode facile pour eux\u00a0\u00bb, avait-elle d\u00e9plor\u00e9. Pour autant, <a href=\"https:\/\/www.programme-tv.net\/news\/tv\/358280-jerome-serait-vraiment-tres-heureux-lucile-l-amour-est-dans-le-pre-evoque-ce-choix-difficile-que-ses-enfants-pourraient-faire-a-l-avenir\/\" data-api-deeplink=\"teleloisirs:\/\/news\/358280\" target=\"_blank\" rel=\"noopener\">l&rsquo;agriculteur aimerait que Capucine et Adonis suivent ses traces.<\/a><\/p>\n","protected":false},"excerpt":{"rendered":"En ce mois d&rsquo;avril ensoleill\u00e9, Lucile (L&rsquo;amour est dans le pr\u00e9) a d\u00e9cid\u00e9 de s&rsquo;octroyer quelques jours de&hellip;\n","protected":false},"author":2,"featured_media":62720,"comment_status":"","ping_status":"","sticky":false,"template":"","format":"standard","meta":{"footnotes":""},"categories":[1359],"tags":[244,58,59,1011,27,16067,16066,494,973,1630],"class_list":{"0":"post-62719","1":"post","2":"type-post","3":"status-publish","4":"format-standard","5":"has-post-thumbnail","7":"category-people","8":"tag-commentaire","9":"tag-divertissement","10":"tag-entertainment","11":"tag-fr","12":"tag-france","13":"tag-ju00e9ru00f4me-lamour-est-dans-le-pru00e9-15","14":"tag-lucile-lamour-est-dans-le-pru00e9-15","15":"tag-m6","16":"tag-people","17":"tag-zapping"},"share_on_mastodon":{"url":"https:\/\/pubeurope.com\/@fr\/114423280667668542","error":""},"_links":{"self":[{"href":"https:\/\/www.europesays.com\/fr\/wp-json\/wp\/v2\/posts\/62719","targetHints":{"allow":["GET"]}}],"collection":[{"href":"https:\/\/www.europesays.com\/fr\/wp-json\/wp\/v2\/posts"}],"about":[{"href":"https:\/\/www.europesays.com\/fr\/wp-json\/wp\/v2\/types\/post"}],"author":[{"embeddable":true,"href":"https:\/\/www.europesays.com\/fr\/wp-json\/wp\/v2\/users\/2"}],"replies":[{"embeddable":true,"href":"https:\/\/www.europesays.com\/fr\/wp-json\/wp\/v2\/comments?post=62719"}],"version-history":[{"count":0,"href":"https:\/\/www.europesays.com\/fr\/wp-json\/wp\/v2\/posts\/62719\/revisions"}],"wp:featuredmedia":[{"embeddable":true,"href":"https:\/\/www.europesays.com\/fr\/wp-json\/wp\/v2\/media\/62720"}],"wp:attachment":[{"href":"https:\/\/www.europesays.com\/fr\/wp-json\/wp\/v2\/media?parent=62719"}],"wp:term":[{"taxonomy":"category","embeddable":true,"href":"https:\/\/www.europesays.com\/fr\/wp-json\/wp\/v2\/categories?post=62719"},{"taxonomy":"post_tag","embeddable":true,"href":"https:\/\/www.europesays.com\/fr\/wp-json\/wp\/v2\/tags?post=62719"}],"curies":[{"name":"wp","href":"https:\/\/api.w.org\/{rel}","templated":true}]}}