{"id":627191,"date":"2025-12-29T08:43:23","date_gmt":"2025-12-29T08:43:23","guid":{"rendered":"https:\/\/www.europesays.com\/fr\/627191\/"},"modified":"2025-12-29T08:43:23","modified_gmt":"2025-12-29T08:43:23","slug":"les-bons-plans-max-radio-du-29-12-au-04-01","status":"publish","type":"post","link":"https:\/\/www.europesays.com\/fr\/627191\/","title":{"rendered":"Les Bons Plans Max Radio du 29\/12 au 04\/01"},"content":{"rendered":"<p>Chaque semaine, retrouvez les meilleurs bons plans de Grenoble et Chamb\u00e9ry ! <br \/>Que vous soyez \u00e0 la recherche d&rsquo;activit\u00e9s, de sorties, d&rsquo;\u00e9v\u00e9nements ou de bonnes adresses, nous vous partageons tout ce qu&rsquo;il ne faut pas manquer.<\/p>\n<p>Les Bons Plans \u00e0 Grenoble :<\/p>\n<p> <b>Rendez-vous : le 30 d\u00e9cembre, \u00e0 partir de 10h15, \u00e0 la Salle du Jeu de la Paume.<\/b><\/p>\n<p>La Matinale vous propose une projection \u00e0 hauteur des tout-petits. Cette fois-ci, c&rsquo;est avec le film \u201cLa petite fanfare de No\u00ebl\u201d, que nous passerons la matin\u00e9e ! Atelier de loisir cr\u00e9atif \u00e0 l&rsquo;issue de la s\u00e9ance. Dur\u00e9e du film 40mn + Atelier cr\u00e9atif<\/p>\n<p>Rendez-vous \u00e0 destination des 4\/6 ans et de leur entourage<br \/>S\u00e9ance adapt\u00e9e pour les enfants \u00e0 partir de 3 ans !<br \/>Synopsis : Au c\u0153ur de l&rsquo;hiver, la neige recouvre tout, et le silence s&rsquo;installe doucement. Mais \u00e9coutez bien : dans ce grand calme blanc, mille sons vont bient\u00f4t \u00e9clore ! Tendez l&rsquo;oreille et vous entendrez la for\u00eat qui fredonne tout bas, la joyeuse cacophonie des petits y\u00e9tis et la grande fanfare des ours et des renards. L&rsquo;hiver a sa propre musique : saurez-vous l&rsquo;entendre ? Car c&rsquo;est avec la musique que la magie de No\u00ebl peut commencer !<br \/>Programme courts m\u00e9trages :<br \/>\u2013 La M\u00e9lodie de la montagne (4?)<br \/>\u2013 Yeti Fiesta (5?)<br \/>\u2013 Lulu et la symphonie de l&rsquo;hiver (5?)<br \/>\u2013 Le No\u00ebl des musifants (26?)<\/p>\n<p><a class=\"url\" href=\"https:\/\/www.grenoble-tourisme.com\/fr\/decouvrir\/evenements\/agenda\/detail\/matinale-la-petite-fanfare-de-noel-7322623\/\" target=\"_blank\" rel=\"noopener\">En savoir plus.<\/a><\/p>\n<tr>\n<td class=\"defaut\"><a href=\"https:\/\/www.radioscoop.com\/agenda\/javascript:void(0)\" onclick=\"parent.RS.diaporama.addMedia(720333) ;\" target=\"_blank\" rel=\"noopener\"><img loading=\"lazy\" decoding=\"async\" src=\"https:\/\/www.europesays.com\/fr\/wp-content\/uploads\/2025\/12\/img.png\" width=\"471\" height=\"640\" border=\"0\" title=\"gcvjhb\"\/><\/a><\/td>\n<\/tr>\n<p> <b>Rendez-vous : le 31 d\u00e9cembre, \u00e0 partir de 19h au Rocky Pop.<\/b><\/p>\n<p>Pour cl\u00f4turer 2025 en beaut\u00e9, rendez-vous le 31 d\u00e9cembre au RockyPop :<br \/>Concert live d&rsquo;Aliento + DJ Mahi Mahi<br \/>Pr\u00e9pare toi \u00e0 finir l&rsquo;ann\u00e9e sur les chapeaux de roue !<\/p>\n<p><a class=\"url\" href=\"https:\/\/www.grenoble-tourisme.com\/fr\/decouvrir\/evenements\/agenda\/detail\/new-year-party-31-12-7617354\/\" target=\"_blank\" rel=\"noopener\">En savoir plus.<\/a><\/p>\n<tr>\n<td class=\"defaut\"><a href=\"https:\/\/www.radioscoop.com\/agenda\/javascript:void(0)\" onclick=\"parent.RS.diaporama.addMedia(720334) ;\" target=\"_blank\" rel=\"noopener\"><img loading=\"lazy\" decoding=\"async\" src=\"https:\/\/www.europesays.com\/fr\/wp-content\/uploads\/2025\/12\/1766997799_26_img.png\" width=\"640\" height=\"640\" border=\"0\" title=\"bfshb\"\/><\/a><\/td>\n<\/tr>\n<p> <b>Rendez-vous : le 31 d\u00e9cembre, de 20h \u00e0 4h, au Da Vinci Club.<\/b><\/p>\n<p>Sortez vos plus belles tenues, invitez vos amis et venez vivre une nuit inoubliable \u00e0 <br \/>Da Vinci Club. Une soir\u00e9e \u00e9l\u00e9gante, festive et pleine de surprises.<br \/>Dress code : Chic &amp; Glamour<br \/>Menu sp\u00e9cial Jour de l&rsquo;An<\/p>\n<p>Habitu\u00e9 davantage aux soir\u00e9es dansantes, le Da Vinci Club se pr\u00eate parfaitement pour une soir\u00e9e de stand up avec son ambiance cosy et son identit\u00e9 marqu\u00e9e. Le Da Vinci Club sera le lieu id\u00e9al pour vous accueillir et vous faire passer une soir\u00e9e de rire sous le signe de la bonne humeur. Pour cette occasion, vous pourrez vous restaurer avec les plateaux de tapas propos\u00e9s par le chef du restaurant.<\/p>\n<p><a class=\"url\" href=\"https:\/\/www.grenoble-tourisme.com\/fr\/decouvrir\/evenements\/agenda\/detail\/new-year-party-2025-a-da-vinci-club-7293979\/\" target=\"_blank\" rel=\"noopener\">Je prends ma place !<\/a><\/p>\n<tr>\n<td class=\"defaut\"><img loading=\"lazy\" decoding=\"async\" src=\"https:\/\/www.europesays.com\/fr\/wp-content\/uploads\/2025\/12\/1766997800_350_img.png\" width=\"200\" height=\"252\" border=\"0\" title=\"vfhgbkj\"\/><\/td>\n<\/tr>\n<p> <b>Rendez-vous : du 1er au 4 janvier, \u00e0 partir de 17h, \u00e0 la Com\u00e9die de Grenoble.<\/b><\/p>\n<p>Quand Strass et paillettes se transforment en stress et raclette.<\/p>\n<p>La notori\u00e9t\u00e9 de la com\u00e9dienne Manon Cotillon, vedette du film \u00ab Les Zombies font du ski \u00bb est en chute libre suite \u00e0 la diffusion de sa sextape. Alors qu&rsquo;elle est venue participer au FIFDC, le Festival International du Film Discount de Courchevel, elle est invit\u00e9e \u00e0 une randonn\u00e9e sens\u00e9e l&rsquo;aider \u00e0 se ressourcer. Une violente temp\u00eate oblige la star de cin\u00e9ma \u00e0 se r\u00e9fugier dans le chalet de Michel, un bon vivant solitaire, qui n&rsquo;a aucune id\u00e9e de qui est cette tornade brune.<\/p>\n<p>De leur mode de vie \u00e0 leur vision du bonheur, tout semble les opposer, mais peut-on vraiment se fier aux apparences ?<br \/>Entre tentation et s\u00e9duction, difficile de ne pas succomber \u00e0 la trahison.<\/p>\n<p><a class=\"url\" href=\"https:\/\/www.grenoble-tourisme.com\/fr\/decouvrir\/evenements\/agenda\/detail\/le-chalet-de-la-tentation-6981194\/\" target=\"_blank\" rel=\"noopener\">Je prends ma place !<\/a><\/p>\n<tr>\n<td class=\"defaut\"><img loading=\"lazy\" decoding=\"async\" src=\"https:\/\/www.europesays.com\/fr\/wp-content\/uploads\/2025\/12\/1766997801_385_img.png\" width=\"189\" height=\"267\" border=\"0\" title=\"ghbujh\"\/><\/td>\n<\/tr>\n<p> <b>Rendez-vous : le 3 janvier, de 9h \u00e0 14h, au Stade de slalom Florence Masnada.<\/b><\/p>\n<p>La Coupe d&rsquo;argent troph\u00e9e Banque Populaire : slalom g\u00e9ant clubs de la r\u00e9gion AURA pour la cat\u00e9gorie U14 (moins de 14 ans).<br \/>Plus de renseignements aupr\u00e8s du ski club de Chamrousse.<\/p>\n<p><a class=\"url\" href=\"https:\/\/www.grenoble-tourisme.com\/fr\/decouvrir\/evenements\/agenda\/detail\/coupe-d-argent-trophee-banque-populaire-des-alpes-412027\/\" target=\"_blank\" rel=\"noopener\">Je prends ma place !<\/a><\/p>\n<tr>\n<td class=\"defaut\"><a href=\"https:\/\/www.radioscoop.com\/agenda\/javascript:void(0)\" onclick=\"parent.RS.diaporama.addMedia(720344) ;\" target=\"_blank\" rel=\"noopener\"><img loading=\"lazy\" decoding=\"async\" src=\"https:\/\/www.europesays.com\/fr\/wp-content\/uploads\/2025\/12\/1766997803_195_img.png\" width=\"640\" height=\"427\" border=\"0\" title=\"vfcgvjk\"\/><\/a><\/td>\n<\/tr>\n<p><\/p>\n","protected":false},"excerpt":{"rendered":"Chaque semaine, retrouvez les meilleurs bons plans de Grenoble et Chamb\u00e9ry ! Que vous soyez \u00e0 la recherche&hellip;\n","protected":false},"author":2,"featured_media":627192,"comment_status":"","ping_status":"","sticky":false,"template":"","format":"standard","meta":{"footnotes":""},"categories":[9566],"tags":[1111,11,2430,677,12362,1777,674,1011,27,2731,12,7518,25],"class_list":{"0":"post-627191","1":"post","2":"type-post","3":"status-publish","4":"format-standard","5":"has-post-thumbnail","7":"category-grenoble","8":"tag-actu","9":"tag-actualites","10":"tag-auvergne-rhone-alpes","11":"tag-bons-plans","12":"tag-chambry","13":"tag-eu","14":"tag-europe","15":"tag-fr","16":"tag-france","17":"tag-grenoble","18":"tag-news","19":"tag-octobre","20":"tag-republique-francaise"},"share_on_mastodon":{"url":"https:\/\/pubeurope.com\/@fr\/115801974957228673","error":""},"_links":{"self":[{"href":"https:\/\/www.europesays.com\/fr\/wp-json\/wp\/v2\/posts\/627191","targetHints":{"allow":["GET"]}}],"collection":[{"href":"https:\/\/www.europesays.com\/fr\/wp-json\/wp\/v2\/posts"}],"about":[{"href":"https:\/\/www.europesays.com\/fr\/wp-json\/wp\/v2\/types\/post"}],"author":[{"embeddable":true,"href":"https:\/\/www.europesays.com\/fr\/wp-json\/wp\/v2\/users\/2"}],"replies":[{"embeddable":true,"href":"https:\/\/www.europesays.com\/fr\/wp-json\/wp\/v2\/comments?post=627191"}],"version-history":[{"count":0,"href":"https:\/\/www.europesays.com\/fr\/wp-json\/wp\/v2\/posts\/627191\/revisions"}],"wp:featuredmedia":[{"embeddable":true,"href":"https:\/\/www.europesays.com\/fr\/wp-json\/wp\/v2\/media\/627192"}],"wp:attachment":[{"href":"https:\/\/www.europesays.com\/fr\/wp-json\/wp\/v2\/media?parent=627191"}],"wp:term":[{"taxonomy":"category","embeddable":true,"href":"https:\/\/www.europesays.com\/fr\/wp-json\/wp\/v2\/categories?post=627191"},{"taxonomy":"post_tag","embeddable":true,"href":"https:\/\/www.europesays.com\/fr\/wp-json\/wp\/v2\/tags?post=627191"}],"curies":[{"name":"wp","href":"https:\/\/api.w.org\/{rel}","templated":true}]}}