{"id":627193,"date":"2025-12-29T08:44:17","date_gmt":"2025-12-29T08:44:17","guid":{"rendered":"https:\/\/www.europesays.com\/fr\/627193\/"},"modified":"2025-12-29T08:44:17","modified_gmt":"2025-12-29T08:44:17","slug":"verglas-en-bretagne-circulation-difficile-au-nord-de-rennes-dans-les-cotes-darmor-et-le-finistere-sud","status":"publish","type":"post","link":"https:\/\/www.europesays.com\/fr\/627193\/","title":{"rendered":"Verglas en Bretagne\u00a0: circulation difficile au nord de Rennes, dans les C\u00f4tes-d&rsquo;Armor et le Finist\u00e8re sud"},"content":{"rendered":"<p><strong>Finist\u00e8re : circulation d\u00e9licate dans les sud du d\u00e9partement<\/strong><\/p>\n<p>[7 h] Des plaques de verglas sont possibles dans les secteurs de Quimper et Douarnenez.<\/p>\n<p><strong>C\u00f4tes-d\u2019Armor : conditions de circulation d\u00e9licates<\/strong><\/p>\n<p>[7 h] Les conditions de circulation sur le r\u00e9seau principal du D\u00e9partement sont normales. \u00ab Cependant, sur le r\u00e9seau secondaire, la pr\u00e9sence de plaques de verglas reste toujours possible \u00bb, met en garde \ufeffle Conseil d\u00e9partemental. Les routes autour de Lannion, Guingamp, Saint-Brieuc, Dinan, Loud\u00e9ac peuvent \u00eatre glissantes.<\/p>\n<p><strong>Morbihan : conditions de circulation normales<\/strong><\/p>\n<p>[7 h] Les conditions de conduite localement sont normales.<\/p>\n<p><strong>Ille-et-Vilaine : circulation compliqu\u00e9e au nord de Rennes<\/strong><\/p>\n<p>[7 h] La RD137 peut \u00eatre glissante entre Rennes et Saint-Domineuc.<\/p>\n","protected":false},"excerpt":{"rendered":"Finist\u00e8re : circulation d\u00e9licate dans les sud du d\u00e9partement [7 h] Des plaques de verglas sont possibles dans&hellip;\n","protected":false},"author":2,"featured_media":627194,"comment_status":"","ping_status":"","sticky":false,"template":"","format":"standard","meta":{"footnotes":""},"categories":[2821],"tags":[1111,11,829,3542,2171,3320,765,1777,674,3321,1011,27,4044,2170,5862,2885,2487,12,3319,584,25,4937,66452],"class_list":{"0":"post-627193","1":"post","2":"type-post","3":"status-publish","4":"format-standard","5":"has-post-thumbnail","7":"category-rennes","8":"tag-actu","9":"tag-actualites","10":"tag-bretagne","11":"tag-circulation","12":"tag-cotes-darmor","13":"tag-douarnenez","14":"tag-en-continu","15":"tag-eu","16":"tag-europe","17":"tag-finistere","18":"tag-fr","19":"tag-france","20":"tag-guingamp","21":"tag-lamballe-armor","22":"tag-lannion","23":"tag-loudeac","24":"tag-meteo","25":"tag-news","26":"tag-quimper","27":"tag-rennes","28":"tag-republique-francaise","29":"tag-saint-brieuc","30":"tag-verglas-en-bretagne"},"share_on_mastodon":{"url":"https:\/\/pubeurope.com\/@fr\/115801978699671255","error":""},"_links":{"self":[{"href":"https:\/\/www.europesays.com\/fr\/wp-json\/wp\/v2\/posts\/627193","targetHints":{"allow":["GET"]}}],"collection":[{"href":"https:\/\/www.europesays.com\/fr\/wp-json\/wp\/v2\/posts"}],"about":[{"href":"https:\/\/www.europesays.com\/fr\/wp-json\/wp\/v2\/types\/post"}],"author":[{"embeddable":true,"href":"https:\/\/www.europesays.com\/fr\/wp-json\/wp\/v2\/users\/2"}],"replies":[{"embeddable":true,"href":"https:\/\/www.europesays.com\/fr\/wp-json\/wp\/v2\/comments?post=627193"}],"version-history":[{"count":0,"href":"https:\/\/www.europesays.com\/fr\/wp-json\/wp\/v2\/posts\/627193\/revisions"}],"wp:featuredmedia":[{"embeddable":true,"href":"https:\/\/www.europesays.com\/fr\/wp-json\/wp\/v2\/media\/627194"}],"wp:attachment":[{"href":"https:\/\/www.europesays.com\/fr\/wp-json\/wp\/v2\/media?parent=627193"}],"wp:term":[{"taxonomy":"category","embeddable":true,"href":"https:\/\/www.europesays.com\/fr\/wp-json\/wp\/v2\/categories?post=627193"},{"taxonomy":"post_tag","embeddable":true,"href":"https:\/\/www.europesays.com\/fr\/wp-json\/wp\/v2\/tags?post=627193"}],"curies":[{"name":"wp","href":"https:\/\/api.w.org\/{rel}","templated":true}]}}