{"id":627195,"date":"2025-12-29T08:45:15","date_gmt":"2025-12-29T08:45:15","guid":{"rendered":"https:\/\/www.europesays.com\/fr\/627195\/"},"modified":"2025-12-29T08:45:15","modified_gmt":"2025-12-29T08:45:15","slug":"on-est-contents-de-la-voir-arriver-et-de-la-voir-repartir-la-fete-foraine-de-rennes-ne-fait-pas-que-des-heureux","status":"publish","type":"post","link":"https:\/\/www.europesays.com\/fr\/627195\/","title":{"rendered":"\u00ab\u00a0On est contents de la voir arriver et de la voir repartir\u00a0\u00bb : la f\u00eate foraine de Rennes ne fait pas que des heureux"},"content":{"rendered":"<p>C&rsquo;est une tradition tr\u00e8s attendue pour les f\u00eates de fin d&rsquo;ann\u00e9e \u00e0 Rennes. La Foire d&rsquo;Hiver se tient depuis le 6 d\u00e9cembre et attire beaucoup de monde. L&rsquo;\u00e9v\u00e9nement profite au commerce, mais il provoque aussi des nuisances importantes pour le voisinage.<\/p>\n<p>La f\u00eate foraine entame sa derni\u00e8re semaine, ce lundi 29 d\u00e9cembre 2025, sur l&rsquo;Esplanade Charles de Gaulle, \u00e0 Rennes. <strong>Elle se terminera le\u00a0dimanche 4 janvier 2026<\/strong>\u00a0apr\u00e8s un mois d&rsquo;animation. Le public profite de\u00a0ses attractions spectaculaires, mais le voisinage ne cache pas <strong>les nuisances<\/strong> que cet \u00e9v\u00e9nement implique. <strong>Quatre longues semaines<\/strong>\u00a0<strong>pour certains.<\/strong><\/p>\n<p>\u00ab\u00a0Un mois, c&rsquo;est long\u00a0\u00bb, s&rsquo;exclame Ga\u00ebl. Il travaille dans le cin\u00e9ma juste \u00e0 c\u00f4t\u00e9. \u00ab\u00a0On subit <strong>le bruit, les cris<\/strong> et puis m\u00eame <strong>la lumi\u00e8re<\/strong>. Mine de rien, on n&rsquo;y pense pas forc\u00e9ment. Mais tous <strong>les petits lasers, les projecteurs<\/strong> qui \u00e9clairent tout le temps, sans arr\u00eat, \u00e7a fait partie aussi de la fatigue qu&rsquo;on \u00e9prouve. On peut parler de <strong>pollution visuelle<\/strong>.\u00a0\u00bb<\/p>\n<p>Son coll\u00e8gue Guillaume a m\u00eame d\u00e9couvert quelque chose. \u00ab\u00a0<strong>Ils demandent aux gens de crier<\/strong> pour avoir des tickets gratuits, sourit-il. Il y a un ticket gratuit \u00e0 celui qui fait le plus de bruit.\u00a0\u00bb<\/p>\n<p> <img decoding=\"async\" src=\"https:\/\/www.europesays.com\/fr\/wp-content\/uploads\/2025\/12\/1280.jpeg\" alt=\"illustration agrandir l'image\" style=\"--_image-preview:url('data:image\/jpeg;base64,\/9j\/2wBDACgcHiMeGSgjISMtKygwPGRBPDc3PHtYXUlkkYCZlo+AjIqgtObDoKrarYqMyP\/L2u71\/\/\/\/m8H\/\/\/\/6\/+b9\/\/j\/2wBDASstLTw1PHZBQXb4pYyl+Pj4+Pj4+Pj4+Pj4+Pj4+Pj4+Pj4+Pj4+Pj4+Pj4+Pj4+Pj4+Pj4+Pj4+Pj4+Pj4+Pj\/wAARCAAfACoDASIAAhEBAxEB\/8QAFwABAQEBAAAAAAAAAAAAAAAAAAMBAv\/EABgQAQEBAQEAAAAAAAAAAAAAAAASAREC\/8QAFwEBAQEBAAAAAAAAAAAAAAAAAQMCAP\/EABcRAQEBAQAAAAAAAAAAAAAAAAARARL\/2gAMAwEAAhEDEQA\/AK7rjTfTndUqcNYdOtZogDTWY4plJ0ykKtFaKSptGuitFJUUehy\/\/9k=');\" loading=\"lazy\" fetchpriority=\"low\" class=\"svelte-1cksh76 rounded\" onload=\"this.__e=event\" onerror=\"this.__e=event\"\/> Ce man\u00e8ge provoque les cris des jeunes rennais qui viennent jouer \u00e0 se faire peur. \u00a9 Radio France &#8211; Jean-Michel Nagat  <\/p>\n<p>\u00ab\u00a0Comme on dit, on est contents de voir arriver la f\u00eate foraine, et on est contents de la voir repartir, parce qu&rsquo;on sait qu&rsquo;<strong>on va dormir un petit peu plus<\/strong>\u00ab\u00a0, ironise Valentin, salari\u00e9 du restaurant voisin.\u00a0C&rsquo;est <strong>le plus gros mois de l&rsquo;ann\u00e9e<\/strong> dans cet \u00e9tablissement. \u00ab\u00a0Oui, c&rsquo;est le c\u00f4t\u00e9 positif, reconna\u00eet-il. Le c\u00f4t\u00e9 n\u00e9gatif, c&rsquo;est qu&rsquo;il y a <strong>beaucoup de jeunes<\/strong>, donc c&rsquo;est un peu plus dur \u00e0 g\u00e9rer, c&rsquo;est plus bruyant, plus d\u00e9sordonn\u00e9, on a plus de m\u00e9nage, mais on a l&rsquo;habitude.\u00a0\u00bb<\/p>\n<p>Des projecteurs qui emp\u00eachent de dormir<\/p>\n<p>Brigitte, elle ne s&rsquo;y fait pas. Elle habite un grand immeuble voisin et elle a vue sur la foire. \u00ab\u00a0Il y a <strong>des projecteurs<\/strong> qu&rsquo;il n&rsquo;y avait pas les autres ann\u00e9es et qui viennent en plein sur l&rsquo;appartement, dit-elle. Je suis <strong>oblig\u00e9e de mettre un masque pour dormir<\/strong>. Et puis il y a du bruit\u00a0!\u00a0\u00bb<\/p>\n<p>Camille, elle, \u00e9coute attentivement les cris depuis sa chambre. \u00ab\u00a0C&rsquo;est sympa, moi, j&rsquo;aime bien, <strong>je donne une note \u00e0 chaque cri<\/strong>, s&rsquo;amuse-t-elle. Mais c&rsquo;\u00e9tait mieux, quand il y avait la grande tour de King Kong. L\u00e0, \u00e7a baisse un peu le niveau.\u00a0\u00bb<\/p>\n","protected":false},"excerpt":{"rendered":"C&rsquo;est une tradition tr\u00e8s attendue pour les f\u00eates de fin d&rsquo;ann\u00e9e \u00e0 Rennes. La Foire d&rsquo;Hiver se tient&hellip;\n","protected":false},"author":2,"featured_media":627196,"comment_status":"","ping_status":"","sticky":false,"template":"","format":"standard","meta":{"footnotes":""},"categories":[2821],"tags":[1111,11,829,1777,674,1011,27,12,584,25],"class_list":{"0":"post-627195","1":"post","2":"type-post","3":"status-publish","4":"format-standard","5":"has-post-thumbnail","7":"category-rennes","8":"tag-actu","9":"tag-actualites","10":"tag-bretagne","11":"tag-eu","12":"tag-europe","13":"tag-fr","14":"tag-france","15":"tag-news","16":"tag-rennes","17":"tag-republique-francaise"},"share_on_mastodon":{"url":"https:\/\/pubeurope.com\/@fr\/115801983284332261","error":""},"_links":{"self":[{"href":"https:\/\/www.europesays.com\/fr\/wp-json\/wp\/v2\/posts\/627195","targetHints":{"allow":["GET"]}}],"collection":[{"href":"https:\/\/www.europesays.com\/fr\/wp-json\/wp\/v2\/posts"}],"about":[{"href":"https:\/\/www.europesays.com\/fr\/wp-json\/wp\/v2\/types\/post"}],"author":[{"embeddable":true,"href":"https:\/\/www.europesays.com\/fr\/wp-json\/wp\/v2\/users\/2"}],"replies":[{"embeddable":true,"href":"https:\/\/www.europesays.com\/fr\/wp-json\/wp\/v2\/comments?post=627195"}],"version-history":[{"count":0,"href":"https:\/\/www.europesays.com\/fr\/wp-json\/wp\/v2\/posts\/627195\/revisions"}],"wp:featuredmedia":[{"embeddable":true,"href":"https:\/\/www.europesays.com\/fr\/wp-json\/wp\/v2\/media\/627196"}],"wp:attachment":[{"href":"https:\/\/www.europesays.com\/fr\/wp-json\/wp\/v2\/media?parent=627195"}],"wp:term":[{"taxonomy":"category","embeddable":true,"href":"https:\/\/www.europesays.com\/fr\/wp-json\/wp\/v2\/categories?post=627195"},{"taxonomy":"post_tag","embeddable":true,"href":"https:\/\/www.europesays.com\/fr\/wp-json\/wp\/v2\/tags?post=627195"}],"curies":[{"name":"wp","href":"https:\/\/api.w.org\/{rel}","templated":true}]}}