{"id":627199,"date":"2025-12-29T08:47:14","date_gmt":"2025-12-29T08:47:14","guid":{"rendered":"https:\/\/www.europesays.com\/fr\/627199\/"},"modified":"2025-12-29T08:47:14","modified_gmt":"2025-12-29T08:47:14","slug":"strasbourg-la-comedie-musicale-la-haine-arrive-au-zenith-le-9-janvier","status":"publish","type":"post","link":"https:\/\/www.europesays.com\/fr\/627199\/","title":{"rendered":"Strasbourg. La com\u00e9die musicale \u201cLa Haine\u201d arrive au Z\u00e9nith le 9\u00a0janvier"},"content":{"rendered":"<p>Jusqu\u2019ici rien n\u2019a chang\u00e9. Trente ans apr\u00e8s le film culte, La Haine<a href=\"https:\/\/www.lahaine-live.com\/\" target=\"_blank\" rel=\"noopener\">,<\/a> le constat demeure\u2026 D\u00e9sesp\u00e9rant en ce qui concerne les bavures polici\u00e8res. Reste que le spectacle qu\u2019a r\u00e9alis\u00e9 le com\u00e9dien et metteur en sc\u00e8ne Mathieu Kassovitz \u00e0 partir de son film frappe fort.<\/p>\n<p>  L\u2019\u00e9nergie de la jeunesse, du rap<\/p>\n<p>Constitu\u00e9 d\u2019\u00e9crans g\u00e9ants synchronis\u00e9s avec ce qui se passe sur sc\u00e8ne, le d\u00e9cor change autour des personnages. Et les accompagne en utilisant les techniques du jeu vid\u00e9o et du cin\u00e9ma. Le spectacle comme le film fonctionne sur les dialogues, des punchlines qui ont marqu\u00e9 les gens.<\/p>\n<p>Sur la sc\u00e8ne du Z\u00e9nith \u00e0 Strasbourg, le spectateur sera projet\u00e9 dans des s\u00e9quences de rap, danse, th\u00e9\u00e2tre et cin\u00e9ma. Ce qui renouvelle radicalement le genre de la com\u00e9die musicale. \u00c0 l\u2019origine, c\u2019est le DJ Cut Killer, directeur musical, qui a r\u00e9uni des artistes de rap et R\u2019n\u2019B pour \u00e9crire les morceaux. L\u2019id\u00e9e \u00e9tant que musicalement, le spectacle \u00e0 l\u2019image de Hair et de Starmania, reste militant.<\/p>\n<p>\u00c0 l\u2019instar du film iconique avec Vincent Cassel, Sa\u00efd Taghmaoui et Hubert Kound\u00e9, le spectacle r\u00e9v\u00e8le un trio de jeunes acteurs plus que prometteurs.<\/p>\n<p>Tous les trois ont \u00e9t\u00e9 choisis au terme d\u2019un long casting, au cours duquel les profils de 3\u00a0000 candidats ont \u00e9t\u00e9 \u00e9tudi\u00e9s. Au final, Alexander Ferrario, acteur et com\u00e9dien franco-argentin, interpr\u00e8te Vinz, Samy Belkessa joue Sa\u00efd et Alivor, Hubert. Ce dernier bien connu des amateurs de rap, a une pr\u00e9sence et une \u00e9nergie sur sc\u00e8ne particuli\u00e8rement efficaces. \u200d<\/p>\n<p class=\"note\">Z\u00e9nith de Strasbourg, vendredi 9\u00a0janvier \u00e0 20\u00a0h\u00a030. Dur\u00e9e\u00a0: 2 heures avec entracte. Tarifs\u00a0: de 65 \u00e0 85\u00a0\u20ac. Site\u00a0: <a href=\"https:\/\/www.zenith-strasbourg.fr\/\" target=\"_blank\" rel=\"noopener\">www.zenith-strasbourg.fr<\/a><\/p>\n","protected":false},"excerpt":{"rendered":"Jusqu\u2019ici rien n\u2019a chang\u00e9. Trente ans apr\u00e8s le film culte, La Haine, le constat demeure\u2026 D\u00e9sesp\u00e9rant en ce&hellip;\n","protected":false},"author":2,"featured_media":627200,"comment_status":"","ping_status":"","sticky":false,"template":"","format":"standard","meta":{"footnotes":""},"categories":[2820],"tags":[1111,11,2389,1687,2880,1777,674,107,1011,27,775,873,12,25,3140,640,2879],"class_list":{"0":"post-627199","1":"post","2":"type-post","3":"status-publish","4":"format-standard","5":"has-post-thumbnail","7":"category-strasbourg","8":"tag-actu","9":"tag-actualites","10":"tag-alsace","11":"tag-culture-loisirs","12":"tag-edition-strasbourg","13":"tag-eu","14":"tag-europe","15":"tag-fil-info","16":"tag-fr","17":"tag-france","18":"tag-grand-est","19":"tag-musique","20":"tag-news","21":"tag-republique-francaise","22":"tag-spectacle","23":"tag-strasbourg","24":"tag-strasbourg-ville"},"share_on_mastodon":{"url":"https:\/\/pubeurope.com\/@fr\/115801990462177684","error":""},"_links":{"self":[{"href":"https:\/\/www.europesays.com\/fr\/wp-json\/wp\/v2\/posts\/627199","targetHints":{"allow":["GET"]}}],"collection":[{"href":"https:\/\/www.europesays.com\/fr\/wp-json\/wp\/v2\/posts"}],"about":[{"href":"https:\/\/www.europesays.com\/fr\/wp-json\/wp\/v2\/types\/post"}],"author":[{"embeddable":true,"href":"https:\/\/www.europesays.com\/fr\/wp-json\/wp\/v2\/users\/2"}],"replies":[{"embeddable":true,"href":"https:\/\/www.europesays.com\/fr\/wp-json\/wp\/v2\/comments?post=627199"}],"version-history":[{"count":0,"href":"https:\/\/www.europesays.com\/fr\/wp-json\/wp\/v2\/posts\/627199\/revisions"}],"wp:featuredmedia":[{"embeddable":true,"href":"https:\/\/www.europesays.com\/fr\/wp-json\/wp\/v2\/media\/627200"}],"wp:attachment":[{"href":"https:\/\/www.europesays.com\/fr\/wp-json\/wp\/v2\/media?parent=627199"}],"wp:term":[{"taxonomy":"category","embeddable":true,"href":"https:\/\/www.europesays.com\/fr\/wp-json\/wp\/v2\/categories?post=627199"},{"taxonomy":"post_tag","embeddable":true,"href":"https:\/\/www.europesays.com\/fr\/wp-json\/wp\/v2\/tags?post=627199"}],"curies":[{"name":"wp","href":"https:\/\/api.w.org\/{rel}","templated":true}]}}