{"id":627203,"date":"2025-12-29T08:49:10","date_gmt":"2025-12-29T08:49:10","guid":{"rendered":"https:\/\/www.europesays.com\/fr\/627203\/"},"modified":"2025-12-29T08:49:10","modified_gmt":"2025-12-29T08:49:10","slug":"nice-previsions-meteo-du-lundi-29-decembre-2025","status":"publish","type":"post","link":"https:\/\/www.europesays.com\/fr\/627203\/","title":{"rendered":"Nice : pr\u00e9visions m\u00e9t\u00e9o du lundi 29 d\u00e9cembre 2025"},"content":{"rendered":"<p>\u00c0 Nice, ce lundi 29 d\u00e9cembre 2025, le ciel reste d\u00e9gag\u00e9 tout au long de la journ\u00e9e avec des temp\u00e9ratures douces oscillant entre 6 et 13 degr\u00e9s. Le vent est mod\u00e9r\u00e9 et aucun risque de pluie n\u2019est \u00e0 pr\u00e9voir.<\/p>\n<p>    Matin \u00e0 Nice : doux soleil d\u2019hiver<\/p>\n<p>Le jour se l\u00e8ve \u00e0 08 h 04 sur la Baie des Anges. \u00c0 09 h, le ciel est parfaitement d\u00e9gag\u00e9, offrant une belle luminosit\u00e9 aux promeneurs du bord de mer.<\/p>\n<p>Le thermom\u00e8tre indique <b>6 \u00b0C<\/b>, avec un ressenti de <b>3 \u00b0C<\/b> sous l\u2019effet d\u2019une l\u00e9g\u00e8re brise du Nord soufflant \u00e0 11 km\/h. L\u2019humidit\u00e9 se maintient \u00e0 53 %. Aucun risque de pluie n\u2019est \u00e0 pr\u00e9voir.<\/p>\n<p>Mieux vaut privil\u00e9gier une couche isolante pour courir sur la Promenade des Anglais, sans oublier les lunettes de soleil : l\u2019astre brille sans entrave et l\u2019indice UV hivernal peut surprendre.<\/p>\n<p>Apr\u00e8s-midi : douceur et ciel bleu persistant<\/p>\n<p>Vers 15 h, le thermom\u00e8tre grimpe \u00e0 <b>12 \u00b0C<\/b>, avec un ressenti de <b>10 \u00b0C<\/b>. Le ciel reste d\u2019un bleu azur, id\u00e9al pour profiter des terrasses du Vieux-Nice ou pour une escapade au ch\u00e2teau.<\/p>\n<p>Le vent tourne au Sud-Ouest tout en restant mod\u00e9r\u00e9 \u00e0 8 km\/h. L\u2019humidit\u00e9 augmente (68 %) sans pour autant former de nuages. La pression s\u2019\u00e9tablit \u00e0 1 018 hPa, signe d\u2019une atmosph\u00e8re stable.<\/p>\n<ul>\n<li>Ensoleillement continu.<\/li>\n<li>Risque de pluie : 0 %.<\/li>\n<li>Visibilit\u00e9 excellente pour les d\u00e9placements a\u00e9riens et maritimes.<\/li>\n<\/ul>\n<p>La douceur ambiante rend la pause m\u00e9ridienne tr\u00e8s agr\u00e9able, mais il est conseill\u00e9 de garder une veste l\u00e9g\u00e8re \u00e0 port\u00e9e de main pour les zones d\u2019ombre.<\/p>\n<p>Soir\u00e9e limpide : fra\u00eecheur rapide apr\u00e8s le coucher<\/p>\n<p>Le soleil s\u2019efface derri\u00e8re l\u2019horizon \u00e0 17 h 01. D\u00e8s 21 h, on rel\u00e8ve <b>7 \u00b0C<\/b>, ressenti <b>4 \u00b0C<\/b>, sous un ciel toujours parfaitement d\u00e9gag\u00e9.<\/p>\n<p>L\u2019humidit\u00e9 grimpe \u00e0 81 %, tandis que la brise repasse au Nord \u00e0 9 km\/h. Aucune pr\u00e9cipitation n\u2019est attendue : la soir\u00e9e sera id\u00e9ale pour profiter des illuminations de fin d\u2019ann\u00e9e.<\/p>\n<p>Pour un repas en terrasse chauff\u00e9e, pr\u00e9voyez un manteau et couvrez bien les enfants, la fra\u00eecheur devient sensible d\u00e8s la disparition du soleil.<\/p>\n<p>Bilan chiffr\u00e9 de la journ\u00e9e<\/p>\n<tr>Param\u00e8treValeur<\/tr>\n<tr>\n<td>Temp\u00e9rature maximale<\/td>\n<td><b>13 \u00b0C<\/b><\/td>\n<\/tr>\n<tr>\n<td>Temp\u00e9rature minimale<\/td>\n<td><b>6 \u00b0C<\/b><\/td>\n<\/tr>\n<tr>\n<td>Ressenti extr\u00eames<\/td>\n<td>de <b>2 \u00b0C<\/b> \u00e0 <b>10 \u00b0C<\/b><\/td>\n<\/tr>\n<tr>\n<td>Humidit\u00e9 moyenne<\/td>\n<td>64 %<\/td>\n<\/tr>\n<tr>\n<td>Pression moyenne<\/td>\n<td>993 hPa<\/td>\n<\/tr>\n<tr>\n<td>Vent dominant<\/td>\n<td>Nord-Nord-Ouest, 11 km\/h<\/td>\n<\/tr>\n<p>Tendance pour le mardi 30 d\u00e9cembre 2025<\/p>\n<p>Le sc\u00e9nario se confirme : ciel variable et temp\u00e9ratures proches des normales.<\/p>\n<ul>\n<li><b>Minimale : 5 \u00b0C<\/b> au lever.<\/li>\n<li><b>Maximale : 12 \u00b0C<\/b> l\u2019apr\u00e8s-midi.<\/li>\n<li>Vent Nord-Nord-Est, 12 km\/h.<\/li>\n<li>Risque de pluie toujours nul.<\/li>\n<li>Pression pr\u00e9vue : 987 hPa, en l\u00e9g\u00e8re baisse.<\/li>\n<\/ul>\n<p>Les conditions resteront s\u00e8ches, mais le voile nuageux attendu pourra att\u00e9nuer l\u2019ensoleillement. Aucune alerte particuli\u00e8re n\u2019est envisag\u00e9e.<\/p>\n<p>Pour suivre l\u2019\u00e9volution heure par heure et pr\u00e9parer vos activit\u00e9s, consultez <a href=\"https:\/\/www.meteocity.com\/france\/nice-v2990440\" target=\"_blank\" rel=\"noopener\">notre bulletin complet<\/a>.<\/p>\n","protected":false},"excerpt":{"rendered":"\u00c0 Nice, ce lundi 29 d\u00e9cembre 2025, le ciel reste d\u00e9gag\u00e9 tout au long de la journ\u00e9e avec&hellip;\n","protected":false},"author":2,"featured_media":627204,"comment_status":"","ping_status":"","sticky":false,"template":"","format":"standard","meta":{"footnotes":""},"categories":[2819],"tags":[1111,11,1777,674,1011,27,12,2401,882,25],"class_list":{"0":"post-627203","1":"post","2":"type-post","3":"status-publish","4":"format-standard","5":"has-post-thumbnail","7":"category-nice","8":"tag-actu","9":"tag-actualites","10":"tag-eu","11":"tag-europe","12":"tag-fr","13":"tag-france","14":"tag-news","15":"tag-nice","16":"tag-provence-alpes-cote-dazur","17":"tag-republique-francaise"},"share_on_mastodon":{"url":"https:\/\/pubeurope.com\/@fr\/115801998303111732","error":""},"_links":{"self":[{"href":"https:\/\/www.europesays.com\/fr\/wp-json\/wp\/v2\/posts\/627203","targetHints":{"allow":["GET"]}}],"collection":[{"href":"https:\/\/www.europesays.com\/fr\/wp-json\/wp\/v2\/posts"}],"about":[{"href":"https:\/\/www.europesays.com\/fr\/wp-json\/wp\/v2\/types\/post"}],"author":[{"embeddable":true,"href":"https:\/\/www.europesays.com\/fr\/wp-json\/wp\/v2\/users\/2"}],"replies":[{"embeddable":true,"href":"https:\/\/www.europesays.com\/fr\/wp-json\/wp\/v2\/comments?post=627203"}],"version-history":[{"count":0,"href":"https:\/\/www.europesays.com\/fr\/wp-json\/wp\/v2\/posts\/627203\/revisions"}],"wp:featuredmedia":[{"embeddable":true,"href":"https:\/\/www.europesays.com\/fr\/wp-json\/wp\/v2\/media\/627204"}],"wp:attachment":[{"href":"https:\/\/www.europesays.com\/fr\/wp-json\/wp\/v2\/media?parent=627203"}],"wp:term":[{"taxonomy":"category","embeddable":true,"href":"https:\/\/www.europesays.com\/fr\/wp-json\/wp\/v2\/categories?post=627203"},{"taxonomy":"post_tag","embeddable":true,"href":"https:\/\/www.europesays.com\/fr\/wp-json\/wp\/v2\/tags?post=627203"}],"curies":[{"name":"wp","href":"https:\/\/api.w.org\/{rel}","templated":true}]}}