{"id":627205,"date":"2025-12-29T08:50:21","date_gmt":"2025-12-29T08:50:21","guid":{"rendered":"https:\/\/www.europesays.com\/fr\/627205\/"},"modified":"2025-12-29T08:50:21","modified_gmt":"2025-12-29T08:50:21","slug":"le-ramassage-des-dechets-decale-des-dechetteries-fermees","status":"publish","type":"post","link":"https:\/\/www.europesays.com\/fr\/627205\/","title":{"rendered":"le ramassage des d\u00e9chets d\u00e9cal\u00e9, des d\u00e9chetteries ferm\u00e9es"},"content":{"rendered":"<p>                    Par<br \/>\n        <strong><br \/>\n            <a href=\"https:\/\/actu.fr\/auteur\/redaction-nantes\" title=\"Consulter tous les articles de R\u00e9daction Nantes\" target=\"_blank\" rel=\"noopener\">R\u00e9daction Nantes<\/a><br \/>\n                    <\/strong><\/p>\n<p>        Publi\u00e9 le<\/p>\n<p>            29 d\u00e9c. 2025 \u00e0 6h46        <\/p>\n<p>En raison du caract\u00e8re f\u00e9ri\u00e9 du jeudi 1er\u00a0janvier 2026, Jour de l\u2019an, le calendrier <b>du ramassage des d\u00e9chets dans la m\u00e9tropole nantaise est modifi\u00e9<\/b>. La collecte des d\u00e9chets ne sera pas assur\u00e9e<b> le 1\u1d49\u02b3 janvier\u00a02026 tandis que les \u00e9copoints et d\u00e9chetteries seront ferm\u00e9s<\/b>.<\/p>\n<p>J +\u00a01<\/p>\n<p class=\" wall-content\">Outre le 1\u1d49\u02b3 janvier, les centres de traitement de tri des d\u00e9chets fermeront plus t\u00f4t le 31\u00a0d\u00e9cembre 2025. Les d\u00e9chetteries fermeront \u00e0 <b>16\u2009h\u200945 au lieu de 17\u2009h\u200945<\/b>, les \u00e9copoints fermeront \u00e0 <b>16\u2009h\u200915 au lieu de 17\u2009h\u200915<\/b>.<\/p>\n<p class=\" wall-content\">Concernant le ramassage des d\u00e9chets apr\u00e8s No\u00ebl, le principe \u00e0 <b>J +\u00a01 s\u2019applique<\/b>. Deux collectes sont impact\u00e9es\u2009:<\/p>\n<ul class=\" wall-content\">\n<li>\n<p data-prosemirror-node-name=\"paragraph\"><b>le vendredi 2\u00a0janvier <\/b>pour les personnes<b> collect\u00e9es habituellement le jeudi<\/b>\u2009;<\/p>\n<\/li>\n<li>\n<p data-prosemirror-node-name=\"paragraph\"><b>le samedi 3\u00a0janvier<\/b> pour les personnes <b>collect\u00e9es habituellement le vendredi<\/b>.<\/p>\n<\/li>\n<\/ul>\n<p class=\" wall-content\">Personnalisez votre actualit\u00e9 en ajoutant vos villes et m\u00e9dias en favori avec <a href=\"https:\/\/moncompte.actu.fr\" title=\"D\u00e9couvez Mon Actu\" rel=\"nofollow noopener\" data-trk=\"{&quot;cta&quot;:{&quot;action&quot;:&quot;https:\\\/\\\/moncompte.actu.fr&quot;,&quot;category&quot;:&quot;mon compte&quot;,&quot;from&quot;:&quot;article footer&quot;,&quot;name&quot;:&quot;Mon actu&quot;,&quot;type&quot;:&quot;cta&quot;}}\" target=\"_blank\">Mon Actu<\/a>.<\/p>\n","protected":false},"excerpt":{"rendered":"Par R\u00e9daction Nantes Publi\u00e9 le 29 d\u00e9c. 2025 \u00e0 6h46 En raison du caract\u00e8re f\u00e9ri\u00e9 du jeudi 1er\u00a0janvier&hellip;\n","protected":false},"author":2,"featured_media":627206,"comment_status":"","ping_status":"","sticky":false,"template":"","format":"standard","meta":{"footnotes":""},"categories":[2818],"tags":[1111,11,3008,1777,674,1011,27,766,12,2636,25,104],"class_list":{"0":"post-627205","1":"post","2":"type-post","3":"status-publish","4":"format-standard","5":"has-post-thumbnail","7":"category-nantes","8":"tag-actu","9":"tag-actualites","10":"tag-dechets","11":"tag-eu","12":"tag-europe","13":"tag-fr","14":"tag-france","15":"tag-nantes","16":"tag-news","17":"tag-pays-de-la-loire","18":"tag-republique-francaise","19":"tag-societe"},"share_on_mastodon":{"url":"https:\/\/pubeurope.com\/@fr\/115802002244966865","error":""},"_links":{"self":[{"href":"https:\/\/www.europesays.com\/fr\/wp-json\/wp\/v2\/posts\/627205","targetHints":{"allow":["GET"]}}],"collection":[{"href":"https:\/\/www.europesays.com\/fr\/wp-json\/wp\/v2\/posts"}],"about":[{"href":"https:\/\/www.europesays.com\/fr\/wp-json\/wp\/v2\/types\/post"}],"author":[{"embeddable":true,"href":"https:\/\/www.europesays.com\/fr\/wp-json\/wp\/v2\/users\/2"}],"replies":[{"embeddable":true,"href":"https:\/\/www.europesays.com\/fr\/wp-json\/wp\/v2\/comments?post=627205"}],"version-history":[{"count":0,"href":"https:\/\/www.europesays.com\/fr\/wp-json\/wp\/v2\/posts\/627205\/revisions"}],"wp:featuredmedia":[{"embeddable":true,"href":"https:\/\/www.europesays.com\/fr\/wp-json\/wp\/v2\/media\/627206"}],"wp:attachment":[{"href":"https:\/\/www.europesays.com\/fr\/wp-json\/wp\/v2\/media?parent=627205"}],"wp:term":[{"taxonomy":"category","embeddable":true,"href":"https:\/\/www.europesays.com\/fr\/wp-json\/wp\/v2\/categories?post=627205"},{"taxonomy":"post_tag","embeddable":true,"href":"https:\/\/www.europesays.com\/fr\/wp-json\/wp\/v2\/tags?post=627205"}],"curies":[{"name":"wp","href":"https:\/\/api.w.org\/{rel}","templated":true}]}}