{"id":627207,"date":"2025-12-29T08:51:12","date_gmt":"2025-12-29T08:51:12","guid":{"rendered":"https:\/\/www.europesays.com\/fr\/627207\/"},"modified":"2025-12-29T08:51:12","modified_gmt":"2025-12-29T08:51:12","slug":"fc-nantes-mercato-info-but-les-kita-avancent-sur-3-dossiers-et-un-coup-retentissant-pour-la-ligue-1","status":"publish","type":"post","link":"https:\/\/www.europesays.com\/fr\/627207\/","title":{"rendered":"FC Nantes Mercato INFO BUT! : Les Kita Avancent Sur 3 Dossiers Et Un Coup Retentissant Pour La Ligue 1"},"content":{"rendered":"<p><strong>Le FC Nantes a clairement identifi\u00e9 sa priorit\u00e9 offensive pour le mercato hivernal : Zakaria Aboukhlal (Torino, 25 ans). Et ce n\u2019est pas tout pour janvier.\u00a0<\/strong><\/p>\n<p>Le<a href=\"https:\/\/www.butfootballclub.fr\/1637389-fc-nantes-scenario-improbable-a-la-can-un-canari-a-fait-grosse-impression\/\" target=\"_blank\" rel=\"noopener\"> FC Nantes<\/a> a bien l\u2019intention de faire feu de tout bois au mercato hivernal. Selon nos informations, Zakaria Aboukhlal est l\u2019attaquant recherch\u00e9 par les Kita pour renforcer la ligne offensive des Canaris le mois prochain. Le Marocain, qui ne joue quasiment pas au Torino cette saison (9 matches disput\u00e9s, aucune statistique notable), serait int\u00e9ress\u00e9 par un retour en Ligue 1.\u00a0<\/p>\n<p>Aboukhlal int\u00e9ress\u00e9 par le FC Nantes\u00a0<\/p>\n<p>Une opportunit\u00e9 que les dirigeants nantais ne veulent pas laisser passer. Aboukhlal conna\u00eet d\u00e9j\u00e0 tr\u00e8s bien le championnat fran\u00e7ais pour y avoir brill\u00e9 \u00e0 Toulouse avant son transfert \u00e0 Turin l\u2019\u00e9t\u00e9 dernier, contre 8 millions d\u2019euros. Toujours selon nos informations, le <a href=\"https:\/\/www.butfootballclub.fr\/1637301-fc-nantes-mercato-issa-diop-fulham-trop-cher-pour-les-canaris\/\" target=\"_blank\" rel=\"noopener\">FC Nantes<\/a> souhaite concr\u00e9tiser son retour en Ligue 1 sous la forme d\u2019un pr\u00eat avec option d\u2019achat fix\u00e9e \u00e0 6 millions d\u2019euros.\u00a0<\/p>\n<p>\u00c7a discute aussi pour un milieu de Ligue 1\u00a0<\/p>\n<p>Les discussions sont d\u00e9j\u00e0 tr\u00e8s actives et s\u2019annoncent \u00e2pres, mais le club est d\u00e9termin\u00e9 \u00e0 finaliser l\u2019op\u00e9ration. Waldemar Kita n\u2019en reste pas l\u00e0 : le dossier Aboukhlal s\u2019inscrit dans un mercato hivernal plus large, avec au moins trois autres renforts vis\u00e9s pour renforcer l\u2019effectif. Les discussions sont en cours avec au moins un milieu de terrain prometteur de Ligue 1. La direction du <a href=\"https:\/\/www.butfootballclub.fr\/1637220-fc-nantes-mercato-info-but-les-kita-ont-tente-un-gros-coup-a-logc-nice\/\" target=\"_blank\" rel=\"noopener\">FC Nantes<\/a> n\u2019a pas l\u2019intention de tergiverser pour redresser la courbe des r\u00e9sultats cet hiver.<\/p>\n<p>Bastien AUBERT<\/p>\n","protected":false},"excerpt":{"rendered":"Le FC Nantes a clairement identifi\u00e9 sa priorit\u00e9 offensive pour le mercato hivernal : Zakaria Aboukhlal (Torino, 25&hellip;\n","protected":false},"author":2,"featured_media":627208,"comment_status":"","ping_status":"","sticky":false,"template":"","format":"standard","meta":{"footnotes":""},"categories":[2818],"tags":[1111,11,1777,674,1011,27,766,12,2636,25],"class_list":{"0":"post-627207","1":"post","2":"type-post","3":"status-publish","4":"format-standard","5":"has-post-thumbnail","7":"category-nantes","8":"tag-actu","9":"tag-actualites","10":"tag-eu","11":"tag-europe","12":"tag-fr","13":"tag-france","14":"tag-nantes","15":"tag-news","16":"tag-pays-de-la-loire","17":"tag-republique-francaise"},"share_on_mastodon":{"url":"https:\/\/pubeurope.com\/@fr\/115802006515342583","error":""},"_links":{"self":[{"href":"https:\/\/www.europesays.com\/fr\/wp-json\/wp\/v2\/posts\/627207","targetHints":{"allow":["GET"]}}],"collection":[{"href":"https:\/\/www.europesays.com\/fr\/wp-json\/wp\/v2\/posts"}],"about":[{"href":"https:\/\/www.europesays.com\/fr\/wp-json\/wp\/v2\/types\/post"}],"author":[{"embeddable":true,"href":"https:\/\/www.europesays.com\/fr\/wp-json\/wp\/v2\/users\/2"}],"replies":[{"embeddable":true,"href":"https:\/\/www.europesays.com\/fr\/wp-json\/wp\/v2\/comments?post=627207"}],"version-history":[{"count":0,"href":"https:\/\/www.europesays.com\/fr\/wp-json\/wp\/v2\/posts\/627207\/revisions"}],"wp:featuredmedia":[{"embeddable":true,"href":"https:\/\/www.europesays.com\/fr\/wp-json\/wp\/v2\/media\/627208"}],"wp:attachment":[{"href":"https:\/\/www.europesays.com\/fr\/wp-json\/wp\/v2\/media?parent=627207"}],"wp:term":[{"taxonomy":"category","embeddable":true,"href":"https:\/\/www.europesays.com\/fr\/wp-json\/wp\/v2\/categories?post=627207"},{"taxonomy":"post_tag","embeddable":true,"href":"https:\/\/www.europesays.com\/fr\/wp-json\/wp\/v2\/tags?post=627207"}],"curies":[{"name":"wp","href":"https:\/\/api.w.org\/{rel}","templated":true}]}}