{"id":627213,"date":"2025-12-29T08:54:10","date_gmt":"2025-12-29T08:54:10","guid":{"rendered":"https:\/\/www.europesays.com\/fr\/627213\/"},"modified":"2025-12-29T08:54:10","modified_gmt":"2025-12-29T08:54:10","slug":"accident-pres-de-toulouse-percutees-par-une-voiture-deux-femmes-evacuees-entre-la-vie-et-la-mort","status":"publish","type":"post","link":"https:\/\/www.europesays.com\/fr\/627213\/","title":{"rendered":"Accident pr\u00e8s de Toulouse\u00a0: percut\u00e9es par une voiture, deux femmes \u00e9vacu\u00e9es entre la vie et la mort"},"content":{"rendered":"<p>\n                                                                    l&rsquo;essentiel<br \/>\n                                                                Deux pi\u00e9tonnes ont \u00e9t\u00e9 fauch\u00e9es par une voiture, pr\u00e8s de Toulouse dans la nuit. Tr\u00e8s gri\u00e8vement bless\u00e9es, elles ont \u00e9t\u00e9 \u00e9vacu\u00e9es \u00ab\u00a0en urgence absolue\u00a0\u00bb vers l\u2019h\u00f4pital le plus proche.\n                            <\/p>\n<p>Il \u00e9tait environ 0\u00a0h\u00a020, lundi 29\u00a0d\u00e9cembre 2025, lorsque les secours ont \u00e9t\u00e9 alert\u00e9s. Un grave accident de la circulation venait de se produire sur la commune de Colomiers (Haute-Garonne), pr\u00e8s de Toulouse.<\/p>\n<p>Les faits sont survenus \u00e0 hauteur du rond-point du Page. Pour une raison que l\u2019enqu\u00eate de police s\u2019efforcera de d\u00e9terminer, deux pi\u00e9tonnes ont \u00e9t\u00e9 fauch\u00e9es par une voiture \u00ab\u00a0\u00e0 forte cin\u00e9tique\u00a0\u00bb.<\/p>\n<p>Tr\u00e8s gri\u00e8vement bless\u00e9es<\/p>\n<p>\u00c2g\u00e9es de 30 et 45 ans, les victimes ont \u00e9t\u00e9 prises en charge par les sapeurs-pompiers du SDIS 31 et deux \u00e9quipes m\u00e9dicales du Smur. Tr\u00e8s gri\u00e8vement atteintes, elles ont \u00e9t\u00e9 transport\u00e9es \u00ab\u00a0en urgence absolue\u00a0\u00bb vers un centre hospitalier.<\/p>\n<p>Cette intervention a mobilis\u00e9 une petite quinzaine de pompiers. Cinq engins de secours ont \u00e9t\u00e9 d\u00e9ploy\u00e9s. Une enqu\u00eate a \u00e9t\u00e9 ouverte pour d\u00e9terminer les circonstances exactes de l\u2019accident.<\/p>\n","protected":false},"excerpt":{"rendered":"l&rsquo;essentiel Deux pi\u00e9tonnes ont \u00e9t\u00e9 fauch\u00e9es par une voiture, pr\u00e8s de Toulouse dans la nuit. Tr\u00e8s gri\u00e8vement bless\u00e9es,&hellip;\n","protected":false},"author":2,"featured_media":627214,"comment_status":"","ping_status":"","sticky":false,"template":"","format":"standard","meta":{"footnotes":""},"categories":[2816],"tags":[3085,1111,11,1777,674,118,1011,27,2722,12,2680,25,2312],"class_list":{"0":"post-627213","1":"post","2":"type-post","3":"status-publish","4":"format-standard","5":"has-post-thumbnail","7":"category-toulouse","8":"tag-accidents","9":"tag-actu","10":"tag-actualites","11":"tag-eu","12":"tag-europe","13":"tag-faits-divers","14":"tag-fr","15":"tag-france","16":"tag-haute-garonne","17":"tag-news","18":"tag-occitanie","19":"tag-republique-francaise","20":"tag-toulouse"},"share_on_mastodon":{"url":"https:\/\/pubeurope.com\/@fr\/115802017938953914","error":""},"_links":{"self":[{"href":"https:\/\/www.europesays.com\/fr\/wp-json\/wp\/v2\/posts\/627213","targetHints":{"allow":["GET"]}}],"collection":[{"href":"https:\/\/www.europesays.com\/fr\/wp-json\/wp\/v2\/posts"}],"about":[{"href":"https:\/\/www.europesays.com\/fr\/wp-json\/wp\/v2\/types\/post"}],"author":[{"embeddable":true,"href":"https:\/\/www.europesays.com\/fr\/wp-json\/wp\/v2\/users\/2"}],"replies":[{"embeddable":true,"href":"https:\/\/www.europesays.com\/fr\/wp-json\/wp\/v2\/comments?post=627213"}],"version-history":[{"count":0,"href":"https:\/\/www.europesays.com\/fr\/wp-json\/wp\/v2\/posts\/627213\/revisions"}],"wp:featuredmedia":[{"embeddable":true,"href":"https:\/\/www.europesays.com\/fr\/wp-json\/wp\/v2\/media\/627214"}],"wp:attachment":[{"href":"https:\/\/www.europesays.com\/fr\/wp-json\/wp\/v2\/media?parent=627213"}],"wp:term":[{"taxonomy":"category","embeddable":true,"href":"https:\/\/www.europesays.com\/fr\/wp-json\/wp\/v2\/categories?post=627213"},{"taxonomy":"post_tag","embeddable":true,"href":"https:\/\/www.europesays.com\/fr\/wp-json\/wp\/v2\/tags?post=627213"}],"curies":[{"name":"wp","href":"https:\/\/api.w.org\/{rel}","templated":true}]}}