{"id":627217,"date":"2025-12-29T08:56:12","date_gmt":"2025-12-29T08:56:12","guid":{"rendered":"https:\/\/www.europesays.com\/fr\/627217\/"},"modified":"2025-12-29T08:56:12","modified_gmt":"2025-12-29T08:56:12","slug":"la-greve-se-poursuit-dans-52-communes-de-la-metropole-lilloise","status":"publish","type":"post","link":"https:\/\/www.europesays.com\/fr\/627217\/","title":{"rendered":"la gr\u00e8ve se poursuit dans 52 communes de la m\u00e9tropole lilloise"},"content":{"rendered":"<p>                    Par<br \/>\n        <strong><br \/>\n            <a href=\"https:\/\/actu.fr\/auteur\/annesophie-2\" title=\"Consulter tous les articles de Anne-Sophie Hourdeaux\" target=\"_blank\" rel=\"noopener\">Anne-Sophie Hourdeaux<\/a><br \/>\n                    <\/strong><\/p>\n<p>        Publi\u00e9 le<\/p>\n<p>            28 d\u00e9c. 2025 \u00e0 19h11        <\/p>\n<p><b>Depuis le 22\u00a0d\u00e9cembre 2025, les salari\u00e9s du d\u00e9p\u00f4t Deverra de Sequedin <\/b>(Nord) sont <b>en gr\u00e8ve illimit\u00e9e<\/b>. Ils s\u2019occupent du <b>ramassage des poubelles<\/b>. Ils d\u00e9noncent la d\u00e9gradation de leurs conditions de travail. <b>52\u00a0communes de la MEL, dont plusieurs quartiers de Lille, sont impact\u00e9es<\/b>. Retards, reports de tourn\u00e9es et priorisation des collectes sont \u00e0 pr\u00e9voir, avec une poubelle jaune potentiellement plus touch\u00e9e.<b> La gr\u00e8ve se poursuit ce lundi 29\u00a0d\u00e9cembre 2025. Jusqu\u2019\u00e0 quand\u2009?<\/b><\/p>\n<p>Le \u00ab\u2009mono-ripage\u2009\u00bb d\u00e9nonc\u00e9<\/p>\n<p class=\" wall-content\">Le mouvement est initi\u00e9 par les organisations syndicales du groupe Deverra (environ 260 salari\u00e9s concern\u00e9s), pour d\u00e9noncer une d\u00e9gradation des conditions de travail et la mise en place du \u00ab\u2009mono-ripage\u2009\u00bb sur la collecte des biod\u00e9chets.<\/p>\n<p class=\" wall-content\">Le mono-ripage consiste \u00e0 r\u00e9duire les \u00e9quipes de ramassage, un seul op\u00e9rateur serait plac\u00e9 \u00e0 l\u2019arri\u00e8re du camion au lieu de deux jusqu\u2019\u00e0 pr\u00e9sent.<\/p>\n<p class=\" wall-content\">Les repr\u00e9sentants demandent l\u2019ouverture de n\u00e9gociations avec la direction de Deverra, estimant que cette mesure alourdit la charge de travail et accro\u00eet les risques et la fatigue.<\/p>\n<p class=\" wall-content\">La MEL rappelle respecter le droit de gr\u00e8ve et indique qu\u2019aucun service minimum l\u00e9gal ne s\u2019applique dans ce secteur.<\/p>\n<p>Les 52\u00a0communes concern\u00e9es<\/p>\n<p class=\" wall-content\">Les 52\u00a0communes concern\u00e9es (sur les 95 de la MEL) sont\u2009: Frelinghien, Armenti\u00e8res, Houplines, Verlinghem, P\u00e9renchies, Erquinghem-Lys, La Chapelle-d\u2019Armenti\u00e8res, Enneti\u00e8res-en-Weppes, Pr\u00e9mesques, Capinghem, Lomme, Englos, Escobecques, Erquinghem-le-Sec, Beaucamps-Ligny, Lambersart, Lompret, Saint-Andr\u00e9-lez-Lille, La Madeleine, Mons-en-Bar\u0153ul, Hellemmes, Lezennes, Ronchin, Lesquin, Sainghin-en-M\u00e9lantois, Bouvines, P\u00e9ronne-en-M\u00e9lantois, Fretin, Vendeville, Templemars, Seclin, Noyelles-l\u00e8s-Seclin, Wattignies, Faches-Thumesnil, Lille extramuros (Lille-Sud, Lille-Fives, Lille-Moulin, Faubourg de B\u00e9thune, Lille-CHR, Lille Saint-Maurice Pellevoisin, Lille Bois Blanc), Loos, Ancoisne, Emmerin, Haubourdin, Sequedin, Hallennes-lez-Haubourdin, Santes, Wavrin, Don, Sainghin-en-Weppes, Fournes-en-Weppes, Herlies, Wicres, Marquillies, Hantay, Salom\u00e9, La Bass\u00e9e, Illies.<\/p>\n<p class=\" wall-content\">Les communes desservies par Esterra ne sont pas concern\u00e9es par ce mouvement\u2009: la collecte y sera assur\u00e9e normalement.<\/p>\n<p class=\" wall-content\">Personnalisez votre actualit\u00e9 en ajoutant vos villes et m\u00e9dias en favori avec <a href=\"https:\/\/moncompte.actu.fr\" title=\"D\u00e9couvez Mon Actu\" rel=\"nofollow noopener\" data-trk=\"{&quot;cta&quot;:{&quot;action&quot;:&quot;https:\\\/\\\/moncompte.actu.fr&quot;,&quot;category&quot;:&quot;mon compte&quot;,&quot;from&quot;:&quot;article footer&quot;,&quot;name&quot;:&quot;Mon actu&quot;,&quot;type&quot;:&quot;cta&quot;}}\" target=\"_blank\">Mon Actu<\/a>.<\/p>\n","protected":false},"excerpt":{"rendered":"Par Anne-Sophie Hourdeaux Publi\u00e9 le 28 d\u00e9c. 2025 \u00e0 19h11 Depuis le 22\u00a0d\u00e9cembre 2025, les salari\u00e9s du d\u00e9p\u00f4t&hellip;\n","protected":false},"author":2,"featured_media":627218,"comment_status":"","ping_status":"","sticky":false,"template":"","format":"standard","meta":{"footnotes":""},"categories":[2815],"tags":[1111,11,1777,674,1011,27,6151,811,1307,12,25,104],"class_list":{"0":"post-627217","1":"post","2":"type-post","3":"status-publish","4":"format-standard","5":"has-post-thumbnail","7":"category-lille","8":"tag-actu","9":"tag-actualites","10":"tag-eu","11":"tag-europe","12":"tag-fr","13":"tag-france","14":"tag-greve","15":"tag-hauts-de-france","16":"tag-lille","17":"tag-news","18":"tag-republique-francaise","19":"tag-societe"},"share_on_mastodon":{"url":"https:\/\/pubeurope.com\/@fr\/115802025771698889","error":""},"_links":{"self":[{"href":"https:\/\/www.europesays.com\/fr\/wp-json\/wp\/v2\/posts\/627217","targetHints":{"allow":["GET"]}}],"collection":[{"href":"https:\/\/www.europesays.com\/fr\/wp-json\/wp\/v2\/posts"}],"about":[{"href":"https:\/\/www.europesays.com\/fr\/wp-json\/wp\/v2\/types\/post"}],"author":[{"embeddable":true,"href":"https:\/\/www.europesays.com\/fr\/wp-json\/wp\/v2\/users\/2"}],"replies":[{"embeddable":true,"href":"https:\/\/www.europesays.com\/fr\/wp-json\/wp\/v2\/comments?post=627217"}],"version-history":[{"count":0,"href":"https:\/\/www.europesays.com\/fr\/wp-json\/wp\/v2\/posts\/627217\/revisions"}],"wp:featuredmedia":[{"embeddable":true,"href":"https:\/\/www.europesays.com\/fr\/wp-json\/wp\/v2\/media\/627218"}],"wp:attachment":[{"href":"https:\/\/www.europesays.com\/fr\/wp-json\/wp\/v2\/media?parent=627217"}],"wp:term":[{"taxonomy":"category","embeddable":true,"href":"https:\/\/www.europesays.com\/fr\/wp-json\/wp\/v2\/categories?post=627217"},{"taxonomy":"post_tag","embeddable":true,"href":"https:\/\/www.europesays.com\/fr\/wp-json\/wp\/v2\/tags?post=627217"}],"curies":[{"name":"wp","href":"https:\/\/api.w.org\/{rel}","templated":true}]}}