{"id":627219,"date":"2025-12-29T08:57:19","date_gmt":"2025-12-29T08:57:19","guid":{"rendered":"https:\/\/www.europesays.com\/fr\/627219\/"},"modified":"2025-12-29T08:57:19","modified_gmt":"2025-12-29T08:57:19","slug":"previsions-du-lundi-29-decembre-2025","status":"publish","type":"post","link":"https:\/\/www.europesays.com\/fr\/627219\/","title":{"rendered":"pr\u00e9visions du lundi 29 d\u00e9cembre 2025"},"content":{"rendered":"<p>Le ciel de Lille sera relativement lumineux, avec quelques \u00e9claircies aujourd&rsquo;hui. Les temp\u00e9ratures tourneront autour des 2\u00b0C. Un l\u00e9ger vent de nord-est soufflera. Les Lillois vont avoir froid le matin : les temp\u00e9ratures ne vont pas d\u00e9passer 4\u00b0C. On anticipe des valeurs d&rsquo;environ 1\u00b0C. Un temps plus chaud est pr\u00e9vu l&rsquo;apr\u00e8s-midi puisque les temp\u00e9ratures vont enregistrer une augmentation. Le ciel va peu \u00e0 peu s&rsquo;obscurcir tout au long de la soir\u00e9e avec la venue de nuages. Les temp\u00e9ratures tourneront autour des 6\u00b0C. Le ciel sera d\u00e9pourvu de nuages dans la nuit de lundi \u00e0 mardi.<\/p>\n<p>Malheureusement pour Lille, il va y avoir encore des nuages demain. C&rsquo;est une hausse de quelques degr\u00e9s que vont conna\u00eetre les temp\u00e9ratures. Les valeurs seront comprises entre 0 et 6\u00b0C, un temps r\u00e9solument de saison. Une l\u00e9g\u00e8re brise de nord-est sera ressentie par les habitants. En revanche, cette matin\u00e9e sera synonyme de grand soleil. Il fera 5\u00b0C en moyenne. L&rsquo;arriv\u00e9e du soleil demain apr\u00e8s-midi sera retard\u00e9e par beaucoup de nuages. Des pluies \u00e9parses tomberont. Il va faire froid avec des temp\u00e9ratures qui afficheront entre 3 et 6\u00b0C. On annonce des \u00e9claircies pour cette soir\u00e9e. L&rsquo;hiver se fait sentir : les valeurs s&rsquo;\u00e9chelonneront entre 1 et 2\u00b0C.<\/p>\n<p>\u00c0 la suite d&rsquo;une journ\u00e9e ensoleill\u00e9e mercredi, on pr\u00e9voit une d\u00e9gradation jeudi.<\/p>\n<p><\/p>\n","protected":false},"excerpt":{"rendered":"Le ciel de Lille sera relativement lumineux, avec quelques \u00e9claircies aujourd&rsquo;hui. Les temp\u00e9ratures tourneront autour des 2\u00b0C. Un&hellip;\n","protected":false},"author":2,"featured_media":627220,"comment_status":"","ping_status":"","sticky":false,"template":"","format":"standard","meta":{"footnotes":""},"categories":[2815],"tags":[1111,11,1777,674,1011,27,811,1307,12,2119,25],"class_list":{"0":"post-627219","1":"post","2":"type-post","3":"status-publish","4":"format-standard","5":"has-post-thumbnail","7":"category-lille","8":"tag-actu","9":"tag-actualites","10":"tag-eu","11":"tag-europe","12":"tag-fr","13":"tag-france","14":"tag-hauts-de-france","15":"tag-lille","16":"tag-news","17":"tag-previsions-meteo","18":"tag-republique-francaise"},"share_on_mastodon":{"url":"https:\/\/pubeurope.com\/@fr\/115802029725489950","error":""},"_links":{"self":[{"href":"https:\/\/www.europesays.com\/fr\/wp-json\/wp\/v2\/posts\/627219","targetHints":{"allow":["GET"]}}],"collection":[{"href":"https:\/\/www.europesays.com\/fr\/wp-json\/wp\/v2\/posts"}],"about":[{"href":"https:\/\/www.europesays.com\/fr\/wp-json\/wp\/v2\/types\/post"}],"author":[{"embeddable":true,"href":"https:\/\/www.europesays.com\/fr\/wp-json\/wp\/v2\/users\/2"}],"replies":[{"embeddable":true,"href":"https:\/\/www.europesays.com\/fr\/wp-json\/wp\/v2\/comments?post=627219"}],"version-history":[{"count":0,"href":"https:\/\/www.europesays.com\/fr\/wp-json\/wp\/v2\/posts\/627219\/revisions"}],"wp:featuredmedia":[{"embeddable":true,"href":"https:\/\/www.europesays.com\/fr\/wp-json\/wp\/v2\/media\/627220"}],"wp:attachment":[{"href":"https:\/\/www.europesays.com\/fr\/wp-json\/wp\/v2\/media?parent=627219"}],"wp:term":[{"taxonomy":"category","embeddable":true,"href":"https:\/\/www.europesays.com\/fr\/wp-json\/wp\/v2\/categories?post=627219"},{"taxonomy":"post_tag","embeddable":true,"href":"https:\/\/www.europesays.com\/fr\/wp-json\/wp\/v2\/tags?post=627219"}],"curies":[{"name":"wp","href":"https:\/\/api.w.org\/{rel}","templated":true}]}}