{"id":627221,"date":"2025-12-29T08:58:10","date_gmt":"2025-12-29T08:58:10","guid":{"rendered":"https:\/\/www.europesays.com\/fr\/627221\/"},"modified":"2025-12-29T08:58:10","modified_gmt":"2025-12-29T08:58:10","slug":"nasser-al-aswadi-faconne-la-tolerance-a-la-vieille-charite","status":"publish","type":"post","link":"https:\/\/www.europesays.com\/fr\/627221\/","title":{"rendered":"Nasser Al Aswadi fa\u00e7onne la tol\u00e9rance \u00e0 la Vieille Charit\u00e9"},"content":{"rendered":"\n<p>Dans les trav\u00e9es de la Vieille Charit\u00e9, l\u2019ombre de Nasser Al Aswadi r\u00f4de et se confond parfois \u00e0 celle de pi\u00e8ces qu\u2019il a fa\u00e7onn\u00e9es. Dansant avec les cimaises et par\u00e9e de ses dentelles en inox, l\u2019une d\u2019elles est baptis\u00e9e Tol\u00e9rance. \u00ab\u00a0Un mot prononc\u00e9 par beaucoup de monde mais qu\u2019on ne voit pas forc\u00e9ment en actes\u00a0\u00bb, estime cet artiste franco-y\u00e9m\u00e9nite vivant \u00e0 Marseille depuis une quinzaine d\u2019ann\u00e9es devant cette sculpture qui dessine et d\u00e9forme \u00e0 l\u2019infini ses lettres issues de l\u2019alphabet sudarabique. \u00ab\u00a0Une fois \u00e0 Marseille, je me suis tout de suite senti chez moi\u00a0\u00bb, se rem\u00e9more-t-il avec une discr\u00e9tion toute fi\u00e8re. Logique car Nasser Al Aswadi s\u2019inscrit aussi dans les \u00e9changes migratoires, culturels et socio-\u00e9conomiques entre le Y\u00e9men et Marseille, liens historiques pluris\u00e9culaires retrac\u00e9s au cours de l\u2019exposition Aden-Marseille, d\u2019un port \u00e0 l\u2019autre, \u00e0 l\u2019\u0153uvre jusqu\u2019au 29\u00a0mars.<\/p>\n<p> L\u2019oiseau messager\n              <\/p>\n<p>\u00ab\u00a0Quand je travaille, je ne respecte pas vraiment les codes de la calligraphie. Moi, ce qui m\u2019int\u00e9resse, c\u2019est le sens des mots\u00a0\u00bb, souligne ce peintre et sculpteur devant une huile sur toile circulaire de 2m40 de diam\u00e8tre intitul\u00e9e Respect, triturant ce mot \u00e0 coups de pinceaux pour le rendre \u00ab\u00a0illisible m\u00eame pour les arabisants. Il faut que \u00e7a soit international\u00a0\u00bb. Autant de termes qui font \u00e9cho aux guerres aux quatre coins du globe, y compris celle qui s\u2019abat depuis 2014 dans son pays natal. \u00ab\u00a0Chaque fois que j\u2019appelle ma famille pour prendre des nouvelles, on me dit tout le temps\u00a0: ne t\u2019inqui\u00e8te pas, Dieu veille sur nous\u00a0\u00bb, rappelle-t-il devant le triptyque peint Lion &#8211; Bouquetin &#8211; Allah. Si beaucoup de dirigeants agitent la paix comme un mot-b\u00e9lier, Nasser Al Aswadi la sculpte quant \u00e0 lui avec sa pratique, illustre encore sa S\u00e9rie de huppes, Houdoud 1 et 2, oiseau apparaissant \u00ab\u00a0dans le r\u00e9cit coranique, messag\u00e8re sage et \u00e9loquente entre le roi Salomon et la reine de Saba\u00a0\u00bb.<\/p>\n","protected":false},"excerpt":{"rendered":"Dans les trav\u00e9es de la Vieille Charit\u00e9, l\u2019ombre de Nasser Al Aswadi r\u00f4de et se confond parfois \u00e0&hellip;\n","protected":false},"author":2,"featured_media":627222,"comment_status":"","ping_status":"","sticky":false,"template":"","format":"standard","meta":{"footnotes":""},"categories":[2814],"tags":[1111,11,1777,674,1011,27,884,3048,12,882,25],"class_list":{"0":"post-627221","1":"post","2":"type-post","3":"status-publish","4":"format-standard","5":"has-post-thumbnail","7":"category-marseille","8":"tag-actu","9":"tag-actualites","10":"tag-eu","11":"tag-europe","12":"tag-fr","13":"tag-france","14":"tag-marseille","15":"tag-musee","16":"tag-news","17":"tag-provence-alpes-cote-dazur","18":"tag-republique-francaise"},"share_on_mastodon":{"url":"https:\/\/pubeurope.com\/@fr\/115802033672942675","error":""},"_links":{"self":[{"href":"https:\/\/www.europesays.com\/fr\/wp-json\/wp\/v2\/posts\/627221","targetHints":{"allow":["GET"]}}],"collection":[{"href":"https:\/\/www.europesays.com\/fr\/wp-json\/wp\/v2\/posts"}],"about":[{"href":"https:\/\/www.europesays.com\/fr\/wp-json\/wp\/v2\/types\/post"}],"author":[{"embeddable":true,"href":"https:\/\/www.europesays.com\/fr\/wp-json\/wp\/v2\/users\/2"}],"replies":[{"embeddable":true,"href":"https:\/\/www.europesays.com\/fr\/wp-json\/wp\/v2\/comments?post=627221"}],"version-history":[{"count":0,"href":"https:\/\/www.europesays.com\/fr\/wp-json\/wp\/v2\/posts\/627221\/revisions"}],"wp:featuredmedia":[{"embeddable":true,"href":"https:\/\/www.europesays.com\/fr\/wp-json\/wp\/v2\/media\/627222"}],"wp:attachment":[{"href":"https:\/\/www.europesays.com\/fr\/wp-json\/wp\/v2\/media?parent=627221"}],"wp:term":[{"taxonomy":"category","embeddable":true,"href":"https:\/\/www.europesays.com\/fr\/wp-json\/wp\/v2\/categories?post=627221"},{"taxonomy":"post_tag","embeddable":true,"href":"https:\/\/www.europesays.com\/fr\/wp-json\/wp\/v2\/tags?post=627221"}],"curies":[{"name":"wp","href":"https:\/\/api.w.org\/{rel}","templated":true}]}}