{"id":627223,"date":"2025-12-29T08:59:12","date_gmt":"2025-12-29T08:59:12","guid":{"rendered":"https:\/\/www.europesays.com\/fr\/627223\/"},"modified":"2025-12-29T08:59:12","modified_gmt":"2025-12-29T08:59:12","slug":"la-prime-cia-fait-des-remous-chez-les-territoriaux-de-marseille","status":"publish","type":"post","link":"https:\/\/www.europesays.com\/fr\/627223\/","title":{"rendered":"La prime \u00ab CIA \u00bb fait des remous chez les territoriaux de Marseille"},"content":{"rendered":"\n<p>La CGT des agents territoriaux de la Ville de Marseille d\u00e9bute l\u2019ann\u00e9e sur les chapeaux de roues. L\u2019organisation syndicale a d\u00e9pos\u00e9 un \u00ab\u00a0pr\u00e9avis de gr\u00e8ve reconductible du 1er au 31\u00a0janvier 2026, couvrant l\u2019ensemble des services municipaux\u00a0\u00bb. Et si le pr\u00e9avis reprend, sans surprise, des revendications d\u2019ordre national sur fond de \u00ab\u00a0politique d\u2019aust\u00e9rit\u00e9 depuis le mandat d\u2019Emmanuel Macron\u00a0\u00bb, une \u00ab\u00a0nouveaut\u00e9 importante\u00a0\u00bb s\u2019est ajout\u00e9e dans les demandes des agents. \u00ab\u00a0Face aux nombreuses situations injustes remont\u00e9es par les agents ces derni\u00e8res semaines, la CGT a d\u00e9cid\u00e9 d\u2019ajouter une nouvelle revendication au pr\u00e9avis\u00a0: la fin des in\u00e9galit\u00e9s dans l\u2019attribution du CIA\u00a0\u00bb, explique la CGT Territoriaux Ville de Marseille. Et cette derni\u00e8re ne parle pas de l\u2019agence de renseignement \u00e9tats-unienne mais du compl\u00e9ment indiciaire annuel (CIA). Une sorte de prime, vers\u00e9e pour l\u2019ann\u00e9e 2025 en ce mois de d\u00e9cembre, int\u00e9gr\u00e9e au r\u00e9gime indemnitaire des fonctionnaires, lequel est une partie de la r\u00e9mun\u00e9ration de l\u2019agent public. \u00ab\u00a0C\u2019est la premi\u00e8re ann\u00e9e que le CIA est attribu\u00e9 d\u2019une mani\u00e8re aussi injuste\u00a0\u00bb, d\u00e9nonce Mikael Casanova, secr\u00e9taire g\u00e9n\u00e9ral de l\u2019organisation. Avant de d\u00e9velopper\u00a0: \u00ab\u00a0Le CIA est en place depuis un moment \u00e0 la Ville, mais auparavant il d\u00e9pendait de \u00ab\u00a0raisons exceptionnelles\u00a0\u00bb. Par exemple pour les agents qui ont aid\u00e9 sur les Jeux olympiques ou les \u00e9v\u00e9nements de la rue d\u2019Aubagne.\u00a0\u00bb Et c\u2019est l\u00e0 o\u00f9 \u00e7a coince pour l\u2019organisation syndicale. Car selon elle, le CIA a \u00e9t\u00e9 attribu\u00e9 \u00ab\u00a0au soi-disant m\u00e9rite\u00bb pour 2025. \u00ab\u00a0Ce sont les sup\u00e9rieurs hi\u00e9rarchiques des agents qui l\u2019ont donn\u00e9 de mani\u00e8re subjective. Certains se sont investis et ont eu le niveau 1, donc 0\u00a0euro, d\u2019autres beaucoup moins et ont eu le niveau 3, plusieurs centaines d\u2019euros\u00a0\u00bb, poursuit le syndicaliste. Il y voit l\u00e0 \u00ab\u00a0un outil opaque, source de divisions entre coll\u00e8gues, g\u00e9n\u00e9rateur d\u2019injustices et de frustrations, sans crit\u00e8res clairs ni \u00e9quit\u00e9 de traitement\u00a0\u00bb.<\/p>\n<p> Un r\u00e9examen pour FO\n              <\/p>\n<p>En tout cas, la CGT n\u2019est pas la seule organisation \u00e0 se pencher sur le sujet. Le 14\u00a0d\u00e9cembre dernier, Patrick Ru\u00e9, figure du syndicat FO de la Ville, s\u2019alarmait sur les r\u00e9seaux sociaux\u00a0: \u00ab\u00a0FO a demand\u00e9 \u00e0 ce que les agents priv\u00e9s de prime sans crit\u00e8res objectifs puissent demander la r\u00e9vision de cette d\u00e9cision\u00a0!\u00a0\u00bb. Deux jours plus tard, son organisation explique avoir obtenu \u00ab\u00a0le r\u00e9examen des d\u00e9cisions de niveau\u00a01\u00a0\u00bb apr\u00e8s \u00ab\u00a0une alerte aupr\u00e8s de la direction des ressources humaines\u00a0\u00bb. \u00ab\u00a0Les proc\u00e9dures d\u2019\u00e9valuation [&#8230;] ont \u00e9t\u00e9 appliqu\u00e9es d\u2019une mani\u00e8re diff\u00e9rente d\u2019un manager \u00e0 l\u2019autre ou d\u2019une direction \u00e0 l\u2019autre. De nombreux agents s\u2019estiment injustement l\u00e9s\u00e9s par la d\u00e9cision d\u2019attribution\u00a0\u00bb, d\u00e9veloppe le syndicat. Avant de se f\u00e9liciter\u00a0: \u00ab\u00a0Le maire [Beno\u00eet Payan Ndlr] a donn\u00e9 suite favorable \u00e0 la demande de r\u00e9examen.\u00a0\u00bb<\/p>\n","protected":false},"excerpt":{"rendered":"La CGT des agents territoriaux de la Ville de Marseille d\u00e9bute l\u2019ann\u00e9e sur les chapeaux de roues. L\u2019organisation&hellip;\n","protected":false},"author":2,"featured_media":627224,"comment_status":"","ping_status":"","sticky":false,"template":"","format":"standard","meta":{"footnotes":""},"categories":[2814],"tags":[1111,11,13635,1777,674,1011,27,884,12,882,25],"class_list":{"0":"post-627223","1":"post","2":"type-post","3":"status-publish","4":"format-standard","5":"has-post-thumbnail","7":"category-marseille","8":"tag-actu","9":"tag-actualites","10":"tag-direction","11":"tag-eu","12":"tag-europe","13":"tag-fr","14":"tag-france","15":"tag-marseille","16":"tag-news","17":"tag-provence-alpes-cote-dazur","18":"tag-republique-francaise"},"share_on_mastodon":{"url":"https:\/\/pubeurope.com\/@fr\/115802037622103770","error":""},"_links":{"self":[{"href":"https:\/\/www.europesays.com\/fr\/wp-json\/wp\/v2\/posts\/627223","targetHints":{"allow":["GET"]}}],"collection":[{"href":"https:\/\/www.europesays.com\/fr\/wp-json\/wp\/v2\/posts"}],"about":[{"href":"https:\/\/www.europesays.com\/fr\/wp-json\/wp\/v2\/types\/post"}],"author":[{"embeddable":true,"href":"https:\/\/www.europesays.com\/fr\/wp-json\/wp\/v2\/users\/2"}],"replies":[{"embeddable":true,"href":"https:\/\/www.europesays.com\/fr\/wp-json\/wp\/v2\/comments?post=627223"}],"version-history":[{"count":0,"href":"https:\/\/www.europesays.com\/fr\/wp-json\/wp\/v2\/posts\/627223\/revisions"}],"wp:featuredmedia":[{"embeddable":true,"href":"https:\/\/www.europesays.com\/fr\/wp-json\/wp\/v2\/media\/627224"}],"wp:attachment":[{"href":"https:\/\/www.europesays.com\/fr\/wp-json\/wp\/v2\/media?parent=627223"}],"wp:term":[{"taxonomy":"category","embeddable":true,"href":"https:\/\/www.europesays.com\/fr\/wp-json\/wp\/v2\/categories?post=627223"},{"taxonomy":"post_tag","embeddable":true,"href":"https:\/\/www.europesays.com\/fr\/wp-json\/wp\/v2\/tags?post=627223"}],"curies":[{"name":"wp","href":"https:\/\/api.w.org\/{rel}","templated":true}]}}