{"id":627227,"date":"2025-12-29T09:01:12","date_gmt":"2025-12-29T09:01:12","guid":{"rendered":"https:\/\/www.europesays.com\/fr\/627227\/"},"modified":"2025-12-29T09:01:12","modified_gmt":"2025-12-29T09:01:12","slug":"castres-lyon-lespadon-le-requin-dou-viennent-les-celebrations-delirantes-du-talonneur-du-co-loris-zarantonello","status":"publish","type":"post","link":"https:\/\/www.europesays.com\/fr\/627227\/","title":{"rendered":"Castres-Lyon\u00a0: l\u2019espadon, le requin, d\u2019o\u00f9 viennent les c\u00e9l\u00e9brations d\u00e9lirantes du talonneur du CO Loris Zarantonello"},"content":{"rendered":"<p>\n                                                                    l&rsquo;essentiel<br \/>\n                                                                Apr\u00e8s un d\u00e9but de saison frein\u00e9 par une commotion, le talonneur a sign\u00e9 un retour remarqu\u00e9 depuis un mois. Notamment avec quatre essais en cinq rencontres.\n                            <\/p>\n<p>Un pr\u00e9dateur laisse rarement \u00e9chapper sa proie. S\u2019il y en a un qui se repa\u00eet sans cesse depuis un mois, c\u2019est bien Loris Zarantonello. Le talonneur ne laisse filer aucune opportunit\u00e9, se r\u00e9v\u00e9lant aussi coriace qu\u2019un requin, aussi puissant qu\u2019un espadon. Des esp\u00e8ces marines que l\u2019ex-Agenais imite afin de c\u00e9l\u00e9brer ses essais. \u00ab\u00a0Honn\u00eatement, je suis parti spontan\u00e9ment dans un d\u00e9lire\u00a0\u00bb, justifiait Zarantonello.<\/p>\n<p>        <img decoding=\"async\" class=\"std-img__img responsive-img\" src=\"https:\/\/www.europesays.com\/fr\/wp-content\/uploads\/2025\/12\/1766998872_83_image.jpg\" alt=\"L\u2019espadon, nouvelle c\u00e9l\u00e9bration de Loris Zarantonello.\"\/><\/p>\n<p>                L\u2019espadon, nouvelle c\u00e9l\u00e9bration de Loris Zarantonello.<br \/>\n                                    DDM &#8211; EMILIE CAYRE<\/p>\n<p>Du requin contre \u00c9dimbourg, au requin-marteau face \u00e0 Montpellier, voil\u00e0 qu\u2019il a choisi, ce samedi 27\u00a0d\u00e9cembre lors de la victoire contre le Lou (36-22), l\u2019espadon, superposant ses deux index vers le ciel.<\/p>\n<p class=\"std-elt__inline\">\n        <strong>\u00c0 lire aussi :<\/strong><br \/>\n        <a href=\"https:\/\/www.ladepeche.fr\/2025\/12\/28\/castres-lyon-ca-correspond-a-ce-que-lon-desire-pourquoi-le-travail-collectif-du-co-a-si-bien-fonctionne-contre-le-lou-13133047.php\" target=\"_blank\" rel=\"noopener\">Castres-Lyon\u00a0: \u00ab\u00a0\u00c7a correspond \u00e0 ce que l\u2019on d\u00e9sire\u00a0\u00bb Pourquoi le travail collectif du CO a si bien fonctionn\u00e9 contre le LOU<\/a>\n    <\/p>\n<p>Le probl\u00e8me est qu\u2019au rythme o\u00f9 va actuellement l\u2019international italien (1 s\u00e9lection), il n\u2019y aura plus assez d\u2019animaux marins pour poursuivre ces c\u00e9l\u00e9brations. Car le natif de L\u2019Union a inscrit ce week-end son quatri\u00e8me essai de rang. \u00ab\u00a0Bon, les trois pr\u00e9c\u00e9dents l\u2019ont \u00e9t\u00e9 sur ballon port\u00e9, nuan\u00e7ait le talon. Il n\u2019y a qu\u2019aujourd\u2019hui (ce samedi) o\u00f9 je me suis arrach\u00e9.\u00a0\u00bb<\/p>\n<p class=\"std-elt__inline\">\n        <strong>\u00c0 lire aussi :<\/strong><br \/>\n        <a href=\"https:\/\/www.ladepeche.fr\/2025\/12\/27\/castres-lyon-dernier-quart-dheure-prolifique-frustration-du-bonus-comment-le-co-a-retrouve-le-top-6-face-au-lou-13133044.php\" target=\"_blank\" rel=\"noopener\">Castres-Lyon\u00a0: dernier quart d\u2019heure prolifique, frustration du bonus\u2026 Comment le CO s\u2019est offert la peau du LOU<\/a>\n    <\/p>\n<p>Tel un requin chassant sa proie, le joueur de 25 ans a d\u00e9boul\u00e9, d\u00e9chir\u00e9 la d\u00e9fense lyonnaise et mis son \u00e9quipe devant au score (22-15, 63). \u00ab\u00a0Il est tr\u00e8s performant quand il rentre. Il apporte une plus-value, toujours avec ses qualit\u00e9s. Il est dynamique, d\u00e9fensivement ou offensivement, et je trouve qu\u2019il a gagn\u00e9 en s\u00e9r\u00e9nit\u00e9.\u00a0Peut-\u00eatre m\u00eame en maturit\u00e9 sur tout ce qui concerne le jeu au poste, c\u2019est-\u00e0-dire m\u00eal\u00e9es et touches\u00a0\u00bb, louait son manager Xavier Sadourny.<\/p>\n<p>Une technique de plaquage revue<\/p>\n<p>Une progression inh\u00e9rente \u00e0 un d\u00e9but de saison difficile. Avant de surnager, Zarantonello a eu la t\u00eate sous l\u2019eau. La faute \u00e0 une commotion subie \u00e0 Toulouse fin septembre, qui l\u2019a contraint \u00e0 deux mois d\u2019arr\u00eat. \u00ab\u00a0Lors de cette p\u00e9riode, j\u2019ai pris beaucoup de recul sur les choses, sur la vie, sur moi-m\u00eame. Je savais qu\u2019il fallait que je change plusieurs trucs car j\u2019ai un rugby assez frontal et aujourd\u2019hui, c\u2019est compliqu\u00e9 vis-\u00e0-vis des commotions\u00a0\u00bb, d\u00e9taillait celui qui a repris la comp\u00e9tition depuis cinq rencontres, avec un retour face \u00e0 l\u2019Usap (le 29\u00a0novembre).<\/p>\n<p class=\"std-elt__inline\">\n        <strong>\u00c0 lire aussi :<\/strong><br \/>\n        <a href=\"https:\/\/www.ladepeche.fr\/2025\/12\/27\/castres-lyon-on-a-su-elever-notre-niveau-pourquoi-le-manager-du-co-xavier-sadourny-retient-la-seconde-periode-des-siens-13133045.php\" target=\"_blank\" rel=\"noopener\">Castres-Lyon\u00a0: \u00ab\u00a0On a su \u00e9lever notre niveau\u2026\u00a0\u00bb Pourquoi le manager du CO Xavier Sadourny retient la seconde p\u00e9riode des siens<\/a>\n    <\/p>\n<p>Entre repos forc\u00e9, mais aussi intervention chirurgicale au nez, le Castrais a profit\u00e9 de ces instants pour fournir \u00ab\u00a0un gros travail de fond\u00a0\u00bb avec les pr\u00e9parateurs physiques, passer une semaine \u00e0 l\u2019INSEP afin de compl\u00e9ter sa mont\u00e9e en puissance, de fa\u00e7on \u00e0 revenir le plus pr\u00eat possible \u00e0 un poste o\u00f9 Teddy Durand s\u2019est impos\u00e9. \u00ab\u00a0\u00c7a n\u2019a pas \u00e9t\u00e9 facile, mais je remercie le staff et les chirurgiens. Je savais que ce bloc serait important pour moi. M\u00eame si je dois continuer, je sens que les efforts payent. Les entra\u00eeneurs m\u2019ont parl\u00e9 de certaines choses, j\u2019ai bien \u00e9cout\u00e9, il fallait que je bosse\u00a0\u00bb, confiait l\u2019int\u00e9ress\u00e9.<\/p>\n<p class=\"std-elt__inline\">\n        <strong>\u00c0 lire aussi :<\/strong><br \/>\n        <a href=\"https:\/\/www.ladepeche.fr\/2025\/12\/26\/castres-lyon-en-ce-moment-ils-ne-sont-pas-terribles-en-quoi-les-echauffements-sont-utiles-au-manager-du-co-xavier-sadourny-13131980.php\" target=\"_blank\" rel=\"noopener\">Castres-Lyon\u00a0: \u00ab\u00a0En ce moment, ils ne sont pas terribles\u2026\u00a0\u00bb En quoi les \u00e9chauffements sont utiles au manager du CO Xavier Sadourny<\/a>\n    <\/p>\n<p>Si personne au CO ne lui a demand\u00e9 de r\u00e9volutionner son jeu, qui \u00ab\u00a0offre un profil diff\u00e9rent de celui de Teddy (Durand)\u00a0\u00bb dixit Sadourny, il a surtout \u00e9t\u00e9 question de gagner en pr\u00e9cision sur divers aspects. \u00ab\u00a0Il doit conserver ses qualit\u00e9s athl\u00e9tiques, dans le un contre un, observait son manager. Mais il doit progresser sur les techniques de plaquage. Avant, il s\u2019envoyait sans forc\u00e9ment calculer comment le mec en face arrivait. Aujourd\u2019hui, il a mis un peu plus de sens dans son jeu, il est un peu moins foufou.\u00a0\u00bb<\/p>\n<p class=\"std-elt__inline\">\n        <strong>\u00c0 lire aussi :<\/strong><br \/>\n        <a href=\"https:\/\/www.ladepeche.fr\/2025\/12\/27\/castres-lyon-on-etudie-plus-les-caracteristiques-que-les-vices-comment-le-pilier-du-co-quentin-walcker-analyse-son-vis-a-vis-en-melee-13132040.php\" target=\"_blank\" rel=\"noopener\">Castres-Lyon\u00a0: \u00ab\u00a0On \u00e9tudie plus les caract\u00e9ristiques que les vices\u00a0\u00bb Comment le pilier du CO Quentin Walcker analyse son vis-\u00e0-vis en m\u00eal\u00e9e<\/a>\n    <\/p>\n<p>Sauf quand il s\u2019agit de d\u00e9nicher d\u2019improbables c\u00e9l\u00e9brations, que le talonneur r\u00e9v\u00e8le toujours \u00e0 ses partenaires avant le coup d\u2019envoi. \u00ab\u00a0Qu\u2019il continue d\u2019en faire, c\u2019est bon signe\u00a0\u00bb, se marrait l\u2019Auvergnat. Visiblement, le crabe serait le prochain \u00e9lu. Or, en ce moment, Loris Zarantonello est plut\u00f4t un poisson volant.<\/p>\n","protected":false},"excerpt":{"rendered":"l&rsquo;essentiel Apr\u00e8s un d\u00e9but de saison frein\u00e9 par une commotion, le talonneur a sign\u00e9 un retour remarqu\u00e9 depuis&hellip;\n","protected":false},"author":2,"featured_media":627228,"comment_status":"","ping_status":"","sticky":false,"template":"","format":"standard","meta":{"footnotes":""},"categories":[1889],"tags":[1111,11,2430,8173,1777,674,1011,27,2428,12,25,68796,517,8412,478],"class_list":{"0":"post-627227","1":"post","2":"type-post","3":"status-publish","4":"format-standard","5":"has-post-thumbnail","7":"category-lyon","8":"tag-actu","9":"tag-actualites","10":"tag-auvergne-rhone-alpes","11":"tag-castres","12":"tag-eu","13":"tag-europe","14":"tag-fr","15":"tag-france","16":"tag-lyon","17":"tag-news","18":"tag-republique-francaise","19":"tag-rugby-u00e0-xv","20":"tag-sport","21":"tag-tarn","22":"tag-top-14"},"share_on_mastodon":{"url":"https:\/\/pubeurope.com\/@fr\/115802045367819917","error":""},"_links":{"self":[{"href":"https:\/\/www.europesays.com\/fr\/wp-json\/wp\/v2\/posts\/627227","targetHints":{"allow":["GET"]}}],"collection":[{"href":"https:\/\/www.europesays.com\/fr\/wp-json\/wp\/v2\/posts"}],"about":[{"href":"https:\/\/www.europesays.com\/fr\/wp-json\/wp\/v2\/types\/post"}],"author":[{"embeddable":true,"href":"https:\/\/www.europesays.com\/fr\/wp-json\/wp\/v2\/users\/2"}],"replies":[{"embeddable":true,"href":"https:\/\/www.europesays.com\/fr\/wp-json\/wp\/v2\/comments?post=627227"}],"version-history":[{"count":0,"href":"https:\/\/www.europesays.com\/fr\/wp-json\/wp\/v2\/posts\/627227\/revisions"}],"wp:featuredmedia":[{"embeddable":true,"href":"https:\/\/www.europesays.com\/fr\/wp-json\/wp\/v2\/media\/627228"}],"wp:attachment":[{"href":"https:\/\/www.europesays.com\/fr\/wp-json\/wp\/v2\/media?parent=627227"}],"wp:term":[{"taxonomy":"category","embeddable":true,"href":"https:\/\/www.europesays.com\/fr\/wp-json\/wp\/v2\/categories?post=627227"},{"taxonomy":"post_tag","embeddable":true,"href":"https:\/\/www.europesays.com\/fr\/wp-json\/wp\/v2\/tags?post=627227"}],"curies":[{"name":"wp","href":"https:\/\/api.w.org\/{rel}","templated":true}]}}