{"id":627229,"date":"2025-12-29T09:03:25","date_gmt":"2025-12-29T09:03:25","guid":{"rendered":"https:\/\/www.europesays.com\/fr\/627229\/"},"modified":"2025-12-29T09:03:25","modified_gmt":"2025-12-29T09:03:25","slug":"plusieurs-metros-transiliens-et-bus-circuleront-gratuitement-toute-la-nuit-en-ile-de-france","status":"publish","type":"post","link":"https:\/\/www.europesays.com\/fr\/627229\/","title":{"rendered":"plusieurs m\u00e9tros, transiliens et bus circuleront gratuitement toute la nuit en \u00cele-de-France"},"content":{"rendered":"<p class=\"article-p mdl\">C&rsquo;est devenu une tradition. Pour le Nouvel An, de nombreux transports en commun d&rsquo;\u00cele-de-France continueront de circuler durant la nuit, afin de permettre aux Franciliens de profiter pleinement des festivit\u00e9s.<\/p>\n<p class=\"article-p mdl\">\u00c0 partir de 17 heures le mercredi 31 d\u00e9cembre et jusqu&rsquo;au lendemain, midi, l&rsquo;int\u00e9gralit\u00e9 des transports en commun franciliens g\u00e9r\u00e9s par \u00cele-de-France Mobilit\u00e9s seront <strong>gratuits pour tous <\/strong>(en dehors des zones a\u00e9roportuaires).<\/p>\n<p class=\"article-p mdl\">Durant la nuit, six lignes de m\u00e9tro ne s&rsquo;interrompront pas et continueront de fonctionner entre 2h15 et 5h30, en plus de leurs horaires habituels d&rsquo;ouverture. Il s&rsquo;agit des lignes et de leurs stations suivantes :<\/p>\n<p class=\"article-p mdl\">&#8211; <strong>Ligne 1<\/strong> : La D\u00e9fense, Pont de Neuilly, Porte Maillot, Charles-de-Gaulle \u00c9toile, George V, Franklin D. Roosevelt, Concorde, Ch\u00e2telet, Bastille, Gare de Lyon, Nation et Ch\u00e2teau de Vincennes.<\/p>\n<p class=\"article-p mdl\">&#8211; <strong>Ligne 2<\/strong> :\u00a0Porte Dauphine, Charles-de-Gaulle \u00c9toile, Place de Clichy, Pigalle, Anvers, Barb\u00e8s Rochechouart, La Chapelle, Belleville, P\u00e8re Lachaise et Nation.<\/p>\n<p class=\"article-p mdl\">&#8211; <strong>Ligne 4<\/strong> :\u00a0Porte de Clignancourt, Barb\u00e8s Rochechouart, Gare du Nord, Gare de l&rsquo;Est, Strasbourg Saint-Denis, Les Halles, Ch\u00e2telet, Saint-Michel, Montparnasse-Bienven\u00fce, Denfert Rochereau, Porte d&rsquo;Orl\u00e9ans, Mairie de Montrouge et Bagneux Lucie Aubrac.<\/p>\n<p class=\"article-p mdl\">&#8211; <strong>Ligne 6<\/strong> :\u00a0Charles-de-Gaulle \u00c9toile, Kleber, Trocad\u00e9ro, Bir Hakeim, La Motte Picquet Grenelle, Cambronne, Montparnasse-Bienven\u00fce, Denfert Rochereau, Place d&rsquo;Italie, Bercy et Nation.<\/p>\n<p class=\"article-p mdl\">&#8211; <strong>Ligne 9<\/strong> :\u00a0Pont de S\u00e8vres, Porte de Saint-Cloud, La Muette Boulainvilliers, Trocad\u00e9ro, Alma-Marceau, Franklin D. Roosevelt, Saint-Augustin, Havre-Caumartin, Grands Boulevards, Strasbourg Saint-Denis, Oberkampf, Nation, Porte de Montreuil et Mairie de Montreuil.<\/p>\n<p class=\"article-p mdl\">&#8211; <strong>Ligne 14<\/strong> : Saint-Denis Pleyel, Mairie de Saint-Ouen, Saint-Ouen, Porte de Clichy, Pont Cardinet, Saint-Lazare, Madeleine, Pyramides, Ch\u00e2telet, Gare de Lyon, Bercy, Cour Saint-Emilion, Biblioth\u00e8que Fran\u00e7ois Mitterrand, Olympiades, Maison Blanche, H\u00f4pital Bic\u00eatre, Villejuif Gustave Roussy, L&rsquo;Ha\u00ff-Les-Roses, Chevilly-Larue et Thiais-Orly.<\/p>\n<p class=\"title\">\n                                                \u00ab\u00a0On est habitu\u00e9es \u00e0 \u00e7a\u00a0\u00bb : 7 femmes sur 10 victimes de violences sexuelles dans les transports en \u00cele-de-France<\/p>\n<p class=\"subtitle\">\n                                                    RTL \u00c9v\u00e9nement<\/p>\n<p>    <a href=\"https:\/\/www.rtl.fr\/programmes\/rtl-evenement\" class=\"cta\" data-section=\"\" target=\"_blank\" rel=\"noopener\"><\/p>\n<p>                                                D\u00e9couvrir l&rsquo;\u00e9mission<\/p>\n<p>        <\/a><\/p>\n<p class=\"title\">\n                                                Agressions dans les transports : une p\u00e9tition r\u00e9clame des wagons pour femmes <\/p>\n<p class=\"subtitle\">\n                                                    RTL Midi<\/p>\n<p>    <a href=\"https:\/\/www.rtl.fr\/programmes\/rtl-midi\" class=\"cta\" data-section=\"\" target=\"_blank\" rel=\"noopener\"><\/p>\n<p>                                                D\u00e9couvrir l&rsquo;\u00e9mission<\/p>\n<p>        <\/a><\/p>\n<p>Des RER et transiliens circuleront \u00e9galement<\/p>\n<p class=\"article-p mdl\">En plus des m\u00e9tros, des RER et transiliens circuleront \u00e9galement toute la nuit. Sont concern\u00e9es les lignes C (sauf entre Ermont-Eaubonne et Pontoise, service assur\u00e9 par la ligne H), D (sauf entre Corbeil-Essonnes et Malesherbes) et E (d\u00e9part Gare de l&rsquo;Est) ainsi que les lignes H, J, L, N, P, R.<\/p>\n<p>Quant aux RER A et B, ils circuleront dans les deux sens et desserviront toutes les gares. Enfin, c\u00f4t\u00e9 tramway, toutes les stations du T4 seront desservies sur l&rsquo;axe Bondy\/Aulnay-sous-Bois.<\/p>\n<p>Par ailleurs, lors de la nuit du 31 d\u00e9cembre 2025 au 1er janvier 2026, les lignes de bus de nuit circuleront comme une nuit de week-end classique.<\/p>\n<p>    La r\u00e9daction vous recommande<\/p>\n<p class=\"s-newsletter__title\">\n                L\u2019actualit\u00e9 par la r\u00e9daction de RTL dans votre bo\u00eete mail.\n            <\/p>\n<p class=\"s-newsletter__subtitle\">\n                Gr\u00e2ce \u00e0 votre compte RTL abonnez-vous \u00e0 la newsletter RTL info pour suivre toute l&rsquo;actualit\u00e9 au quotidien\n            <\/p>\n<p>\n                                    Lire la suite\n                                <\/p>\n","protected":false},"excerpt":{"rendered":"C&rsquo;est devenu une tradition. Pour le Nouvel An, de nombreux transports en commun d&rsquo;\u00cele-de-France continueront de circuler durant&hellip;\n","protected":false},"author":2,"featured_media":627230,"comment_status":"","ping_status":"","sticky":false,"template":"","format":"standard","meta":{"footnotes":""},"categories":[1592],"tags":[1111,11,1777,674,107,1011,27,662,12,39117,626,25,800],"class_list":{"0":"post-627229","1":"post","2":"type-post","3":"status-publish","4":"format-standard","5":"has-post-thumbnail","7":"category-ile-de-france","8":"tag-actu","9":"tag-actualites","10":"tag-eu","11":"tag-europe","12":"tag-fil-info","13":"tag-fr","14":"tag-france","15":"tag-ile-de-france","16":"tag-news","17":"tag-nouvel-an","18":"tag-paris","19":"tag-republique-francaise","20":"tag-transports"},"share_on_mastodon":{"url":"https:\/\/pubeurope.com\/@fr\/115802053234683530","error":""},"_links":{"self":[{"href":"https:\/\/www.europesays.com\/fr\/wp-json\/wp\/v2\/posts\/627229","targetHints":{"allow":["GET"]}}],"collection":[{"href":"https:\/\/www.europesays.com\/fr\/wp-json\/wp\/v2\/posts"}],"about":[{"href":"https:\/\/www.europesays.com\/fr\/wp-json\/wp\/v2\/types\/post"}],"author":[{"embeddable":true,"href":"https:\/\/www.europesays.com\/fr\/wp-json\/wp\/v2\/users\/2"}],"replies":[{"embeddable":true,"href":"https:\/\/www.europesays.com\/fr\/wp-json\/wp\/v2\/comments?post=627229"}],"version-history":[{"count":0,"href":"https:\/\/www.europesays.com\/fr\/wp-json\/wp\/v2\/posts\/627229\/revisions"}],"wp:featuredmedia":[{"embeddable":true,"href":"https:\/\/www.europesays.com\/fr\/wp-json\/wp\/v2\/media\/627230"}],"wp:attachment":[{"href":"https:\/\/www.europesays.com\/fr\/wp-json\/wp\/v2\/media?parent=627229"}],"wp:term":[{"taxonomy":"category","embeddable":true,"href":"https:\/\/www.europesays.com\/fr\/wp-json\/wp\/v2\/categories?post=627229"},{"taxonomy":"post_tag","embeddable":true,"href":"https:\/\/www.europesays.com\/fr\/wp-json\/wp\/v2\/tags?post=627229"}],"curies":[{"name":"wp","href":"https:\/\/api.w.org\/{rel}","templated":true}]}}