{"id":627237,"date":"2025-12-29T09:13:16","date_gmt":"2025-12-29T09:13:16","guid":{"rendered":"https:\/\/www.europesays.com\/fr\/627237\/"},"modified":"2025-12-29T09:13:16","modified_gmt":"2025-12-29T09:13:16","slug":"emmanuel-macron-annonce-une-reunion-des-allies-de-kiev-debut-janvier-a-paris","status":"publish","type":"post","link":"https:\/\/www.europesays.com\/fr\/627237\/","title":{"rendered":"Emmanuel Macron annonce une r\u00e9union des alli\u00e9s de Kiev d\u00e9but janvier \u00e0 Paris"},"content":{"rendered":"<p>\n    Le pr\u00e9sident fran\u00e7ais a indiqu\u00e9 qu\u2019il accueillerait une rencontre de la coalition des volontaires pour finaliser les engagements en faveur de l\u2019Ukraine et avancer sur les conditions d\u2019une paix durable.<\/p>\n<p class=\"fig-paragraph\">Le pr\u00e9sident fran\u00e7ais<a href=\"http:\/\/www.lefigaro.fr\/international\/poutine-pret-au-dialogue-avec-macron-selon-son-porte-parole-20251221\" data-fig-type=\"NewsFlash\" data-gtm-custom-categorie=\"navigation\" data-gtm-custom-action=\"crossclick\" data-gtm-custom-label=\"Contextuel\" data-gtm-event=\"customEventSPE\" data-fig-domain=\"LEFIGARO\" target=\"_blank\" rel=\"noopener\">\u00a0Emmanuel Macron<\/a>\u00a0a annonc\u00e9 lundi 29 d\u00e9cembre une r\u00e9union des alli\u00e9s de Kiev \u00e0 Paris d\u00e9but janvier autour des garanties de s\u00e9curit\u00e9 pour l&rsquo;Ukraine dans le cadre d&rsquo;un accord de paix avec la Russie.<\/p>\n<p class=\"fig-paragraph\">\u00abNous r\u00e9unirons les pays de la Coalition des volontaires \u00e0 Paris d\u00e9but janvier pour finaliser les contributions concr\u00e8tes de chacun\u00bb, a \u00e9crit sur X Emmanuel Macron, qui avait auparavant \u00e9chang\u00e9 avec ses homologues ukrainiens\u00a0<a href=\"https:\/\/video.lefigaro.fr\/figaro\/international\/l-ukraine-a-beaucoup-attaque-la-russie-lance-donald-trump-en-pleine-rencontre-avec-volodymyr-zelensky-1-20251228\" data-fig-type=\"Video\" data-gtm-custom-categorie=\"navigation\" data-gtm-custom-action=\"crossclick\" data-gtm-custom-label=\"Contextuel\" data-gtm-event=\"customEventSPE\" data-fig-domain=\"LEFIGARO\" target=\"_blank\" rel=\"noopener\">Volodymyr Zelensky<\/a>\u00a0et am\u00e9ricain Donald Trump, aux c\u00f4t\u00e9s de plusieurs autres dirigeants europ\u00e9ens. \u00abNous progressons sur les garanties de s\u00e9curit\u00e9 qui seront centrales pour construire une paix juste et durable\u00bb, a affirm\u00e9 le dirigeant fran\u00e7ais, qui s&rsquo;est \u00e9galement entretenu seul avec Volodymyr Zelensky.<\/p>\n<p>                                            <a class=\"fig-a11y-skip\" href=\"#fig-a11y-skip-main-inarticle\" data-module=\"a11y-skip\" data-context=\"was @visible\"><br \/>\n    Passer la publicit\u00e9<br \/>\n<\/a>            <\/p>\n<p>                                            Plan de paix<\/p>\n<p class=\"fig-paragraph\">Cette annonce intervient alors que Volodymyr Zelensky et Donald Trump se sont rencontr\u00e9s dimanche dans la r\u00e9sidence du pr\u00e9sident am\u00e9ricain en Floride, ce dernier se montrant r\u00e9solument optimiste, bien qu&rsquo;aussi \u00e9vasif, sur une r\u00e9solution prochaine du conflit qui fait rage depuis f\u00e9vrier 2022. \u00abCela a \u00e9t\u00e9 une n\u00e9gociation tr\u00e8s difficile\u00bb, a reconnu Donald Trump, \u00e9voquant de \u00abnombreux progr\u00e8s\u00bb. \u00abJe ne veux pas dire quand, mais je pense que nous allons y arriver\u00bb, a-t-il poursuivi, proposant aussi de venir s&rsquo;exprimer devant le Parlement ukrainien pour faire avancer son\u00a0<a href=\"http:\/\/www.lefigaro.fr\/international\/a-moscou-les-envoyes-de-donald-trump-defendent-son-plan-de-paix-pour-l-ukraine-devant-vladimir-poutine-20251202\" data-fig-type=\"Article\" data-gtm-custom-categorie=\"navigation\" data-gtm-custom-action=\"crossclick\" data-gtm-custom-label=\"Contextuel\" data-gtm-event=\"customEventSPE\" data-fig-domain=\"LEFIGARO\" target=\"_blank\" rel=\"noopener\">plan de paix.<\/a><\/p>\n<p class=\"fig-paragraph\">Prenant la parole \u00e0 ses c\u00f4t\u00e9s, Volodymyr Zelensky s&rsquo;est voulu enthousiaste lui aussi, parlant de \u00abgrandes avanc\u00e9es\u00bb, notamment \u00ab90%\u00bb du plan de paix am\u00e9ricain en 20 points \u00abapprouv\u00e9\u00bb, des \u00abgaranties de s\u00e9curit\u00e9\u00bb pour l&rsquo;Ukraine \u00abapprouv\u00e9es\u00bb pour certaines et \u00abpresque approuv\u00e9es\u00bb pour d&rsquo;autres, ainsi que d&rsquo;\u00abun plan de prosp\u00e9rit\u00e9 en cours de finalisation\u00bb.<\/p>\n","protected":false},"excerpt":{"rendered":"Le pr\u00e9sident fran\u00e7ais a indiqu\u00e9 qu\u2019il accueillerait une rencontre de la coalition des volontaires pour finaliser les engagements&hellip;\n","protected":false},"author":2,"featured_media":627238,"comment_status":"","ping_status":"","sticky":false,"template":"","format":"standard","meta":{"footnotes":""},"categories":[1888],"tags":[11,1777,674,1011,27,11514,12,626,25,220],"class_list":{"0":"post-627237","1":"post","2":"type-post","3":"status-publish","4":"format-standard","5":"has-post-thumbnail","7":"category-paris","8":"tag-actualites","9":"tag-eu","10":"tag-europe","11":"tag-fr","12":"tag-france","13":"tag-macron","14":"tag-news","15":"tag-paris","16":"tag-republique-francaise","17":"tag-ukraine"},"share_on_mastodon":{"url":"https:\/\/pubeurope.com\/@fr\/115802092648623769","error":""},"_links":{"self":[{"href":"https:\/\/www.europesays.com\/fr\/wp-json\/wp\/v2\/posts\/627237","targetHints":{"allow":["GET"]}}],"collection":[{"href":"https:\/\/www.europesays.com\/fr\/wp-json\/wp\/v2\/posts"}],"about":[{"href":"https:\/\/www.europesays.com\/fr\/wp-json\/wp\/v2\/types\/post"}],"author":[{"embeddable":true,"href":"https:\/\/www.europesays.com\/fr\/wp-json\/wp\/v2\/users\/2"}],"replies":[{"embeddable":true,"href":"https:\/\/www.europesays.com\/fr\/wp-json\/wp\/v2\/comments?post=627237"}],"version-history":[{"count":0,"href":"https:\/\/www.europesays.com\/fr\/wp-json\/wp\/v2\/posts\/627237\/revisions"}],"wp:featuredmedia":[{"embeddable":true,"href":"https:\/\/www.europesays.com\/fr\/wp-json\/wp\/v2\/media\/627238"}],"wp:attachment":[{"href":"https:\/\/www.europesays.com\/fr\/wp-json\/wp\/v2\/media?parent=627237"}],"wp:term":[{"taxonomy":"category","embeddable":true,"href":"https:\/\/www.europesays.com\/fr\/wp-json\/wp\/v2\/categories?post=627237"},{"taxonomy":"post_tag","embeddable":true,"href":"https:\/\/www.europesays.com\/fr\/wp-json\/wp\/v2\/tags?post=627237"}],"curies":[{"name":"wp","href":"https:\/\/api.w.org\/{rel}","templated":true}]}}