{"id":627241,"date":"2025-12-29T09:15:13","date_gmt":"2025-12-29T09:15:13","guid":{"rendered":"https:\/\/www.europesays.com\/fr\/627241\/"},"modified":"2025-12-29T09:15:13","modified_gmt":"2025-12-29T09:15:13","slug":"en-ukraine-danse-avec-les-stars-est-de-retour-mais-lemission-doit-sadapter-aux-contraintes-de-la-guerre","status":"publish","type":"post","link":"https:\/\/www.europesays.com\/fr\/627241\/","title":{"rendered":"En Ukraine, \u00ab\u00a0Danse avec les stars\u00a0\u00bb est de retour, mais l\u2019\u00e9mission doit s\u2019adapter aux contraintes de la guerre"},"content":{"rendered":"<p>        <img decoding=\"async\" loading=\"lazy\" src=\"https:\/\/www.europesays.com\/fr\/wp-content\/uploads\/2025\/12\/bdb3332_upload-1-qijaaleoqjia-afp-20251218-88la49e-v2-highres-ukrainerussiaconflictwar.jpg\"  width=\"728\" height=\"409\" alt=\"En Ukraine, \u00ab\u00a0Danse avec les stars\u00a0\u00bb est de retour, mais l\u2019\u00e9mission doit s\u2019adapter aux contraintes de la guerre. (clich\u00e9 pris lors d\u2019une s\u00e9ance photo des participants avant le tournage)\"\/>  <\/p>\n<p>TETIANA DZHAFAROVA \/ AFP<\/p>\n<p>En Ukraine, \u00ab\u00a0Danse avec les stars\u00a0\u00bb est de retour, mais l\u2019\u00e9mission doit s\u2019adapter aux contraintes de la guerre. (clich\u00e9 pris lors d\u2019une s\u00e9ance photo des participants avant le tournage)<\/p>\n<p>      <strong>EN BREF<\/strong> <strong>\u2022 <\/strong>L\u2019\u00e9mission Danse avec les stars remport\u00e9e en 2006 par Volodymyr Zelensky reprend ce dimanche en Ukraine avec un num\u00e9ro sp\u00e9cial.<br \/><strong>\u2022 <\/strong>L\u2019\u00e9pisode met en avant les h\u00e9ros et bless\u00e9s de guerre pour c\u00e9l\u00e9brer la r\u00e9silience face \u00e0 l\u2019invasion russe.<br \/><strong>\u2022 <\/strong>L\u2019\u00e9mission, pr\u00e9-enregistr\u00e9e \u00e0 cause des risques de frappes russes, reversera ses b\u00e9n\u00e9fices \u00e0 une clinique pour bless\u00e9s de guerre.                         <\/p>\n<p class=\"asset asset-text\">Il n\u2019y a <a href=\"https:\/\/www.huffingtonpost.fr\/divertissement\/article\/danse-avec-les-stars-saison-15-celebrites-jures-tout-savoir-sur-la-nouvelle-saison_258340.html\" target=\"_blank\" rel=\"noopener\" title=\"Nouvelle fen\u00eatre\">pas qu\u2019en France<\/a> que Danse avec les Stars cartonne aupr\u00e8s du public. Tr\u00e8s appr\u00e9ci\u00e9 en Ukraine, le programme de danse fait son retour dans le pays ce dimanche 28\u00a0d\u00e9cembre, a rapport\u00e9 l\u2019agence <a href=\"https:\/\/apnews.com\/article\/ukraine-russia-war-dancing-with-stars-d6267c29665ebde73b9a36e19c26ed48\" target=\"_blank\" rel=\"noopener\" title=\"Nouvelle fen\u00eatre\">Associated Press<\/a>. Pr\u00e9-enregistr\u00e9e la semaine derni\u00e8re, cette \u00e9dition de Tantsi z zirkamy (le nom ukrainien de l\u2019\u00e9mission) va mettre \u00e0 l\u2019honneur des \u00ab\u00a0h\u00e9ros de guerre\u00a0\u00bb pour c\u00e9l\u00e9brer la r\u00e9sistance de la nation ukrainienne face \u00e0 l\u2019invasion russe.<\/p>\n<p class=\"asset asset-text\">\u00ab\u00a0C\u2019est une question de r\u00e9silience\u00a0\u00bb, a affirm\u00e9 Volodymyr Zavadiuk, un des producteurs du programme cit\u00e9 par l\u2019agence de presse am\u00e9ricaine. Selon lui, la reprise de l\u2019\u00e9mission offre une parenth\u00e8se pr\u00e9cieuse alors que la guerre contre la Russie se poursuit et que les attaques contre les infrastructures \u00e9nerg\u00e9tiques <a href=\"https:\/\/www.huffingtonpost.fr\/international\/article\/en-ukraine-ce-black-out-cause-par-les-bombardements-russes-dit-beaucoup-des-risques-pour-le-pays-cet-hiver_256976.html\" target=\"_blank\" rel=\"noopener\">font craindre le pire avec l\u2019arriv\u00e9e de l\u2019hiver<\/a>.<\/p>\n<p class=\"asset asset-text\">Ces conditions difficiles n\u2019ont d\u2019ailleurs pas \u00e9pargn\u00e9 le tournage, lui aussi concern\u00e9 par le risque de <a href=\"https:\/\/www.huffingtonpost.fr\/international\/article\/malgre-des-pourparlers-productifs-a-miami-l-ukraine-denonce-des-frappes-russes-pres-de-soumy_258480.html\" target=\"_blank\" rel=\"noopener\">frappes russes<\/a> et de coupures de courant. Un \u00ab\u00a0g\u00e9n\u00e9rateur cl\u00e9\u00a0\u00bb a notamment connu un dysfonctionnement lors de l\u2019enregistrement. Celui-ci a d\u00fb avoir lieu en amont de la diffusion, un tournage en direct \u00e9tant impossible compte tenu du risque d\u2019attaque permanent.<\/p>\n<p>                     Un hommage aux bless\u00e9s de guerre    <\/p>\n<p class=\"asset asset-text\">Tous les b\u00e9n\u00e9fices de cette \u00e9dition sp\u00e9ciale de Danse avec les Stars seront revers\u00e9s \u00e0 la clinique Superhumans Center, qui est sp\u00e9cialis\u00e9e dans la r\u00e9\u00e9ducation et le soin des bless\u00e9s de guerre. Ces derniers ont aussi vu leurs parcours mis en avant sur le parquet de danse, comme en t\u00e9moigne la participation de Ruslana Danilkina, une v\u00e9t\u00e9rante qui a perdu sa jambe dans des affrontements en 2022.<\/p>\n<p> La lecture de ce contenu est susceptible d\u2019entra\u00eener un d\u00e9p\u00f4t de cookies de la part de l\u2019op\u00e9rateur tiers qui l\u2019h\u00e9berge. Compte-tenu des choix que vous avez exprim\u00e9s en mati\u00e8re de d\u00e9p\u00f4t de cookies, nous avons bloqu\u00e9 l\u2019affichage de ce contenu. Si vous souhaitez y acc\u00e9der, vous devez accepter la cat\u00e9gorie de cookies \u201cContenus tiers\u201d en cliquant sur le bouton ci-dessous. <\/p>\n<p> Lire la Vid\u00e9o        <\/p>\n<p class=\"asset asset-text\">Sa performance qui sera d\u00e9voil\u00e9e dimanche met en avant sa proth\u00e8se, avec pour but de reprendre possession de sa f\u00e9minit\u00e9 malgr\u00e9 sa blessure. \u00ab\u00a0Le num\u00e9ro parle de la vie et d\u2019accepter l\u2019amour\u00a0\u00bb, a-t-elle confi\u00e9 \u00e0 l\u2019Associated Press, expliquant qu\u2019\u00ab\u00a0il est tr\u00e8s difficile de s\u2019aimer soi-m\u00eame\u00a0\u00bb ou de \u00ab\u00a0laisser quelqu\u2019un d\u2019autre vous aimer\u00a0\u00bb quand \u00ab\u00a0votre corps est bless\u00e9\u00a0\u00bb.<\/p>\n<p class=\"asset asset-text\">L\u2019Ukrainienne n\u2019est pas la seule bless\u00e9e de guerre \u00e0 avoir tent\u00e9 sa chance face aux juges. Le v\u00e9t\u00e9ran Ivan Voinov a perform\u00e9 aux c\u00f4t\u00e9s de sa femme Solomiia, \u00e0 qui il est mari\u00e9 depuis trois mois. Cette danse n\u2019est que la deuxi\u00e8me qu\u2019ils partagent depuis sa blessure, \u00ab\u00a0la premi\u00e8re ayant eu lieu lors de leur mariage\u00a0\u00bb selon l\u2019Associated Press. \u00ab\u00a0Nous pourrons continuer \u00e0 danser, a-t-il assur\u00e9, cela signifie qu\u2019il y a un avenir.\u00a0\u00bb<\/p>\n<p class=\"asset asset-text\">Le public pourra voter pour d\u00e9signer sa performance favorite lors de la diffusion dimanche. Le gagnant ou la gagnante marchera dans les pas d\u2019un certain Volodymyr Zelensky, qui avait remport\u00e9 la premi\u00e8re saison de l\u2019\u00e9mission en 2006, \u00e0 l\u2019\u00e9poque o\u00f9 <a href=\"https:\/\/www.huffingtonpost.fr\/culture\/video\/volodymyr-zelensky-d-acteur-comique-populaire-a-chef-de-guerre_194353.html\" target=\"_blank\" rel=\"noopener\">il \u00e9tait encore com\u00e9dien<\/a>.<\/p>\n","protected":false},"excerpt":{"rendered":"TETIANA DZHAFAROVA \/ AFP En Ukraine, \u00ab\u00a0Danse avec les stars\u00a0\u00bb est de retour, mais l\u2019\u00e9mission doit s\u2019adapter aux&hellip;\n","protected":false},"author":2,"featured_media":627242,"comment_status":"","ping_status":"","sticky":false,"template":"","format":"standard","meta":{"footnotes":""},"categories":[1590],"tags":[11,194,1777,674,14,12,252,220],"class_list":{"0":"post-627241","1":"post","2":"type-post","3":"status-publish","4":"format-standard","5":"has-post-thumbnail","7":"category-ukraine","8":"tag-actualites","9":"tag-danse-avec-les-stars","10":"tag-eu","11":"tag-europe","12":"tag-international","13":"tag-news","14":"tag-television","15":"tag-ukraine"},"share_on_mastodon":{"url":"https:\/\/pubeurope.com\/@fr\/115802100538874914","error":""},"_links":{"self":[{"href":"https:\/\/www.europesays.com\/fr\/wp-json\/wp\/v2\/posts\/627241","targetHints":{"allow":["GET"]}}],"collection":[{"href":"https:\/\/www.europesays.com\/fr\/wp-json\/wp\/v2\/posts"}],"about":[{"href":"https:\/\/www.europesays.com\/fr\/wp-json\/wp\/v2\/types\/post"}],"author":[{"embeddable":true,"href":"https:\/\/www.europesays.com\/fr\/wp-json\/wp\/v2\/users\/2"}],"replies":[{"embeddable":true,"href":"https:\/\/www.europesays.com\/fr\/wp-json\/wp\/v2\/comments?post=627241"}],"version-history":[{"count":0,"href":"https:\/\/www.europesays.com\/fr\/wp-json\/wp\/v2\/posts\/627241\/revisions"}],"wp:featuredmedia":[{"embeddable":true,"href":"https:\/\/www.europesays.com\/fr\/wp-json\/wp\/v2\/media\/627242"}],"wp:attachment":[{"href":"https:\/\/www.europesays.com\/fr\/wp-json\/wp\/v2\/media?parent=627241"}],"wp:term":[{"taxonomy":"category","embeddable":true,"href":"https:\/\/www.europesays.com\/fr\/wp-json\/wp\/v2\/categories?post=627241"},{"taxonomy":"post_tag","embeddable":true,"href":"https:\/\/www.europesays.com\/fr\/wp-json\/wp\/v2\/tags?post=627241"}],"curies":[{"name":"wp","href":"https:\/\/api.w.org\/{rel}","templated":true}]}}