{"id":627247,"date":"2025-12-29T09:18:26","date_gmt":"2025-12-29T09:18:26","guid":{"rendered":"https:\/\/www.europesays.com\/fr\/627247\/"},"modified":"2025-12-29T09:18:26","modified_gmt":"2025-12-29T09:18:26","slug":"lou-jeanmonnot-et-fabien-claude-prennent-la-deuxieme-place-du-biathlon-world-team-challenge","status":"publish","type":"post","link":"https:\/\/www.europesays.com\/fr\/627247\/","title":{"rendered":"Lou Jeanmonnot et Fabien Claude prennent la deuxi\u00e8me place du Biathlon World Team Challenge"},"content":{"rendered":"<p style=\"text-align: justify;\"><strong>BIATHLON WORLD TEAM CHALLENGE 2025 \u2013 Trop inconstants au tir, Lou Jeanmonnot et Fabien Claude doivent se contenter de la deuxi\u00e8me place derri\u00e8re l\u2019Allemagne.<\/strong><\/p>\n<p style=\"text-align: justify;\">Le Biathlon World Team Challenge, c\u2019est une course en duo, sous la forme d\u2019une mass start encha\u00een\u00e9e avec une poursuite, chaque membre faisant une boucle et un tir \u00e0 tour de r\u00f4le, un spectacle dans le stade de Schalke pour occuper les cracks pendant les f\u00eates. Grand sp\u00e9cialiste de l\u2019exercice, vainqueur avec <strong>Julia Simon<\/strong> en <a href=\"https:\/\/dicodusport.fr\/blog\/biathlon-julia-simon-et-fabien-claude-remportent-le-world-team-challenge\/\" target=\"_blank\" rel=\"noopener\"><strong>2022<\/strong><\/a> et <a href=\"https:\/\/dicodusport.fr\/blog\/biathlon-world-team-challenge-julia-simon-et-fabien-claude-conservent-leur-titre\/\" target=\"_blank\" rel=\"noopener\"><strong>2023<\/strong><\/a>, <strong>Fabien Claude<\/strong> faisait cette fois \u00e9quipe avec<strong> Lou Jeanmonnot<\/strong> pour tenter de ramener le titre en France apr\u00e8s l\u2019\u00e9chec de l\u2019an pass\u00e9.<\/p>\n<p><a href=\"https:\/\/dicodusport.fr\/blog\/biathlon-world-team-challenge-sturla-laegreid-et-karoline-knotten-au-dessus-du-lot-les-bleus-en-retrait\/\" class=\"vlp-link\" title=\"Biathlon World Team Challenge : Sturla Laegreid et Karoline Knotten au-dessus du lot, les Bleus en retrait\" target=\"_blank\" rel=\"noopener\"><img loading=\"lazy\" decoding=\"async\" style=\"max-width: 792px;\" width=\"792\" height=\"445\" class=\"attachment-800x445 size-800x445 perfmatters-lazy\" alt=\"Biathlon World Team Challenge : Sturla Laegreid et Karoline Knotten au-dessus du lot, les Bleus en retrait\" src=\"https:\/\/www.europesays.com\/fr\/wp-content\/uploads\/2025\/12\/Sturla.png\"  data-\/><\/p>\n<p>Biathlon World Team Challenge : Sturla Laegreid et Karoline Knotten au-dessus du lot, les Bleus en retrait<\/p>\n<p>BIATHLON WORLD TEAM CHALLENGE &#8211; Il n&rsquo;y aura pas de tripl\u00e9 pour Fabien Claude et Julia Simon. \u00c0 Gelsenkirchen, la paire fran\u00e7aise a explos\u00e9 lors de la poursuite apr\u00e8s une bonne mass start. Vainqueure des deux \u00e9preuves, la paire norv\u00e9gienne Strula Laegreid &#8211; Karoline Knotten ajoute son nom au palmar\u00e8s.<\/p>\n<p>Lire l&rsquo;article<\/p>\n<p>dicodusport.fr<\/p>\n<p>Compliqu\u00e9 au tir pour Claude<\/p>\n<p style=\"text-align: justify;\">Le traditionnel concours de tir ouvrait la route, histoire de faire chauffer le public. Quatre tirs encha\u00een\u00e9s, et un <strong>Justus Strelow<\/strong> qui raflait la mise pour la gloire, avant le lancement de la mass start. <strong>Lou Jeanmonnot<\/strong> lan\u00e7ait son \u00e9quipe en patronne, mais d\u00e8s son premier tir, <strong>Fabien Claude<\/strong> en sortait deux, puis une au debout. Heureusement, gr\u00e2ce \u00e0 sa leader, imp\u00e9riale, le duo fran\u00e7ais \u00e9tait seulement \u00e0 7 secondes \u00e0 mi-course.<\/p>\n<p style=\"text-align: justify;\">Royale, <strong>Jeanmonnot<\/strong> semblait en d\u00e9monstration, mais son comparse n\u2019\u00e9tait pas au niveau sur le pas de tir. Et finalement, la leader de la Coupe du monde craquait sur son dernier tir, sortant ses deux premi\u00e8res balles de la course, pendant que<strong> Fabien Claude<\/strong> terminait avec un d\u00e9cevant 15\/20 et aucun tir parfait sur son passage. N\u00e9anmoins, le reste de la concurrence n\u2019avait gu\u00e8re \u00e9t\u00e9 plus convaincant derri\u00e8re la carabine, et avec la r\u00e8gle des \u00e9carts divis\u00e9s par deux, la France allait finalement prendre le d\u00e9part de la poursuite avec seulement 5 secondes de d\u00e9bours sur l\u2019Allemagne.<\/p>\n<p>Il en manquait un peu<\/p>\n<p style=\"text-align: justify;\">De quoi laisser l\u2019espoir de victoire bien vivace. <strong>Jeanmonnot<\/strong> abordait donc le premier tir avec <strong>Janina Hettich-Walz<\/strong> et <strong>Juni Arnekleiv<\/strong>, et repartait avec seulement l\u2019Allemande. Plus fort \u00e0 skis, Claude tenait le choc au tir face \u00e0 <strong>Strelow<\/strong> avec son premier <strong>5\/5<\/strong> de la journ\u00e9e, mais la premi\u00e8re faute de sa comparse le contraignait \u00e0 une premi\u00e8re course poursuite. Perdue, puisqu\u2019il sortait deux cartouches, pendant que <strong>Strelow<\/strong> faisait un festival derri\u00e8re la carabine, et le duo fran\u00e7ais coupait la ligne \u00e0 30 secondes de la t\u00eate \u00e0 mi-poursuite.<\/p>\n<p style=\"text-align: justify;\">L\u2019Allemagne semblait lanc\u00e9e, et <strong>Jeanmonnot<\/strong> ne reprenait quasiment rien, tout comme <strong>Claude<\/strong>, malgr\u00e9 un nouveau tir parfait. Mais sur son dernier tir, <strong>Janina Hettich-Walz<\/strong> sortait une balle, et <strong>Jeanmonnot<\/strong> passait le dernier relais \u00e0 \u00ab\u00a0seulement\u00a0\u00bb 11 secondes, malgr\u00e9 une chute en quittant le pas de tir. Malheureusement, <strong>Strelow<\/strong> n\u2019allait pas trembler, et<strong> Fabien Claude<\/strong> sortait la balle de trop. Rien \u00e0 dire, la paire allemande a \u00e9t\u00e9 bien meilleure au tir, et <strong>Lou Jeanmonnot<\/strong> et <strong>Fabien Claude<\/strong> doivent se contenter de la deuxi\u00e8me place. De quoi offrir du carburant pour la reprise de la Coupe du monde ?<\/p>\n<p>\n<a href=\"https:\/\/dicodusport.fr\/blog\/offres\/abonnements-sans-pub\/\" target=\"_blank\" rel=\"noopener\"><img loading=\"lazy\" decoding=\"async\" class=\"alignnone size-full wp-image-501284 perfmatters-lazy\" alt=\"\" width=\"1200\" height=\"200\" src=\"https:\/\/www.europesays.com\/fr\/wp-content\/uploads\/2025\/04\/Abonnements-sans-pubs-Dicodusport.png\"\/><\/a><\/p>\n<p>\u00c0 lire aussi<br \/>\n<a href=\"https:\/\/dicodusport.fr\/blog\/edito-aimer-le-biathlon-francais-sans-fermer-les-yeux\/\" class=\"vlp-link\" title=\"\u00c9dito : Aimer le biathlon fran\u00e7ais sans fermer les yeux\" target=\"_blank\" rel=\"noopener\"><img loading=\"lazy\" decoding=\"async\" style=\"max-width: 792px;\" width=\"792\" height=\"445\" class=\"attachment-800x445 size-800x445 perfmatters-lazy\" alt=\"\u00c9dito Aimer le biathlon fran\u00e7ais sans fermer les yeux\" src=\"https:\/\/www.europesays.com\/fr\/wp-content\/uploads\/2025\/12\/Edito-Aimer-le-biathlon-francais-sans-fermer-les-yeux.png\"  data-\/><\/p>\n<p>\u00c9dito : Aimer le biathlon fran\u00e7ais sans fermer les yeux<\/p>\n<p>Aimer le biathlon fran\u00e7ais sans fermer les yeux : quand l\u2019exigence, la pression m\u00e9diatique et l\u2019humain entrent en collision.<\/p>\n<p>Lire l&rsquo;article<\/p>\n<p>dicodusport.fr<\/p>\n","protected":false},"excerpt":{"rendered":"BIATHLON WORLD TEAM CHALLENGE 2025 \u2013 Trop inconstants au tir, Lou Jeanmonnot et Fabien Claude doivent se contenter&hellip;\n","protected":false},"author":2,"featured_media":627248,"comment_status":"","ping_status":"","sticky":false,"template":"","format":"standard","meta":{"footnotes":""},"categories":[1587],"tags":[11,672,2113,1804,1805,1803,1777,674,73652,1801,73653,12,1802,73654],"class_list":{"0":"post-627247","1":"post","2":"type-post","3":"status-publish","4":"format-standard","5":"has-post-thumbnail","7":"category-allemagne","8":"tag-actualites","9":"tag-allemagne","10":"tag-breve","11":"tag-bundesrepublik-deutschland","12":"tag-de","13":"tag-deutschland","14":"tag-eu","15":"tag-europe","16":"tag-fabien-claude","17":"tag-germany","18":"tag-lou-jeanmonnot","19":"tag-news","20":"tag-republique-federale-dallemagne","21":"tag-world-team-challenge"},"share_on_mastodon":{"url":"https:\/\/pubeurope.com\/@fr\/115802112435549332","error":""},"_links":{"self":[{"href":"https:\/\/www.europesays.com\/fr\/wp-json\/wp\/v2\/posts\/627247","targetHints":{"allow":["GET"]}}],"collection":[{"href":"https:\/\/www.europesays.com\/fr\/wp-json\/wp\/v2\/posts"}],"about":[{"href":"https:\/\/www.europesays.com\/fr\/wp-json\/wp\/v2\/types\/post"}],"author":[{"embeddable":true,"href":"https:\/\/www.europesays.com\/fr\/wp-json\/wp\/v2\/users\/2"}],"replies":[{"embeddable":true,"href":"https:\/\/www.europesays.com\/fr\/wp-json\/wp\/v2\/comments?post=627247"}],"version-history":[{"count":0,"href":"https:\/\/www.europesays.com\/fr\/wp-json\/wp\/v2\/posts\/627247\/revisions"}],"wp:featuredmedia":[{"embeddable":true,"href":"https:\/\/www.europesays.com\/fr\/wp-json\/wp\/v2\/media\/627248"}],"wp:attachment":[{"href":"https:\/\/www.europesays.com\/fr\/wp-json\/wp\/v2\/media?parent=627247"}],"wp:term":[{"taxonomy":"category","embeddable":true,"href":"https:\/\/www.europesays.com\/fr\/wp-json\/wp\/v2\/categories?post=627247"},{"taxonomy":"post_tag","embeddable":true,"href":"https:\/\/www.europesays.com\/fr\/wp-json\/wp\/v2\/tags?post=627247"}],"curies":[{"name":"wp","href":"https:\/\/api.w.org\/{rel}","templated":true}]}}