{"id":627249,"date":"2025-12-29T09:19:15","date_gmt":"2025-12-29T09:19:15","guid":{"rendered":"https:\/\/www.europesays.com\/fr\/627249\/"},"modified":"2025-12-29T09:19:15","modified_gmt":"2025-12-29T09:19:15","slug":"munitions-au-plomb-leurope-assouplit-sa-copie-mais-le-compte-a-rebours-est-lance","status":"publish","type":"post","link":"https:\/\/www.europesays.com\/fr\/627249\/","title":{"rendered":"Munitions au plomb, l\u2019Europe assouplit sa copie mais le compte \u00e0 rebours est lanc\u00e9"},"content":{"rendered":"\n<p>Apr\u00e8s plusieurs mois de d\u00e9bats et de pressions exerc\u00e9es par les \u00c9tats membres et les organisations cyn\u00e9g\u00e9tiques, la Commission europ\u00e9enne a revu sa proposition de restriction sur l\u2019utilisation du plomb dans les munitions de chasse. Pr\u00e9sent\u00e9e et d\u00e9battue le 16 d\u00e9cembre 2025 au sein du comit\u00e9 REACH, cette version r\u00e9vis\u00e9e introduit des ajustements significatifs sur les p\u00e9riodes de transition. Une \u00e9volution accueillie avec prudence par le monde de la chasse, qui reste directement concern\u00e9 par l\u2019un des dossiers r\u00e9glementaires les plus sensibles de ces derni\u00e8res ann\u00e9es.<\/p>\n<p>\u00a0<\/p>\n<p><strong>Des d\u00e9lais de transition allong\u00e9s pour certaines munitions de chasse<\/strong><\/p>\n<p>La principale \u00e9volution concerne les balles de chasse \u00e0 percussion centrale. Pour les calibres \u00e9gaux ou sup\u00e9rieurs \u00e0 5,6 mm, la Commission propose d\u00e9sormais une p\u00e9riode de transition de 5 ans, contre seulement 18 mois dans le projet initial. Un changement majeur, qui r\u00e9pond aux inqui\u00e9tudes exprim\u00e9es par plusieurs \u00c9tats membres quant \u00e0 la faisabilit\u00e9 technique et \u00e9conomique d\u2019un basculement aussi rapide vers des alternatives sans plomb.<\/p>\n<p>Autre ajustement notable, les balles de calibre inf\u00e9rieur \u00e0 5,6 mm, ainsi que toutes les munitions \u00e0 percussion annulaire utilis\u00e9es pour la chasse, b\u00e9n\u00e9ficieraient d\u2019un d\u00e9lai de 15 ans, assorti d\u2019une clause de r\u00e9vision apr\u00e8s 10 ans. Cette diff\u00e9renciation reconna\u00eet implicitement les difficult\u00e9s sp\u00e9cifiques li\u00e9es \u00e0 ces calibres, pour lesquels les substituts au plomb restent limit\u00e9s, co\u00fbteux ou balistiquement imparfaits.<\/p>\n<p>\u00a0<\/p>\n<p><strong>Le plomb dans les cartouches : des incoh\u00e9rences qui persistent<\/strong><\/p>\n<p>En revanche, la proposition maintient un d\u00e9lai de transition de 3 ans pour l\u2019interdiction de l\u2019utilisation du plomb dans les cartouches de chasse. Une dur\u00e9e jug\u00e9e courte par de nombreux acteurs du secteur, d\u2019autant plus qu\u2019elle diff\u00e8re de la p\u00e9riode de 5 ans envisag\u00e9e pour l\u2019interdiction de la mise sur le march\u00e9 de ces m\u00eames munitions.<\/p>\n<p>Cette incoh\u00e9rence r\u00e9glementaire est r\u00e9guli\u00e8rement d\u00e9nonc\u00e9e par les f\u00e9d\u00e9rations de chasseurs et les professionnels de la fili\u00e8re, qui y voient un manque de logique juridique et pratique. Interdire l\u2019usage plus rapidement que la commercialisation pose en effet des questions concr\u00e8tes de disponibilit\u00e9, de stockage et de transition pour les chasseurs comme pour les armuriers.<\/p>\n<p>\u00a0<\/p>\n<p><strong>Un dossier REACH toujours en \u00e9volution, sous haute surveillance<\/strong><\/p>\n<p>Le texte discut\u00e9 le 16 d\u00e9cembre 2025 au comit\u00e9 REACH n\u2019est pas encore d\u00e9finitif. Il s\u2019inscrit dans le cadre du r\u00e8glement europ\u00e9en REACH, qui vise \u00e0 restreindre l\u2019utilisation de substances chimiques jug\u00e9es dangereuses pour la sant\u00e9 humaine et l\u2019environnement. Le plomb, en particulier pour ses effets sur l\u2019avifaune et les \u00e9cosyst\u00e8mes, est dans le viseur des institutions europ\u00e9ennes depuis plusieurs ann\u00e9es.<\/p>\n<p>Des organisations comme FACE, qui repr\u00e9sente environ 7 millions de chasseurs europ\u00e9ens, continuent de suivre \u00e9troitement ce dossier et de plaider pour des mesures proportionn\u00e9es, scientifiquement fond\u00e9es et compatibles avec la r\u00e9alit\u00e9 du terrain. En parall\u00e8le, l\u2019industrie travaille au d\u00e9veloppement de munitions alternatives (cuivre, alliages, acier), dont l\u2019efficacit\u00e9, le co\u00fbt et l\u2019impact environnemental font encore d\u00e9bat.<\/p>\n<p>Si cette nouvelle version marque un assouplissement notable par rapport au projet initial, elle confirme n\u00e9anmoins une tendance de fond : la fin programm\u00e9e du plomb dans les munitions de chasse en Europe. Pour les chasseurs, l\u2019enjeu n\u2019est donc plus de savoir si la transition aura lieu, mais comment s\u2019y pr\u00e9parer dans des conditions acceptables.<\/p>\n","protected":false},"excerpt":{"rendered":"Apr\u00e8s plusieurs mois de d\u00e9bats et de pressions exerc\u00e9es par les \u00c9tats membres et les organisations cyn\u00e9g\u00e9tiques, la&hellip;\n","protected":false},"author":2,"featured_media":627250,"comment_status":"","ping_status":"","sticky":false,"template":"","format":"standard","meta":{"footnotes":""},"categories":[1586],"tags":[11,1777,674,1011,27,27614,12,33051,25],"class_list":{"0":"post-627249","1":"post","2":"type-post","3":"status-publish","4":"format-standard","5":"has-post-thumbnail","7":"category-europe","8":"tag-actualites","9":"tag-eu","10":"tag-europe","11":"tag-fr","12":"tag-france","13":"tag-munitions","14":"tag-news","15":"tag-plomb","16":"tag-republique-francaise"},"share_on_mastodon":{"url":"https:\/\/pubeurope.com\/@fr\/115802116285456219","error":""},"_links":{"self":[{"href":"https:\/\/www.europesays.com\/fr\/wp-json\/wp\/v2\/posts\/627249","targetHints":{"allow":["GET"]}}],"collection":[{"href":"https:\/\/www.europesays.com\/fr\/wp-json\/wp\/v2\/posts"}],"about":[{"href":"https:\/\/www.europesays.com\/fr\/wp-json\/wp\/v2\/types\/post"}],"author":[{"embeddable":true,"href":"https:\/\/www.europesays.com\/fr\/wp-json\/wp\/v2\/users\/2"}],"replies":[{"embeddable":true,"href":"https:\/\/www.europesays.com\/fr\/wp-json\/wp\/v2\/comments?post=627249"}],"version-history":[{"count":0,"href":"https:\/\/www.europesays.com\/fr\/wp-json\/wp\/v2\/posts\/627249\/revisions"}],"wp:featuredmedia":[{"embeddable":true,"href":"https:\/\/www.europesays.com\/fr\/wp-json\/wp\/v2\/media\/627250"}],"wp:attachment":[{"href":"https:\/\/www.europesays.com\/fr\/wp-json\/wp\/v2\/media?parent=627249"}],"wp:term":[{"taxonomy":"category","embeddable":true,"href":"https:\/\/www.europesays.com\/fr\/wp-json\/wp\/v2\/categories?post=627249"},{"taxonomy":"post_tag","embeddable":true,"href":"https:\/\/www.europesays.com\/fr\/wp-json\/wp\/v2\/tags?post=627249"}],"curies":[{"name":"wp","href":"https:\/\/api.w.org\/{rel}","templated":true}]}}