{"id":62725,"date":"2025-04-29T21:06:10","date_gmt":"2025-04-29T21:06:10","guid":{"rendered":"https:\/\/www.europesays.com\/fr\/62725\/"},"modified":"2025-04-29T21:06:10","modified_gmt":"2025-04-29T21:06:10","slug":"koh-lanta-frederic-quitte-laventure-sur-blessure-deja-le-40e-abandon-medical-dans-lhistoire-du-jeu","status":"publish","type":"post","link":"https:\/\/www.europesays.com\/fr\/62725\/","title":{"rendered":"\u00ab\u00a0Koh-Lanta\u00a0\u00bb\u00a0: Fr\u00e9d\u00e9ric quitte l\u2019aventure sur blessure, d\u00e9j\u00e0 le 40e abandon m\u00e9dical dans l\u2019histoire du jeu"},"content":{"rendered":"<p class=\"paragraph text_align_left\">Le parcours du combattant aura eu raison de son \u00e9paule. Fr\u00e9d\u00e9ric, ancien membre de la tribu violette, a \u00e9t\u00e9 contraint d\u2019abandonner <a href=\"https:\/\/www.leparisien.fr\/culture-loisirs\/tv\/koh-lanta\/\" target=\"_blank\" rel=\"nofollow noopener\">\u00ab Koh-Lanta : la Revanche des 4 Terres \u00bb<\/a> lors de l\u2019\u00e9pisode diffus\u00e9 ce mardi 29 avril. Le Seine-et-Marnais de 56 ans a d\u00fb \u00eatre rapatri\u00e9 en France pour se soigner et n\u2019a ainsi pas pu rester jusqu\u2019au d\u00e9nouement de l\u2019aventure pour faire partie du jury final, comme le font normalement les candidats \u00e9limin\u00e9s apr\u00e8s la r\u00e9unification. Il est le 40e aventurier du jeu \u00e0 subir un tel sort lors des saisons r\u00e9guli\u00e8res du programme.<\/p>\n<p class=\"paragraph text_align_left\">Si <a href=\"https:\/\/www.leparisien.fr\/culture-loisirs\/tv\/maxime-elimine-de-koh-lanta-je-suis-tombe-de-quatre-etages-15-04-2025-3PK2G3USRJH5JDNL6JVTEDKYYY.php\" target=\"_blank\" rel=\"nofollow noopener\">Maxime a \u00e9t\u00e9 d\u00e9p\u00each\u00e9<\/a> pour le remplacer, Fr\u00e9d\u00e9ric \u00e9cope de malchance comme un autre de ses co\u00e9quipiers cette saison. Lors du deuxi\u00e8me \u00e9pisode, <a href=\"https:\/\/www.leparisien.fr\/culture-loisirs\/tv\/javais-peur-que-ca-joue-contre-moi-marjorie-et-allan-aventuriers-de-mere-en-fils-dans-koh-lanta-25-02-2025-PMVB2SSMMNAOXEG5XKSKQT6EZQ.php\" target=\"_blank\" rel=\"nofollow noopener\">Allan, le docker de Dunkerque<\/a>, s\u2019\u00e9tait bless\u00e9 \u2014 lui aussi \u2014 \u00e0 l\u2019\u00e9paule. <a href=\"https:\/\/www.leparisien.fr\/culture-loisirs\/tv\/koh-lanta-inquietude-sur-le-sort-dallan-evacue-sur-civiere-au-milieu-dune-epreuve-04-03-2025-CA2DPBGLGJF63GTSAYVWW7C4LM.php\" target=\"_blank\" rel=\"nofollow noopener\">\u00c9vacu\u00e9 sur civi\u00e8re<\/a>, il avait \u00e9t\u00e9 emp\u00each\u00e9 de reprendre l\u2019aventure par l\u2019\u00e9quipe m\u00e9dicale.<\/p>\n<p>Le pr\u00e9c\u00e9dent de Freddy, contraint \u00e0 l\u2019abandon en quelques heures<\/p>\n<p class=\"paragraph text_align_left\">Depuis la cr\u00e9ation du jeu d\u2019aventure de TF 1 en 2001, la r\u00e8gle est claire : les personnes qui sont forc\u00e9es d\u2019abandonner la comp\u00e9tition sur d\u00e9cision m\u00e9dicale sont remplac\u00e9es par le dernier \u00e9limin\u00e9. Lorsqu\u2019il s\u2019agit dans le m\u00eame temps du premier candidat \u00e0 quitter le programme, les d\u00e9cisions sont prises au cas par cas et peuvent parfois d\u00e9boucher sur l\u2019entr\u00e9e en jeu d\u2019un nouvel aventurier.<\/p>\n<p class=\"paragraph text_align_left\">Cela a notamment \u00e9t\u00e9 le cas lors de l\u2019\u00e9dition \u00ab Koh-Lanta : la L\u00e9gende \u00bb, diffus\u00e9e en 2021. <a href=\"https:\/\/www.leparisien.fr\/culture-loisirs\/tv\/freddy-blesse-a-koh-lanta-mon-univers-sest-ecroule-24-08-2021-X2OKYGO3Z5FMLFVHNZ66F72TCQ.php\" target=\"_blank\" rel=\"nofollow noopener\">Freddy, candidat embl\u00e9matique<\/a>, s\u2019\u00e9tait en effet lux\u00e9 l\u2019\u00e9paule d\u00e8s la premi\u00e8re \u00e9preuve d\u2019immunit\u00e9, quelques heures \u00e0 peine apr\u00e8s le d\u00e9but du tournage de cette saison sp\u00e9ciale, <a href=\"https:\/\/www.leparisien.fr\/culture-loisirs\/tv\/koh-lanta-lhistoire-secrete-dune-tricherie-legendaire-09-11-2021-QIFH6IEIWVEEJGZMG4U5EA3MWM.php\" target=\"_blank\" rel=\"nofollow noopener\">marqu\u00e9e par l\u2019affaire de la tricherie<\/a>. Il avait \u00e9t\u00e9 <a href=\"https:\/\/www.leparisien.fr\/culture-loisirs\/tv\/loic-de-koh-lanta-je-suis-arrive-sans-aucune-preparation-physique-31-08-2021-HER2WWSTIJH5NJ242HABBGT4S4.php\" target=\"_blank\" rel=\"nofollow noopener\">remplac\u00e9 au pied lev\u00e9 par Lo\u00efc<\/a>, qui avait termin\u00e9 9e.<\/p>\n<p class=\"paragraph text_align_left\">Rien que sur les cinq derni\u00e8res saisons, un participant a d\u00fb quitter pr\u00e9matur\u00e9ment le camp \u00e0 chaque \u00e9dition, \u00e0 l\u2019exception de \u00ab La Tribu maudite \u00bb. Il y a notamment eu Jean en 2024 (\u00ab Les chasseurs d\u2019immunit\u00e9 \u00bb ) et <a href=\"https:\/\/www.leparisien.fr\/culture-loisirs\/tv\/martin-sorti-sur-blessure-dans-koh-lanta-le-feu-sacre-javais-jeune-avant-de-demarrer-laventure-28-03-2023-NQAGH4JMLNFR7NHAC6PAQHBZNM.php\" target=\"_blank\" rel=\"nofollow noopener\">Martin en 2023<\/a> (\u00ab Le feu sacr\u00e9 \u00bb), victimes tous deux d\u2019une entorse \u00e0 la cheville, quand <a href=\"https:\/\/www.leparisien.fr\/culture-loisirs\/tv\/jean-philippe-forfait-a-koh-lanta-jai-cache-ma-douleur-aux-pieds-pour-ne-pas-briser-mes-chances-06-04-2022-CXG37D372ZDSLFXF7A7FISVEAM.php?at_variant=photo&amp;at_creation=Le%20Parisien%20|%20%C3%A9crans&amp;at_campaign=Partage%20Twitter%20CM&amp;at_medium=Social%20media\" target=\"_blank\" rel=\"nofollow noopener\">Jean-Philippe avait \u00e9t\u00e9 pouss\u00e9 \u00e0 renoncer en 2022<\/a> (\u00ab Le totem maudit \u00bb) par ses pieds qui avaient enfl\u00e9 de mani\u00e8re impressionnante en raison d\u2019une carence en vitamine B1. La saison pr\u00e9c\u00e9dente, \u00ab Les armes secr\u00e8tes \u00bb, <a href=\"https:\/\/www.leparisien.fr\/culture-loisirs\/tv\/koh-lanta-aurelien-et-gabin-quittent-laventure-la-chute-de-deux-hommes-forts-09-04-2021-WAB6E6NQ5FDINE7YP6SXLCM3O4.php\" target=\"_blank\" rel=\"nofollow noopener\">c\u2019\u00e9tait le jeune Haut-Savoyard Gabin<\/a> qui s\u2019\u00e9tait r\u00e9solu \u00e0 l\u2019abandon, bless\u00e9 au genou.<\/p>\n<p>Un abandon m\u00e9dical provoqu\u00e9 par\u2026 une c\u00e9l\u00e9bration de victoire<\/p>\n<p class=\"paragraph text_align_left\">Au rayon des blessures les plus inattendues, on se souvient aussi de Fran\u00e7ois, en 2020 <a href=\"https:\/\/www.leparisien.fr\/culture-loisirs\/tv\/koh-lanta-alors-tous-chauvins-04-09-2020-8378289.php\" target=\"_blank\" rel=\"nofollow noopener\">lors de \u00ab Koh-Lanta : les 4 Terres \u00bb<\/a> : le Basque de 47 ans, qui avait suscit\u00e9 l\u2019hilarit\u00e9 g\u00e9n\u00e9rale apr\u00e8s avoir perdu son maillot de bain emport\u00e9 par les vagues, avait d\u00fb plier bagage apr\u00e8s une d\u00e9chirure musculaire au mollet. En raison d\u2019une prestation \u00e0 corps perdu sur une \u00e9preuve ? Non non, simplement en f\u00eatant la victoire de ses co\u00e9quipiers un peu trop vivement alors qu\u2019il \u00e9tait exempt\u00e9 par \u00e9quit\u00e9. Lors de la m\u00eame saison, Samuel, coach mental dans les Hauts-de-Seine, avait subi le m\u00eame sort quelques jours plus tard, victime d\u2019une blessure au tendon d\u2019Achille.<\/p>\n<p class=\"paragraph text_align_left\">Enfin, la saison la plus d\u00e9vastatrice reste encore \u00e0 ce jour la troisi\u00e8me \u00e9dition du programme, tourn\u00e9e en 2003 au Panama, dans les \u00eeles Bocas del Toro. \u00c0 l\u2019\u00e9poque, pas moins de cinq pr\u00e9tendants \u00e0 la victoire avaient d\u00fb jeter l\u2019\u00e9ponge, en partie en raison de la pr\u00e9sence de puces de sable, dont les piq\u00fbres r\u00e9p\u00e9t\u00e9es ont fait souffrir les aventuriers.<\/p>\n","protected":false},"excerpt":{"rendered":"Le parcours du combattant aura eu raison de son \u00e9paule. Fr\u00e9d\u00e9ric, ancien membre de la tribu violette, a&hellip;\n","protected":false},"author":2,"featured_media":62726,"comment_status":"","ping_status":"","sticky":false,"template":"","format":"standard","meta":{"footnotes":""},"categories":[1356],"tags":[872,58,59,1011,27,252,2205,1364],"class_list":{"0":"post-62725","1":"post","2":"type-post","3":"status-publish","4":"format-standard","5":"has-post-thumbnail","7":"category-television","8":"tag-culture-et-loisirs","9":"tag-divertissement","10":"tag-entertainment","11":"tag-fr","12":"tag-france","13":"tag-television","14":"tag-television-medias","15":"tag-tv"},"share_on_mastodon":{"url":"https:\/\/pubeurope.com\/@fr\/114423292405627423","error":""},"_links":{"self":[{"href":"https:\/\/www.europesays.com\/fr\/wp-json\/wp\/v2\/posts\/62725","targetHints":{"allow":["GET"]}}],"collection":[{"href":"https:\/\/www.europesays.com\/fr\/wp-json\/wp\/v2\/posts"}],"about":[{"href":"https:\/\/www.europesays.com\/fr\/wp-json\/wp\/v2\/types\/post"}],"author":[{"embeddable":true,"href":"https:\/\/www.europesays.com\/fr\/wp-json\/wp\/v2\/users\/2"}],"replies":[{"embeddable":true,"href":"https:\/\/www.europesays.com\/fr\/wp-json\/wp\/v2\/comments?post=62725"}],"version-history":[{"count":0,"href":"https:\/\/www.europesays.com\/fr\/wp-json\/wp\/v2\/posts\/62725\/revisions"}],"wp:featuredmedia":[{"embeddable":true,"href":"https:\/\/www.europesays.com\/fr\/wp-json\/wp\/v2\/media\/62726"}],"wp:attachment":[{"href":"https:\/\/www.europesays.com\/fr\/wp-json\/wp\/v2\/media?parent=62725"}],"wp:term":[{"taxonomy":"category","embeddable":true,"href":"https:\/\/www.europesays.com\/fr\/wp-json\/wp\/v2\/categories?post=62725"},{"taxonomy":"post_tag","embeddable":true,"href":"https:\/\/www.europesays.com\/fr\/wp-json\/wp\/v2\/tags?post=62725"}],"curies":[{"name":"wp","href":"https:\/\/api.w.org\/{rel}","templated":true}]}}