{"id":627252,"date":"2025-12-29T09:21:13","date_gmt":"2025-12-29T09:21:13","guid":{"rendered":"https:\/\/www.europesays.com\/fr\/627252\/"},"modified":"2025-12-29T09:21:13","modified_gmt":"2025-12-29T09:21:13","slug":"l-horoscope-du-double-expresso-rtl2-du-lundi-29-decembre-2025-rtl2-fr","status":"publish","type":"post","link":"https:\/\/www.europesays.com\/fr\/627252\/","title":{"rendered":"L horoscope du Double Expresso RTL2 du lundi 29 d\u00e9cembre 2025 &#8211; RTL2.fr"},"content":{"rendered":"<ol>\n<li><a href=\"https:\/\/news.google.com\/rss\/articles\/CBMipgFBVV95cUxNeDNnN3ZmUlNieFNNUVJua1NxNGJfczJCbWN4S0xyUUt6VjRvZU9HZlJHU3FNWXJQVHlSczlKLXo0dkxheUVtbmFhWFp6MWlldjRMeF94ZUtjTjJUZ3diODZ5VEx0MktOVE51U0hmRHhqS2xNQV9Jb1IxYTZBUm5KazNhNFhLaG15aXNlbXhFN3p2blBmRUZCazlrem9xNG9zZzNUcExB?oc=5\" target=\"_blank\" rel=\"noopener\">L horoscope du Double Expresso RTL2 du lundi 29 d\u00e9cembre 2025<\/a>&nbsp;&nbsp;RTL2.fr<\/li>\n<li><a href=\"https:\/\/news.google.com\/rss\/articles\/CBMiswFBVV95cUxPOVJMakl0SUxLek0xYldsXzFBWTNUMWtJeWxwUnVwbE8xMlE2aFNaSkdNUHBSNEk4UEpVM054QlFYVElrU09zcDRDVVpQN1A1TDJVZ2pVeEpQZ2dQUmdGd0JoUmdkRXo1VjlxM3lGTjl5ODV3Ym9kM0pMOUltM1c3bUxBQnpjdF92M2VlS0s3a1Zvc1Vyb2V3U1YzZlZybkpzS2czZ0otSVJZS3pLckI4Q01SNA?oc=5\" target=\"_blank\" rel=\"noopener\">L&rsquo;horoscope du lundi 29 d\u00e9cembre 2025<\/a>&nbsp;&nbsp;francebleu.fr<\/li>\n<li><a href=\"https:\/\/news.google.com\/rss\/articles\/CBMirgFBVV95cUxPQW8ySmJVajFMWlItQ3FfRzU0V2NVRWp3RWJyOEptNnhLTWdfdTZPOU5HZXlCOW9hMmNDcWk1bzNibVpMSEVQeDZmSG9sOFhiakZXODhPX1FpbHE3Y19Cc2JtZnZ5WUVENnlqa3QxNEtLd3ZZRGUtQzNVbWszZ1NJMkRVVFZPdHBWVndRb0kxbnJrTjZUUEVYendoNUpfU0d0OTRkampWQmZ2NmFmTUE?oc=5\" target=\"_blank\" rel=\"noopener\">D\u00e9couvrez votre horoscope de la semaine du 29 d\u00e9cembre au 4 janvier 2026<\/a>&nbsp;&nbsp;20 Minutes<\/li>\n<li><a href=\"https:\/\/news.google.com\/rss\/articles\/CBMi8wFBVV95cUxObmNzRnZaM0RNNDJDaGxzUk1GeGZDd1VpMzYwVmM1Y2lUVnlSUHVoejZtVGhabEh5dXo4cjdzVHg3N1JDdGl6Nk1Pbl9kLUQtX1dOakZvNGtuR2Z5anhmMGVGUVloLVJSSGRrSzJkNV8yV2hfQ3MydzNRMS04UWMwYmlmMkhZTDROVDJETFNzSVRncG5wdk16cEREZUpReDJ0YXVsWlZnMU5KbzhjT3hxQnVmS2t0NkJ5akI3OHFiMXdaTmJMLVlkMGlUSS02MjRLdmNXT1loSldJRDh1VllYVE1RaUVCcUR0OW9GNzlTUFFZdTQ?oc=5\" target=\"_blank\" rel=\"noopener\">Le 29 d\u00e9cembre 2025, ces 4 signes astrologiques re\u00e7oivent ce message secret de l\u2019univers qui peut tout changer en 2026<\/a>&nbsp;&nbsp;Pleine vie<\/li>\n<li><a href=\"https:\/\/news.google.com\/rss\/articles\/CBMilAFBVV95cUxNY2d3WXp0YXFLWGJYcGRrNWprWGxiNUp0UV94LXJQSDdYN3E5aWpaR2VYZEE2MDZrbDd1UzRlUmpqeUtjWDl5VlJmeVNGYXd2S0NQTXZCVC1qR2VPUUtjd3NDTFpkZTM0ZW9LaTZNWC1HYnptb1NPYnIyZFhlYzYtZUFHQUo2dVBoRWVwQTZvNEtPcnRl?oc=5\" target=\"_blank\" rel=\"noopener\">Horoscope du lundi 29 d\u00e9cembre 2026 signe par signe<\/a>&nbsp;&nbsp;Marie Claire<\/li>\n<\/ol>\n","protected":false},"excerpt":{"rendered":"L horoscope du Double Expresso RTL2 du lundi 29 d\u00e9cembre 2025&nbsp;&nbsp;RTL2.fr L&rsquo;horoscope du lundi 29 d\u00e9cembre 2025&nbsp;&nbsp;francebleu.fr D\u00e9couvrez&hellip;\n","protected":false},"author":2,"featured_media":627253,"comment_status":"","ping_status":"","sticky":false,"template":"","format":"standard","meta":{"footnotes":""},"categories":[2],"tags":[11,1011,27,157,37284,71517,873,12,29899,360,25,9105],"class_list":{"0":"post-627252","1":"post","2":"type-post","3":"status-publish","4":"format-standard","5":"has-post-thumbnail","7":"category-actualites","8":"tag-actualites","9":"tag-fr","10":"tag-france","11":"tag-horoscope","12":"tag-lhoroscope","13":"tag-les-chroniques-du-double-expresso","14":"tag-musique","15":"tag-news","16":"tag-pop-rock","17":"tag-replay-integral","18":"tag-republique-francaise","19":"tag-rtl2"},"share_on_mastodon":{"url":"https:\/\/pubeurope.com\/@fr\/115802124551570986","error":""},"_links":{"self":[{"href":"https:\/\/www.europesays.com\/fr\/wp-json\/wp\/v2\/posts\/627252","targetHints":{"allow":["GET"]}}],"collection":[{"href":"https:\/\/www.europesays.com\/fr\/wp-json\/wp\/v2\/posts"}],"about":[{"href":"https:\/\/www.europesays.com\/fr\/wp-json\/wp\/v2\/types\/post"}],"author":[{"embeddable":true,"href":"https:\/\/www.europesays.com\/fr\/wp-json\/wp\/v2\/users\/2"}],"replies":[{"embeddable":true,"href":"https:\/\/www.europesays.com\/fr\/wp-json\/wp\/v2\/comments?post=627252"}],"version-history":[{"count":0,"href":"https:\/\/www.europesays.com\/fr\/wp-json\/wp\/v2\/posts\/627252\/revisions"}],"wp:featuredmedia":[{"embeddable":true,"href":"https:\/\/www.europesays.com\/fr\/wp-json\/wp\/v2\/media\/627253"}],"wp:attachment":[{"href":"https:\/\/www.europesays.com\/fr\/wp-json\/wp\/v2\/media?parent=627252"}],"wp:term":[{"taxonomy":"category","embeddable":true,"href":"https:\/\/www.europesays.com\/fr\/wp-json\/wp\/v2\/categories?post=627252"},{"taxonomy":"post_tag","embeddable":true,"href":"https:\/\/www.europesays.com\/fr\/wp-json\/wp\/v2\/tags?post=627252"}],"curies":[{"name":"wp","href":"https:\/\/api.w.org\/{rel}","templated":true}]}}