{"id":627269,"date":"2025-12-29T09:34:10","date_gmt":"2025-12-29T09:34:10","guid":{"rendered":"https:\/\/www.europesays.com\/fr\/627269\/"},"modified":"2025-12-29T09:34:10","modified_gmt":"2025-12-29T09:34:10","slug":"jacques-louis-david-1748-1825-la-fureur-de-peindre-sur-france-culture-un-artiste-qui-a-du-sang-sur-les-mains-le-monde-fr","status":"publish","type":"post","link":"https:\/\/www.europesays.com\/fr\/627269\/","title":{"rendered":"\u00ab Jacques-Louis David (1748-1825), la fureur de peindre \u00bb, sur France Culture : un artiste qui a du sang sur les mains &#8211; Le Monde.fr"},"content":{"rendered":"<ol>\n<li><a href=\"https:\/\/news.google.com\/rss\/articles\/CBMihwJBVV95cUxQQVBOMXBXaEcxUTZGWTMwVkpjTEZvbHBEeDZ2aVprU2RLMFNPbnFrZC1hQWxoaE1LSDZTRDZxSUtVTERwMlF1WC15MnQzQ2hYQTFrYkl2QnVPMVVwUkxzRzYwcFR6NlIxZGNCQ2NlNTRMZTZzdmZGLVVCQ3dnNVRkc09GdUxKNTd2TkMzLVRmWUw2b202R19KZWNvTXJZYnU3X3RPT2R2c3RZVnZTMnlDdjcyai0ydlZzazRDS2w4X25MREkxUnlqWURzTmdRTVJTam9KLURvSjlXR0E2ZDhvSWM3Qk1tRE1vSXNVMWNUY19GZjdFY0l1YVZYY09rU2NfUTQwclhhaw?oc=5\" target=\"_blank\" rel=\"noopener\">\u00ab Jacques-Louis David (1748-1825), la fureur de peindre \u00bb, sur France Culture : un artiste qui a du sang sur les mains<\/a>&nbsp;&nbsp;Le Monde.fr<\/li>\n<li><a href=\"https:\/\/news.google.com\/rss\/articles\/CBMixAFBVV95cUxQM1dfZ1NjNzVUanZaa25VSEtyRVR6ZUc3ZG1OSFN0ekJ3eUZyYnpkWTloUEFjdDRubC1BNEhxRnY3R2t5MmJXb0NZTXlXbjZudDY4Ni1jM3k1UUxXWnVvdGlpUjBQYmdFWEVmb3dTcmV4UnN4d1h6UVRJR3oxb0R0alFlVDZ3LVA0eXJMVzBkejB1SU1wRndQaWFKYkRvYzVzc1AtcF8teDVycTZ4TGdaR1dWR1gzOHg0eHhiSzlrN0o0cGdT?oc=5\" target=\"_blank\" rel=\"noopener\">David repose toujours \u00e0 Evere : le peintre de Napol\u00e9on que la France a laiss\u00e9 \u00e0 la Belgique<\/a>&nbsp;&nbsp;RTBF<\/li>\n<li><a href=\"https:\/\/news.google.com\/rss\/articles\/CBMi5wFBVV95cUxNckg2Q2txa3RYQ29BbXFZN2tmamt6VUdiOGlRNmdvVzVhd1R2Sk1XQmdkVE1OenIzTXdVNkdOcjZ5SGx4ekdreGp0TmtYemVUUWtaVjlRNGZwZVlQX19teFNQekFZaXRHZDNYT1d4VTFOUDJIeGJWdndNMWZFa3hheWF2OXNyVHVEN2JQZnRYZVl1eTRUcS1FdklFNWtEWkR1UjdLdlBXb09SSTVBcDE2alRucDAxOWtkT011UW96UkRYYnY2eThCMG9sZTd0QlRTVzFYNDhyckM1RlIzNXJGOEdpRlYxNEU?oc=5\" target=\"_blank\" rel=\"noopener\">Au Louvre, l\u2019exposition \u201cJacques-Louis David\u201d redonne toute sa force politique au peintre de la R\u00e9volution<\/a>&nbsp;&nbsp;Les Inrocks<\/li>\n<\/ol>\n","protected":false},"excerpt":{"rendered":"\u00ab Jacques-Louis David (1748-1825), la fureur de peindre \u00bb, sur France Culture : un artiste qui a du&hellip;\n","protected":false},"author":2,"featured_media":627270,"comment_status":"","ping_status":"","sticky":false,"template":"","format":"standard","meta":{"footnotes":""},"categories":[1358],"tags":[1348,1384,1385,1386,58,59,1011,27],"class_list":{"0":"post-627269","1":"post","2":"type-post","3":"status-publish","4":"format-standard","5":"has-post-thumbnail","7":"category-arts-et-design","8":"tag-arts","9":"tag-arts-and-design","10":"tag-arts-et-design","11":"tag-design","12":"tag-divertissement","13":"tag-entertainment","14":"tag-fr","15":"tag-france"},"share_on_mastodon":{"url":"https:\/\/pubeurope.com\/@fr\/115802175112977988","error":""},"_links":{"self":[{"href":"https:\/\/www.europesays.com\/fr\/wp-json\/wp\/v2\/posts\/627269","targetHints":{"allow":["GET"]}}],"collection":[{"href":"https:\/\/www.europesays.com\/fr\/wp-json\/wp\/v2\/posts"}],"about":[{"href":"https:\/\/www.europesays.com\/fr\/wp-json\/wp\/v2\/types\/post"}],"author":[{"embeddable":true,"href":"https:\/\/www.europesays.com\/fr\/wp-json\/wp\/v2\/users\/2"}],"replies":[{"embeddable":true,"href":"https:\/\/www.europesays.com\/fr\/wp-json\/wp\/v2\/comments?post=627269"}],"version-history":[{"count":0,"href":"https:\/\/www.europesays.com\/fr\/wp-json\/wp\/v2\/posts\/627269\/revisions"}],"wp:featuredmedia":[{"embeddable":true,"href":"https:\/\/www.europesays.com\/fr\/wp-json\/wp\/v2\/media\/627270"}],"wp:attachment":[{"href":"https:\/\/www.europesays.com\/fr\/wp-json\/wp\/v2\/media?parent=627269"}],"wp:term":[{"taxonomy":"category","embeddable":true,"href":"https:\/\/www.europesays.com\/fr\/wp-json\/wp\/v2\/categories?post=627269"},{"taxonomy":"post_tag","embeddable":true,"href":"https:\/\/www.europesays.com\/fr\/wp-json\/wp\/v2\/tags?post=627269"}],"curies":[{"name":"wp","href":"https:\/\/api.w.org\/{rel}","templated":true}]}}