{"id":62727,"date":"2025-04-29T21:07:08","date_gmt":"2025-04-29T21:07:08","guid":{"rendered":"https:\/\/www.europesays.com\/fr\/62727\/"},"modified":"2025-04-29T21:07:08","modified_gmt":"2025-04-29T21:07:08","slug":"yann-barthes-pas-loin-de-la-remarque-misogyne-face-a-une-ex-candidate-de-la-star-academy","status":"publish","type":"post","link":"https:\/\/www.europesays.com\/fr\/62727\/","title":{"rendered":"Yann Barth\u00e8s pas loin de la remarque misogyne face \u00e0 une ex-candidate de la Star Academy"},"content":{"rendered":"<p>Ce mardi 29 avril 2025, une candidate de la Star Academy est venue pr\u00e9senter <strong>son nouveau single et clip<\/strong> \u00e0 Yann Barth\u00e8s. Il s\u2019agit de la chanteuse <strong>Marguerite<\/strong> avec son titre qui cartonne Les filles, les meufs. Sur le plateau de Quotidien, un extrait du clip a \u00e9t\u00e9 diffus\u00e9. Par la suite, la r\u00e9action de Yann Barth\u00e8s est <strong>surprenante<\/strong>. \u201cVotre premier single est sorti il y a quelques jours. Le <strong>meilleur d\u00e9marrage <\/strong>de ces derni\u00e8res semaines. <strong>Un carton sur les plateformes, un hymne sur les r\u00e9seaux et un clip qui m\u00e9rite qu&rsquo;on s&rsquo;attarde dessus.\u2019<\/strong><strong>\u2019<\/strong><\/p>\n<p>Yann Barth\u00e8s r\u00e9agit au clip de Marguerite, ancienne candidate de la Star Academy<\/p>\n<p>Apr\u00e8s la diffusion de son clip dans Quotidien, Yann Barth\u00e8s a interrog\u00e9 la chanteuse Marguerite sur ses choix. \u201cEst-ce qu&rsquo;on peut d&rsquo;abord <strong>parler de l&rsquo;image du clip ?<\/strong> Pourquoi le choix de ce clip <strong>sans filtre en gros plan ? La cam\u00e9ra est tr\u00e8s proche.<\/strong><strong>\u2019\u2019<\/strong> demande alors Yann Barth\u00e8s. Mais l\u2019ancienne candidate de la Star Academy a trouv\u00e9 la r\u00e9ponse parfaite \u00e0 cette remarque tr\u00e8s limite. \u201cJe voulais quelque chose de <strong>tr\u00e8s intime, de tr\u00e8s proche,<\/strong> parce que je voulais qu&rsquo;on arrive \u00e0 se concentrer vraiment sur le r\u00e9cit de la chanson, sur le texte. Voil\u00e0, et c&rsquo;\u00e9tait important. Et \u00e7a m&rsquo;a fait aussi beaucoup <strong>de bien de me montrer comme \u00e7a au naturel, sans trop d&rsquo;artifice avec toutes les imperfections,<\/strong> enfin ce qu&rsquo;on appelle les imperfections.\u2019\u2019<\/p>\n<p>Le pr\u00e9sentateur de Quotidien continue \u00e0 questionner la candidate de la Star Academy (&#8230;)<\/p>\n<p><a href=\"https:\/\/www.closermag.fr\/people\/sans-filtre-yann-barthes-pas-loin-de-la-remarque-misogyne-face-a-une-ex-candidate-de-la-star-academy-3541042\" rel=\"nofollow noopener\" target=\"_blank\" data-ylk=\"slk:Lire la suite sur Closer;elm:context_link;itc:0;sec:content-canvas\" class=\"link \">Lire la suite sur Closer<\/a><\/p>\n<p><a href=\"https:\/\/www.closermag.fr\/people\/kendji-girac-pleure-a-chaude-larmes-sa-femme-et-sa-fille-ont-eu-raison-du-grand-gaillard-3541053\" rel=\"nofollow noopener\" target=\"_blank\" data-ylk=\"slk:Kendji Girac pleure \u00e0 chaude larmes : sa femme et sa fille ont eu raison du grand gaillard;elm:context_link;itc:0;sec:content-canvas\" class=\"link \">Kendji Girac pleure \u00e0 chaude larmes : sa femme et sa fille ont eu raison du grand gaillard<\/a><br \/><a href=\"https:\/\/www.closermag.fr\/royautes\/kate-et-william-fetent-leur-14e-anniversaire-de-mariage-la-princesse-change-de-tete-3541043\" rel=\"nofollow noopener\" target=\"_blank\" data-ylk=\"slk:Kate et William f\u00eatent leur 14e anniversaire de mariage : la princesse change de t\u00eate !;elm:context_link;itc:0;sec:content-canvas\" class=\"link \">Kate et William f\u00eatent leur 14e anniversaire de mariage : la princesse change de t\u00eate !<\/a><br \/><a href=\"https:\/\/www.closermag.fr\/tv_tele_realite\/dals\/cest-en-train-darriver-malgre-sa-rencontre-avec-elsa-bois-florent-manaudou-proche-de-toucher-le-fond-3541041\" rel=\"nofollow noopener\" target=\"_blank\" data-ylk=\"slk:\u201cC\u2019est en train d\u2019arriver\u201d : malgr\u00e9 sa rencontre avec Elsa Bois, Florent Manaudou proche de toucher le fond;elm:context_link;itc:0;sec:content-canvas\" class=\"link \">\u201cC\u2019est en train d\u2019arriver\u201d : malgr\u00e9 sa rencontre avec Elsa Bois, Florent Manaudou proche de toucher le fond<\/a><br \/><a href=\"https:\/\/www.closermag.fr\/people\/la-finale-de-dals-vire-a-laffrontement-panique-au-studio-des-tirs-entendus-a-proximite-de-florent-manaudou-3541030\" rel=\"nofollow noopener\" target=\"_blank\" data-ylk=\"slk:La finale de DALS vire \u00e0 l\u2019affrontement : panique au studio, des tirs entendus \u00e0 proximit\u00e9 de Florent Manaudou;elm:context_link;itc:0;sec:content-canvas\" class=\"link \">La finale de DALS vire \u00e0 l\u2019affrontement : panique au studio, des tirs entendus \u00e0 proximit\u00e9 de Florent Manaudou<\/a><br \/><a href=\"https:\/\/www.closermag.fr\/people\/va-te-faire-encler-nicolas-bedos-revient-sur-le-devant-de-la-scene-apres-sa-condamnation-3541033\" rel=\"nofollow noopener\" target=\"_blank\" data-ylk=\"slk:\u201cVa te faire enc*ler\u201d : Nicolas Bedos revient sur le devant de la sc\u00e8ne apr\u00e8s sa condamnation;elm:context_link;itc:0;sec:content-canvas\" class=\"link \">\u201cVa te faire enc*ler\u201d : Nicolas Bedos revient sur le devant de la sc\u00e8ne apr\u00e8s sa condamnation<\/a><\/p>\n","protected":false},"excerpt":{"rendered":"Ce mardi 29 avril 2025, une candidate de la Star Academy est venue pr\u00e9senter son nouveau single et&hellip;\n","protected":false},"author":2,"featured_media":62728,"comment_status":"","ping_status":"","sticky":false,"template":"","format":"standard","meta":{"footnotes":""},"categories":[1355],"tags":[58,59,1011,27,9005,12184,1361,873,5095,1405],"class_list":{"0":"post-62727","1":"post","2":"type-post","3":"status-publish","4":"format-standard","5":"has-post-thumbnail","7":"category-musique","8":"tag-divertissement","9":"tag-entertainment","10":"tag-fr","11":"tag-france","12":"tag-la-chanteuse","13":"tag-marguerite","14":"tag-music","15":"tag-musique","16":"tag-star-academy","17":"tag-yann-barthes"},"share_on_mastodon":{"url":"","error":""},"_links":{"self":[{"href":"https:\/\/www.europesays.com\/fr\/wp-json\/wp\/v2\/posts\/62727","targetHints":{"allow":["GET"]}}],"collection":[{"href":"https:\/\/www.europesays.com\/fr\/wp-json\/wp\/v2\/posts"}],"about":[{"href":"https:\/\/www.europesays.com\/fr\/wp-json\/wp\/v2\/types\/post"}],"author":[{"embeddable":true,"href":"https:\/\/www.europesays.com\/fr\/wp-json\/wp\/v2\/users\/2"}],"replies":[{"embeddable":true,"href":"https:\/\/www.europesays.com\/fr\/wp-json\/wp\/v2\/comments?post=62727"}],"version-history":[{"count":0,"href":"https:\/\/www.europesays.com\/fr\/wp-json\/wp\/v2\/posts\/62727\/revisions"}],"wp:featuredmedia":[{"embeddable":true,"href":"https:\/\/www.europesays.com\/fr\/wp-json\/wp\/v2\/media\/62728"}],"wp:attachment":[{"href":"https:\/\/www.europesays.com\/fr\/wp-json\/wp\/v2\/media?parent=62727"}],"wp:term":[{"taxonomy":"category","embeddable":true,"href":"https:\/\/www.europesays.com\/fr\/wp-json\/wp\/v2\/categories?post=62727"},{"taxonomy":"post_tag","embeddable":true,"href":"https:\/\/www.europesays.com\/fr\/wp-json\/wp\/v2\/tags?post=62727"}],"curies":[{"name":"wp","href":"https:\/\/api.w.org\/{rel}","templated":true}]}}