{"id":627273,"date":"2025-12-29T09:37:24","date_gmt":"2025-12-29T09:37:24","guid":{"rendered":"https:\/\/www.europesays.com\/fr\/627273\/"},"modified":"2025-12-29T09:37:24","modified_gmt":"2025-12-29T09:37:24","slug":"isole-loin-de-paris-vianney-fait-une-annonce-concernant-sa-cabane-malgre-sa-recente-deception","status":"publish","type":"post","link":"https:\/\/www.europesays.com\/fr\/627273\/","title":{"rendered":"Isol\u00e9 loin de Paris, Vianney fait une annonce concernant sa cabane malgr\u00e9 sa r\u00e9cente d\u00e9ception"},"content":{"rendered":"<p>                <img loading=\"lazy\" decoding=\"async\" src=\"https:\/\/www.europesays.com\/fr\/wp-content\/uploads\/2025\/04\/145-6602e1ce8ddc4-35x35-1.jpg\" class=\"author-article-picture\" width=\"35\" height=\"35\"\/><\/p>\n<p>                    Par<\/p>\n<p>                                            <a class=\"author-article-bio-link\" href=\"https:\/\/www.purepeople.com\/auteur\/lucie-gosselin_a145\" target=\"_blank\" rel=\"noopener\">Lucie Gosselin<\/a><\/p>\n<p>                    |<\/p>\n<p>                                            R\u00e9dactrice<\/p>\n<p>\n                Journaliste passionn\u00e9e, depuis plus de 10 ans, je r\u00e9alise des enqu\u00eates, des portraits, des reportages ou des interviews.\n            <\/p>\n<p>\n    Apr\u00e8s six mois d\u2019isolement en for\u00eat, Vianney a annonc\u00e9, ce dimanche 28 d\u00e9cembre 2025, avoir franchi une \u00e9tape d\u00e9cisive dans la construction de sa cabane. L\u2019artiste r\u00e9v\u00e8le avoir enfin termin\u00e9 les murs de son refuge, b\u00e2ti seul, de ses mains, loin de la sc\u00e8ne.\n<\/p>\n<p>                            <img loading=\"lazy\" decoding=\"async\" class=\"player-thumbnail\" src=\"https:\/\/www.europesays.com\/fr\/wp-content\/uploads\/2025\/12\/cca0f97ee0597b9b-580x326-2.jpg\" width=\"580\" height=\"326\"\/><\/p>\n<p>                            Isol\u00e9 loin de Paris, Vianney fait une annonce concernant sa cabane malgr\u00e9 sa r\u00e9cente d\u00e9ception<\/p>\n<p>La suite apr\u00e8s la publicit\u00e9<\/p>\n<p>C\u2019est un projet qui avait autant surpris que intrigu\u00e9. Au d\u00e9but de l\u2019\u00e9t\u00e9, Vianney annon\u00e7ait <a href=\"https:\/\/www.purepeople.com\/article\/je-ne-suis-plus-habitue-a-parler-vianney-est-sorti-de-sa-cabane-isolee-et-eloignee-de-paris_a545375\/1\" target=\"_blank\" rel=\"noopener\">mettre sa carri\u00e8re entre parenth\u00e8ses pour se retirer<\/a> en pleine nature et se <strong>consacrer \u00e0 un chantier aussi symbolique que personnel<\/strong>. Construire une cabane, seul, sans exp\u00e9rience, loin du bruit et de la pression du monde m\u00e9diatique et artistique. Un choix radical n\u00e9 d\u2019un besoin vital de ralentir et de se recentrer.<\/p>\n<p>Depuis plusieurs mois, le chanteur partage de temps en temps des nouvelles de <strong>l\u2019avanc\u00e9e de son chantier<\/strong>. <a href=\"https:\/\/www.purepeople.com\/article\/je-navais-plus-le-choix-vianney-a-du-sexiler-avec-sa-femme-catherine-robert-leur-fils-edgar-sest-accoutume-a-leur-nouvelle-vie_a544168\/1\" target=\"_blank\" rel=\"noopener\">Install\u00e9 \u00e0 quelques centaines de m\u00e8tres de sa maison familiale<\/a>, il y passe ses journ\u00e9es affrontant les difficult\u00e9s techniques, la fatigue et les intemp\u00e9ries. Loin d\u2019un simple caprice, cette construction est rapidement devenue <strong>une \u00e9preuve aussi physique que mentale<\/strong>. Un apprentissage constant, mais aussi beaucoup de remises en question.<\/p>\n<p>\u00c0 l\u2019approche de No\u00ebl, <a href=\"https:\/\/www.purepeople.com\/people\/vianney-bureau_p544605\" target=\"_blank\" rel=\"noopener\">Vianney<\/a> nourrissait <strong>l\u2019espoir de voir son refuge achev\u00e9<\/strong>. <a href=\"https:\/\/www.purepeople.com\/article\/je-revais-davoir-fini-pour-noel-apres-6-mois-a-construire-sa-cabane-loin-de-paris-vianney-fait-une-annonce_a545900\/1\" target=\"_blank\" rel=\"noopener\">Un objectif symbolique qu\u2019il n\u2019a finalement pas r\u00e9ussi \u00e0 tenir<\/a>. Le froid, l\u2019humidit\u00e9 et l\u2019ampleur du travail ont ralenti le chantier. Mais loin de se d\u00e9courager, l\u2019artiste revendique une autre victoire : \u00ab\u00a0Peu importe, je r\u00e9alise que le sens de tout cela r\u00e9side dans ces jours de labeur, plus que dans le r\u00e9sultat. (&#8230;) je me suis am\u00e9lior\u00e9 chaque jour. Je coupe mieux, je creuse mieux, je calcule mieux. <strong>Et par-dessus tout, je retrouve enfin ce que j\u2019\u00e9tais venu chercher : mon \u00e9merveillement quotidien<\/strong>\u00a0\u00bb avait-il \u00e9crit le 25 d\u00e9cembre dernier.\u00a0<\/p>\n<p>Une nouvelle \u00e9tape cl\u00e9 franchie apr\u00e8s des mois de dur labeur pour Vianney\u00a0<\/p>\n<p>Ce dimanche 28 d\u00e9cembre, <a href=\"https:\/\/www.purepeople.com\/article\/vianney-en-retard-sur-son-projet-le-message-vocal-de-son-fils-edgar-3-ans-et-demi-veut-tout-dire_a542004\/1\" target=\"_blank\" rel=\"noopener\">le papa d&rsquo;Edgar<\/a> <strong>a annonc\u00e9 avec fiert\u00e9 une avanc\u00e9e majeure<\/strong>. Apr\u00e8s six mois seul en for\u00eat, il r\u00e9v\u00e8le avoir termin\u00e9 <strong>les murs de sa cabane<\/strong>. Une \u00e9tape d\u00e9cisive, fruit d\u2019un travail acharn\u00e9 men\u00e9 par tous les temps. Dans une vid\u00e9o impressionnante, on le d\u00e9couvre barbu, les cheveux plus longs, manipulant d\u2019imposants rondins de bois, creus\u00e9s, ajust\u00e9s et empil\u00e9s \u00e0 la force des bras. <strong>Pluie, vent, neige ou soleil, rien ne l\u2019a arr\u00eat\u00e9<\/strong>. Sans aide ext\u00e9rieure, il a appris \u00e0 couper, calculer, isoler et assembler, progressant jour apr\u00e8s jour.\u00a0<\/p>\n<p>Ce chantier, bien plus qu\u2019une construction, s\u2019est transform\u00e9 en v\u00e9ritable cheminement int\u00e9rieur. Chaque difficult\u00e9 surmont\u00e9e renforce son sentiment d\u2019\u00eatre exactement l\u00e0 o\u00f9 il devait \u00eatre. <strong>Ce projet marque d\u00e9j\u00e0 un tournant dans la vie de l\u2019artiste<\/strong>. Plus qu\u2019une pause, cette immersion en for\u00eat semble avoir red\u00e9fini sa relation \u00e0 la cr\u00e9ation, \u00e0 la r\u00e9ussite et au temps.\u00a0<\/p>\n<p>La publication n\u2019a pas tard\u00e9 \u00e0 susciter <strong>une vague de r\u00e9actions enthousiastes<\/strong>. Sous la vid\u00e9o, les internautes ont \u00e9t\u00e9 nombreux \u00e0 saluer le travail accompli et la d\u00e9termination du chanteur. \u00ab\u00a0Mais quel travail\u2009! Tu peux \u00eatre fier de toi\u00a0\u00bb, \u00ab\u00a0Quelle belle \u00e9tape\u00a0\u00bb, <strong>\u00ab\u00a0Le boulot de dingue\u00a0\u00bb<\/strong>, peut-on lire parmi des centaines de commentaires admiratifs. Certains soulignent l\u2019authenticit\u00e9 du projet, estimant que ce refuge \u00ab\u00a0lui ressemble\u00a0\u00bb, humble et sinc\u00e8re, tandis que d\u2019autres s\u2019amusent de l\u2019ampleur prise par la construction, compar\u00e9e avec humour \u00e0 bien plus qu\u2019une simple cabane. Une chose est s\u00fbre, cette avanc\u00e9e majeure a profond\u00e9ment touch\u00e9 sa communaut\u00e9, impatiente de d\u00e9couvrir la suite de cette aventure hors du temps.<\/p>\n","protected":false},"excerpt":{"rendered":"Par Lucie Gosselin | R\u00e9dactrice Journaliste passionn\u00e9e, depuis plus de 10 ans, je r\u00e9alise des enqu\u00eates, des portraits,&hellip;\n","protected":false},"author":2,"featured_media":627274,"comment_status":"","ping_status":"","sticky":false,"template":"","format":"standard","meta":{"footnotes":""},"categories":[1355],"tags":[58,59,1011,27,1361,873],"class_list":{"0":"post-627273","1":"post","2":"type-post","3":"status-publish","4":"format-standard","5":"has-post-thumbnail","7":"category-musique","8":"tag-divertissement","9":"tag-entertainment","10":"tag-fr","11":"tag-france","12":"tag-music","13":"tag-musique"},"share_on_mastodon":{"url":"https:\/\/pubeurope.com\/@fr\/115802187080075937","error":""},"_links":{"self":[{"href":"https:\/\/www.europesays.com\/fr\/wp-json\/wp\/v2\/posts\/627273","targetHints":{"allow":["GET"]}}],"collection":[{"href":"https:\/\/www.europesays.com\/fr\/wp-json\/wp\/v2\/posts"}],"about":[{"href":"https:\/\/www.europesays.com\/fr\/wp-json\/wp\/v2\/types\/post"}],"author":[{"embeddable":true,"href":"https:\/\/www.europesays.com\/fr\/wp-json\/wp\/v2\/users\/2"}],"replies":[{"embeddable":true,"href":"https:\/\/www.europesays.com\/fr\/wp-json\/wp\/v2\/comments?post=627273"}],"version-history":[{"count":0,"href":"https:\/\/www.europesays.com\/fr\/wp-json\/wp\/v2\/posts\/627273\/revisions"}],"wp:featuredmedia":[{"embeddable":true,"href":"https:\/\/www.europesays.com\/fr\/wp-json\/wp\/v2\/media\/627274"}],"wp:attachment":[{"href":"https:\/\/www.europesays.com\/fr\/wp-json\/wp\/v2\/media?parent=627273"}],"wp:term":[{"taxonomy":"category","embeddable":true,"href":"https:\/\/www.europesays.com\/fr\/wp-json\/wp\/v2\/categories?post=627273"},{"taxonomy":"post_tag","embeddable":true,"href":"https:\/\/www.europesays.com\/fr\/wp-json\/wp\/v2\/tags?post=627273"}],"curies":[{"name":"wp","href":"https:\/\/api.w.org\/{rel}","templated":true}]}}