{"id":627283,"date":"2025-12-29T09:42:13","date_gmt":"2025-12-29T09:42:13","guid":{"rendered":"https:\/\/www.europesays.com\/fr\/627283\/"},"modified":"2025-12-29T09:42:13","modified_gmt":"2025-12-29T09:42:13","slug":"pourquoi-la-hausse-du-prix-des-memoires-vives-informatiques-est-une-menace-pour-leconomie-europeenne-29-12-2025-a-0747","status":"publish","type":"post","link":"https:\/\/www.europesays.com\/fr\/627283\/","title":{"rendered":"Pourquoi la hausse du prix des m\u00e9moires vives informatiques est une menace pour l\u2019\u00e9conomie europ\u00e9enne &#8211; 29\/12\/2025 \u00e0 07:47"},"content":{"rendered":"<p>        <img decoding=\"async\" src=\"https:\/\/www.europesays.com\/fr\/wp-content\/uploads\/2025\/12\/eacda5e7ddef18e5df64b3c42141c521-760x435.jpg\" alt=\"Le prix de la m\u00e9moire vive est en train d'exploser avec des cons\u00e9quences encore difficiles \u00e0 mesurer (cr\u00e9dit : Adobe Stock, image g\u00e9n\u00e9r\u00e9e par IA)\" loading=\"eager\" fetchpriority=\"high\" width=\"760\" height=\"435\" style=\"max-width: 100%!important; height: auto;\"\/><\/p>\n<p class=\"c-image-news__legend\">Le prix de la m\u00e9moire vive est en train d&rsquo;exploser avec des cons\u00e9quences encore difficiles \u00e0 mesurer (cr\u00e9dit : Adobe Stock, image g\u00e9n\u00e9r\u00e9e par IA)<\/p>\n<p>\n <strong><br \/>\n  Les m\u00e9moires vives de type RAM sont des composants essentiels des produits \u00e9lectroniques et informatiques. Leur prix a fortement augment\u00e9 ces derni\u00e8res semaines. Pour certains d&rsquo;entre-eux, le prix a m\u00eame \u00e9t\u00e9 multipli\u00e9 par quatre ou cinq en quelques semaines. Comment expliquer cette \u00e9volution ? Quel impact cela pourrait-il avoir sur le prix des ordinateurs, mais aussi sur l&rsquo;inflation ou sur le d\u00e9veloppement de l&rsquo;intelligence artificielle ? Les \u00e9conomies europ\u00e9ennes seront-elles atteintes ? Julien Pillot r\u00e9pond \u00e0 nos questions.<br \/>\n <\/strong>\n<\/p>\n<p>\n <strong><br \/>\n  The Conversation : Pourquoi assiste-t-on depuis quelques semaines \u00e0 une forte hausse du prix des m\u00e9moires vives ?<br \/>\n <\/strong>\n<\/p>\n<p>\n <strong><br \/>\n  Julien Pillot :<br \/>\n <\/strong><br \/>\n La hausse des prix concerne certains types de m\u00e9moires vives (RAM), qui constituent un ensemble beaucoup plus large. C&rsquo;est l&rsquo;\u00e9volution du prix de la DDR5 et la HBM3 qui inqui\u00e8te de nombreux analystes actuellement. Pour comprendre les \u00e9volutions en cours, il faut avoir en t\u00eate que ces formats de m\u00e9moire vive sont essentiels \u00e0 deux usages : la DDR5 est utilis\u00e9e pour faire fonctionner l&rsquo;ensemble de nos \u00e9quipements informatiques et \u00e9lectroniques grand public, \u00e0 des fins notamment de bureautique ou de gaming, quand la HBM est destin\u00e9e aux supercalculateurs, essentiellement \u00e0 des fins d&rsquo;entra\u00eenement des intelligences artificielles (IA). Or, sur ce dernier point, nous observons une acc\u00e9l\u00e9ration sensible de la demande, en lien avec le vif engouement pour l&rsquo;IA depuis deux ans et la construction de centres de donn\u00e9es qui va de pair. Cette pression tr\u00e8s forte de la demande explique le ph\u00e9nom\u00e8ne, suivant les canons de l&rsquo;\u00e9conomie : quand la demande augmente et que l&rsquo;offre ne suit pas, le prix cro\u00eet. C&rsquo;est d&rsquo;autant plus vrai que cette croissance ne pouvait \u00eatre que tr\u00e8s imparfaitement anticip\u00e9e, et que le secteur des composants informatiques conna\u00eet tr\u00e8s souvent des cycles de surproduction\/sous-production plus ou moins courts.\n<\/p>\n<p>\n <strong><br \/>\n  Quel impact cela peut-il avoir ?<br \/>\n <\/strong>\n<\/p>\n<p>\n L&rsquo;augmentation des co\u00fbts de fourniture est une chose, mais il y a \u00e9galement un risque que les d\u00e9lais de production s&rsquo;allongent, et que les prix des produits finis augmentent pour le grand public. Pour bien comprendre ce qui se passe, il faut avoir en t\u00eate que la production est principalement le fait de trois entreprises : les Cor\u00e9ens SK Hynix et Samsung d&rsquo;une part, et l&rsquo;Am\u00e9ricain Micron d&rsquo;autre part. Cet oligopole tr\u00e8s concentr\u00e9 r\u00e9alise pr\u00e8s de 93 % de la production mondiale. Pour faire face \u00e0 la croissance de la demande, ils doivent puiser dans leurs stocks, mais surtout augmenter leur capacit\u00e9 de production, ce qui veut dire tr\u00e8s concr\u00e8tement construire de nouveaux sites ou agrandir les sites existants. Outre que cr\u00e9er de nouvelles unit\u00e9s de production prend du temps, cela repr\u00e9sente aussi un important investissement.\n<\/p>\n<p>\n Ces acteurs sont donc plac\u00e9s devant un dilemme : la hausse de la demande sera-t-elle suffisamment durable pour justifier ces investissements ? Rien ne serait pire pour ces acteurs que de se retrouver, \u00e0 terme, avec des surcapacit\u00e9s de production qui, non seulement s&rsquo;av\u00e8reraient difficiles \u00e0 amortir, mais en outre pourraient cr\u00e9er un choc d\u00e9flationniste sur leur production, comme cela s&rsquo;est vu en 2022-2023 avec le ralentissement de la demande. C&rsquo;est un cas classique en \u00e9conomie industrielle qui explique aussi pourquoi les trois g\u00e9ants de la m\u00e9moire vive limitent leurs plans d&rsquo;expansion.\n<\/p>\n<p>\n <strong><br \/>\n  Cet accroissement de la demande n&rsquo;\u00e9tait-il pas pr\u00e9visible ?<br \/>\n <\/strong>\n<\/p>\n<p>\n L&rsquo;acc\u00e9l\u00e9ration exponentielle, depuis 2023-2024, et l&rsquo;av\u00e8nement de ChatGPT ont surpris beaucoup de monde. Cet \u00abeffet blast\u00bb a eu pour principale cons\u00e9quence le fl\u00e9chage d&rsquo;une quantit\u00e9 colossale de fonds vers le d\u00e9veloppement de l&rsquo;IA et, par cons\u00e9quent, vers les composants critiques des architectures essentielles \u00e0 leur entra\u00eenement. Ce qui explique autant la valorisation record d&rsquo;une entreprise comme Nvidia qui fournit les GPU [processeurs graphiques], que la hausse de la demande, et donc des prix, de la m\u00e9moire vive.\n<\/p>\n<p>\n Ce mouvement a \u00e9t\u00e9 d&rsquo;autant plus fort que, dans le m\u00eame temps, les autres v\u00e9hicules d&rsquo;investissement, comme la blockchain ou le m\u00e9tavers, marquaient une pause, voire s&rsquo;effondreraient.\n<\/p>\n<p>\n Si la situation \u00e0 court terme est favorable aux producteurs de RAM qui b\u00e9n\u00e9ficient \u00e0 plein de l&rsquo;effet-prix qui r\u00e9sulte de l&rsquo;acc\u00e9l\u00e9ration de la demande (SK Hynix, le fournisseur de Nvidia, aurait m\u00eame d\u00e9j\u00e0 \u00e9coul\u00e9 la totalit\u00e9 de sa production pr\u00e9vue pour 2026), elle n\u00e9cessite n\u00e9anmoins de pouvoir offrir au march\u00e9 ce qu&rsquo;il demande, car une p\u00e9nurie durable ne profite \u00e0 personne. Raison pour laquelle ils ont r\u00e9agi.\n<\/p>\n<p>\n <strong><br \/>\n  En quoi a consist\u00e9 leur r\u00e9action justement ?<br \/>\n <\/strong>\n<\/p>\n<p>\n En adaptant leur outil de production. Ils se sont focalis\u00e9s sur la production des m\u00e9moires vives les plus demand\u00e9es, quitte \u00e0 en d\u00e9laisser d&rsquo;autres. Mais \u00e0 un moment, on arrive au bout des capacit\u00e9s d&rsquo;adaptation des acteurs, ce qui explique les goulets d&rsquo;\u00e9tranglement, par exemple sur les DDR5, les producteurs favorisant les m\u00e9moires HBM qui offrent de meilleures marges. Mais, retour de b\u00e2ton, le goulet d&rsquo;\u00e9tranglement sur la DDR5 est tel que les producteurs envisagent d\u00e9sormais de la privil\u00e9gier. Il faut dire que les perspectives de profits sont tr\u00e8s all\u00e9chantes.\n<\/p>\n<p>\n <strong><br \/>\n  Quelles cons\u00e9quences concr\u00e8tes va avoir cette adaptation sur les prix \u00e0 court terme ? Et surtout, comment cela va se traduire pour le consommateur final ?<br \/>\n <\/strong>\n<\/p>\n<p>\n C&rsquo;est tr\u00e8s tr\u00e8s difficile \u00e0 dire, car r\u00e9pondre \u00e0 cette question revient \u00e0 poser un probl\u00e8me avec beaucoup d&rsquo;inconnues. Certains analystes tablent sur une augmentation de 20% du prix des smartphones, mais ces conclusions me paraissent pr\u00e9matur\u00e9es. Les facteurs d&rsquo;incertitude sont bien trop nombreux pour \u00eatre si cat\u00e9gorique.\n<\/p>\n<p>\n L&rsquo;impact va, en effet, d\u00e9pendre des d\u00e9cisions prises par les entreprises, et des marges de man\u0153uvre dont elles disposent\u2026 Nous avons d\u00e9j\u00e0 \u00e9voqu\u00e9 le dilemme qui concerne les producteurs de RAM. Leurs arbitrages \u00e0 court terme seront d\u00e9terminants dans les m\u00e9canismes de fixation des prix pour les diff\u00e9rents types de RAM. Les autres inconnues concernent la demande, notamment celle qui \u00e9mane des acteurs de l&rsquo;\u00e9lectronique grand public.\n<\/p>\n<p>\n \u00c0 court terme, et \u00e0 p\u00e9rim\u00e8tre constant (stabilit\u00e9 de la demande et des prix des autres composants), la hausse du prix des m\u00e9moires vives augmente leurs co\u00fbts de production. Quant aux goulets d&rsquo;\u00e9tranglement, ils peuvent ralentir les cadences de livraison des composants, et donc allonger les d\u00e9lais de production et\/ou r\u00e9duire les quantit\u00e9s de produits finis produites. Avec des r\u00e9percussions \u00e9videntes sur leur tr\u00e9sorerie.\n<\/p>\n<p>\n Pour savoir l&rsquo;impact sur le consommateur final, tout va d\u00e9pendre de la capacit\u00e9 autant que la volont\u00e9 des entreprises \u00e0 r\u00e9percuter ou non cette hausse sur leurs clients. Chaque entreprise va prendre sa d\u00e9cision en fonction de sa situation concurrentielle et financi\u00e8re propre, en arbitrant entre sa tr\u00e9sorerie et le risque de perdre des parts de march\u00e9. Une entreprise en position de force peut d\u00e9cider de r\u00e9percuter la hausse. Une autre confront\u00e9e \u00e0 une forte concurrence sera tent\u00e9e de maintenir les prix actuels aussi longtemps que possible, et donc de rogner ses marges.\n<\/p>\n<p>\n Autre facteur qui va jouer : l&rsquo;\u00e9volution des prix des autres composants. Les produits \u00e9lectroniques sont complexes. Ils sont l&rsquo;assemblage d&rsquo;un tas de composants dont les prix varient ind\u00e9pendamment les uns des autres. Il est possible que, tandis que le prix de la RAM augmente, celui d&rsquo;autres \u00e9l\u00e9ments baisse, ce qui peut permettre \u00e0 un assembleur de faire une p\u00e9r\u00e9quation.\n<\/p>\n<p>\n Enfin, la hauteur de gamme des produits finis va \u00e9galement jouer un r\u00f4le tr\u00e8s important dans les arbitrages des producteurs. Sur les produits bas de gamme, il est probable que les producteurs soient peu incit\u00e9s \u00e0 r\u00e9percuter la hausse des co\u00fbts, car le consommateur est tr\u00e8s sensible au prix. \u00c0 l&rsquo;inverse, pour du haut de gamme, l&rsquo;entreprise retrouve des marges de man\u0153uvre, car le prix n&rsquo;est pas le crit\u00e8re de choix d\u00e9terminant. Une entreprise, comme Samsung, qui couvre toutes les gammes de produits peut \u00e9galement jouer une p\u00e9r\u00e9quation en acceptant de r\u00e9duire ses marges sur les produits d&rsquo;entr\u00e9e de gamme, et de \u00abse rattraper\u00bb \u2013 au moins en partie \u2013 sur les produits haut de gamme.\n<\/p>\n<p>\n Sans m\u00eame \u00e9voquer les impacts imputables aux d\u00e9cisions de politique commerciale, ou d&rsquo;\u00e9ventuels chocs exog\u00e8nes tels que celui qui avait frapp\u00e9 la production de disques durs en 2011-2012, tous ces \u00e9l\u00e9ments mis bout \u00e0 bout font qu&rsquo;il est d\u00e9j\u00e0 tr\u00e8s difficile d&rsquo;avoir une vue d&rsquo;ensemble des r\u00e9percussions macro-\u00e9conomiques de la hausse du prix, tant l&rsquo;impact global d\u00e9pend d&rsquo;une infinit\u00e9 de d\u00e9cisions micro locales.\n<\/p>\n<p>\n <strong><br \/>\n  Ces m\u00e9moires vives sont utilis\u00e9es pour les mod\u00e8les d&rsquo;IA. En rench\u00e9rissant les co\u00fbts li\u00e9s \u00e0 l&rsquo;entrainement des LLM, la hausse du prix des m\u00e9moires vives peut-elle d\u00e9grader la rentabilit\u00e9 attendue des investissements dans le secteur et, de fait, entrainer une correction boursi\u00e8re des valeurs de l&rsquo;IA ?<br \/>\n <\/strong>\n<\/p>\n<p>\n Tout va d\u00e9pendre des arbitrages des acteurs, et notamment des producteurs de m\u00e9moire vive. Vont-ils continuer ou non \u00e0 favoriser la production des m\u00e9moires vives pour l&rsquo;IA, les fameuses HBM ? Il pourrait aussi y avoir une bascule \u00e0 moyen terme qui aboutirait \u00e0 un ralentissement du rythme de d\u00e9veloppement de l&rsquo;IA, le temps de dig\u00e9rer les investissements colossaux r\u00e9alis\u00e9s jusqu&rsquo;ici. Pour quelles raisons ? Des pressions venant de la soci\u00e9t\u00e9 ou des actionnaires. Ces derniers voient bien que la croissance de l&rsquo;IA consomme beaucoup de cash, et s&rsquo;inqui\u00e8tent de perspectives de mon\u00e9tisation qui sont soit plus lointaines, soit moins importantes que celles promises par les acteurs de la tech.\n<\/p>\n<p>\n Certains investisseurs pourraient bien \u00eatre tent\u00e9s de pousser les entreprises \u00e0 se r\u00e9orienter vers des projets moins gourmands en capacit\u00e9 de calcul, qui n\u00e9cessitent moins d&rsquo;\u00e9nergie et de cash. \u00c0 moins que ce ne soit les dirigeants d&rsquo;entreprise eux-m\u00eames qui fassent ce choix par volont\u00e9 \u00e0 la fois de pr\u00e9server leur tr\u00e9sorerie et de trouver des mod\u00e8les peut-\u00eatre plus frugaux, plus sp\u00e9cialis\u00e9s et mieux adapt\u00e9s aux besoins r\u00e9els des acteurs du march\u00e9. Dans un cas comme dans l&rsquo;autre, cela aurait un effet sur la demande de RAM. Cela ne reste qu&rsquo;un sc\u00e9nario. En revanche, il me semble raisonnable d&rsquo;estimer que t\u00f4t ou tard les gros argentiers de l&rsquo;IA vont r\u00e9clamer des \u00e9l\u00e9ments de preuve d&rsquo;un possible retour sur investissement, ce qui poussera les entreprises sp\u00e9cialis\u00e9es \u00e0 chercher \u00e0 r\u00e9duire leurs co\u00fbts.\n<\/p>\n<p>\n <strong><br \/>\n  Avec cette explosion du prix de la m\u00e9moire vive, l&rsquo;Europe est-elle en train de se d\u00e9couvrir une nouvelle d\u00e9pendance technologique ?<br \/>\n <\/strong>\n<\/p>\n<p>\n Oui, les Europ\u00e9ens se retrouvent encore une fois dans une extr\u00eame d\u00e9pendance pour des biens d&rsquo;une importance cruciale, strat\u00e9gique et m\u00eame vitale. Nous ne sommes pas compl\u00e8tement absents de l&rsquo;industrie des semi-conducteurs \u2013 l&rsquo;Europe compte m\u00eame deux champions, avec ASML pour la fabrication d&rsquo;\u00e9quipements, et STMicroelectronics pour la fabrication de puces \u2013, mais pour ce qui concerne la m\u00e9moire vive, nos entreprises sont totalement d\u00e9pendantes des exportations de la Cor\u00e9e du Sud ou des \u00c9tats-Unis, deux pays avec lesquels il vaut mieux avoir de bonnes relations. Le d\u00e9ficit commercial europ\u00e9en pour les semi-conducteurs atteint 10 milliards \u00e0 20 milliards de dollars (entre 8,5 milliards et 17 milliards d&rsquo;euros) par an !\n<\/p>\n<p>\n Nous commen\u00e7ons \u00e0 prendre conscience de nos d\u00e9pendances multiples. L&rsquo;European Chips Act (ECA) a \u00e9t\u00e9 une premi\u00e8re r\u00e9action qui vise \u00e0 couvrir 20 % de la production mondiale de semi-conducteurs. Une entreprise comme STMicroelectronics est bien plac\u00e9e, mais elle est absente du segment des m\u00e9moires vives. Il faudrait maintenant \u00e9largir le champ de l&rsquo;ECA \u00e0 ces composantes vitales de l&rsquo;\u00e9conomie num\u00e9rique. Le plus vite sera le mieux, car, vous l&rsquo;aurez compris, ces composants \u00e9lectroniques ont acquis une dimension critique pour l&rsquo;ensemble de l&rsquo;\u00e9conomie qui se num\u00e9rise \u00e0 marche acc\u00e9l\u00e9r\u00e9e.\n<\/p>\n<p>\n <strong><br \/>\n  Propos recueillis par Christophe Bys<br \/>\n <\/strong>\n<\/p>\n<p>\n <strong><br \/>\n  Julien Pillot est enseignant-Chercheur en Economie, INSEEC Grande \u00c9cole<br \/>\n <\/strong><\/p>\n","protected":false},"excerpt":{"rendered":"Le prix de la m\u00e9moire vive est en train d&rsquo;exploser avec des cons\u00e9quences encore difficiles \u00e0 mesurer (cr\u00e9dit&hellip;\n","protected":false},"author":2,"featured_media":627284,"comment_status":"","ping_status":"","sticky":false,"template":"","format":"standard","meta":{"footnotes":""},"categories":[7],"tags":[400,398,408,405,1011,27,403,402,399,404,43,40,41,39,401,42,44,406,407],"class_list":{"0":"post-627283","1":"post","2":"type-post","3":"status-publish","4":"format-standard","5":"has-post-thumbnail","7":"category-sciences-et-technologies","8":"tag-action-cac-40","9":"tag-bourse-de-paris","10":"tag-boursorama","11":"tag-cotations","12":"tag-fr","13":"tag-france","14":"tag-indices-devises","15":"tag-investir","16":"tag-investissement","17":"tag-marche-boursier","18":"tag-science","19":"tag-science-and-technology","20":"tag-sciences","21":"tag-sciences-et-technologies","22":"tag-sicav","23":"tag-technologies","24":"tag-technology","25":"tag-trackers","26":"tag-warrants"},"share_on_mastodon":{"url":"https:\/\/pubeurope.com\/@fr\/115802206836370912","error":""},"_links":{"self":[{"href":"https:\/\/www.europesays.com\/fr\/wp-json\/wp\/v2\/posts\/627283","targetHints":{"allow":["GET"]}}],"collection":[{"href":"https:\/\/www.europesays.com\/fr\/wp-json\/wp\/v2\/posts"}],"about":[{"href":"https:\/\/www.europesays.com\/fr\/wp-json\/wp\/v2\/types\/post"}],"author":[{"embeddable":true,"href":"https:\/\/www.europesays.com\/fr\/wp-json\/wp\/v2\/users\/2"}],"replies":[{"embeddable":true,"href":"https:\/\/www.europesays.com\/fr\/wp-json\/wp\/v2\/comments?post=627283"}],"version-history":[{"count":0,"href":"https:\/\/www.europesays.com\/fr\/wp-json\/wp\/v2\/posts\/627283\/revisions"}],"wp:featuredmedia":[{"embeddable":true,"href":"https:\/\/www.europesays.com\/fr\/wp-json\/wp\/v2\/media\/627284"}],"wp:attachment":[{"href":"https:\/\/www.europesays.com\/fr\/wp-json\/wp\/v2\/media?parent=627283"}],"wp:term":[{"taxonomy":"category","embeddable":true,"href":"https:\/\/www.europesays.com\/fr\/wp-json\/wp\/v2\/categories?post=627283"},{"taxonomy":"post_tag","embeddable":true,"href":"https:\/\/www.europesays.com\/fr\/wp-json\/wp\/v2\/tags?post=627283"}],"curies":[{"name":"wp","href":"https:\/\/api.w.org\/{rel}","templated":true}]}}