{"id":627287,"date":"2025-12-29T09:44:11","date_gmt":"2025-12-29T09:44:11","guid":{"rendered":"https:\/\/www.europesays.com\/fr\/627287\/"},"modified":"2025-12-29T09:44:11","modified_gmt":"2025-12-29T09:44:11","slug":"six-morts-dont-une-enfant-dans-une-fusillade-dans-un-lieu-touristique","status":"publish","type":"post","link":"https:\/\/www.europesays.com\/fr\/627287\/","title":{"rendered":"Six morts, dont une enfant, dans une fusillade dans un lieu touristique"},"content":{"rendered":"<p>Une fusillade endeuille l\u2019<a href=\"https:\/\/www.20minutes.fr\/monde\/4185905-20251116-pipo-chavarria-puissant-narcotrafiquant-equatorien-arrete-espagne\" target=\"_blank\" class=\"c-link c-link--is-underlined\" rel=\"noopener\">Equateur<\/a>. Six personnes, dont une fillette de deux ans, ont \u00e9t\u00e9 tu\u00e9es dimanche pr\u00e8s d\u2019une plage touristique du sud-ouest du pays au cours d\u2019une attaque \u00e0 l\u2019arme \u00e0 feu qui a \u00e9galement fait trois bless\u00e9s, a annonc\u00e9 la police.<\/p>\n<p>La fusillade s\u2019est produite \u00e0 Puerto Lopez, dans la province de Manabi, une destination populaire pour l\u2019observation des baleines, au milieu d\u2019une vague de violences ce week-end qui a fait neuf morts au total dans cette ville.<\/p>\n<p>La violence des narcotrafiquants<\/p>\n<p>Pendant l\u2019attaque sur la promenade de Puerto Lopez, \u00ab\u00a0six personnes ont \u00e9t\u00e9 tu\u00e9es et trois autres bless\u00e9es\u00a0\u00bb, a d\u00e9clar\u00e9 aux m\u00e9dias le colonel William Acurio, le commandant de la police dans la r\u00e9gion. Parmi les morts, il y a une fillette \u00ab\u00a0\u00e2g\u00e9e d\u2019environ deux ans\u00a0\u00bb, a-t-il ajout\u00e9.<\/p>\n<\/p>\n<p>L\u2019Equateur, situ\u00e9 entre les deux principaux exportateurs mondiaux de coca\u00efne, la <a href=\"https:\/\/www.20minutes.fr\/monde\/4186837-20251120-colombie-ivan-mordisco-guerillero-ennemi-public-numero-pays\" target=\"_blank\" class=\"c-link c-link--is-underlined\" rel=\"noopener\">Colombie<\/a> et le P\u00e9rou, a connu une recrudescence de la violence due aux luttes entre gangs criminels li\u00e9s aux cartels mexicains et colombiens.<\/p>\n","protected":false},"excerpt":{"rendered":"Une fusillade endeuille l\u2019Equateur. Six personnes, dont une fillette de deux ans, ont \u00e9t\u00e9 tu\u00e9es dimanche pr\u00e8s d\u2019une&hellip;\n","protected":false},"author":2,"featured_media":627288,"comment_status":"","ping_status":"","sticky":false,"template":"","format":"standard","meta":{"footnotes":""},"categories":[5],"tags":[47,11,34464,1011,27,3832,14,74,813,12,887,133,28],"class_list":{"0":"post-627287","1":"post","2":"type-post","3":"status-publish","4":"format-standard","5":"has-post-thumbnail","7":"category-international","8":"tag-actualite","9":"tag-actualites","10":"tag-equateur","11":"tag-fr","12":"tag-france","13":"tag-fusillade","14":"tag-international","15":"tag-monde","16":"tag-narcotrafiquants","17":"tag-news","18":"tag-trafic-de-drogue","19":"tag-video","20":"tag-world"},"share_on_mastodon":{"url":"https:\/\/pubeurope.com\/@fr\/115802214443500346","error":""},"_links":{"self":[{"href":"https:\/\/www.europesays.com\/fr\/wp-json\/wp\/v2\/posts\/627287","targetHints":{"allow":["GET"]}}],"collection":[{"href":"https:\/\/www.europesays.com\/fr\/wp-json\/wp\/v2\/posts"}],"about":[{"href":"https:\/\/www.europesays.com\/fr\/wp-json\/wp\/v2\/types\/post"}],"author":[{"embeddable":true,"href":"https:\/\/www.europesays.com\/fr\/wp-json\/wp\/v2\/users\/2"}],"replies":[{"embeddable":true,"href":"https:\/\/www.europesays.com\/fr\/wp-json\/wp\/v2\/comments?post=627287"}],"version-history":[{"count":0,"href":"https:\/\/www.europesays.com\/fr\/wp-json\/wp\/v2\/posts\/627287\/revisions"}],"wp:featuredmedia":[{"embeddable":true,"href":"https:\/\/www.europesays.com\/fr\/wp-json\/wp\/v2\/media\/627288"}],"wp:attachment":[{"href":"https:\/\/www.europesays.com\/fr\/wp-json\/wp\/v2\/media?parent=627287"}],"wp:term":[{"taxonomy":"category","embeddable":true,"href":"https:\/\/www.europesays.com\/fr\/wp-json\/wp\/v2\/categories?post=627287"},{"taxonomy":"post_tag","embeddable":true,"href":"https:\/\/www.europesays.com\/fr\/wp-json\/wp\/v2\/tags?post=627287"}],"curies":[{"name":"wp","href":"https:\/\/api.w.org\/{rel}","templated":true}]}}