{"id":627292,"date":"2025-12-29T09:47:14","date_gmt":"2025-12-29T09:47:14","guid":{"rendered":"https:\/\/www.europesays.com\/fr\/627292\/"},"modified":"2025-12-29T09:47:14","modified_gmt":"2025-12-29T09:47:14","slug":"saint-etienne-et-si-le-site-de-la-charite-revivait-grace-a-leconomie-sociale-et-solidaire","status":"publish","type":"post","link":"https:\/\/www.europesays.com\/fr\/627292\/","title":{"rendered":"Saint-\u00c9tienne. Et si le site de la Charit\u00e9 revivait gr\u00e2ce \u00e0 l\u2019\u00e9conomie sociale et solidaire\u00a0?"},"content":{"rendered":"<p>Depuis mi-d\u00e9cembre, la Charit\u00e9 est quasiment d\u00e9serte, apr\u00e8s le d\u00e9m\u00e9nagement des derniers services de g\u00e9riatrie du CHU vers Bellevue. Il ne reste d\u00e9sormais plus que deux petits services (une trentaine de personnels), eux aussi appel\u00e9s \u00e0 d\u00e9m\u00e9nager.<\/p>\n<p>\u00c0 plus ou moins court terme, cet immense site de 2,5 hectares en plein c\u0153ur de la ville, \u00e0 deux pas de la place Chavanelle, sera donc vide de tout occupant et d\u00e9nu\u00e9 de toute activit\u00e9. D\u00e8s lors, que faire de ce site hautement strat\u00e9gique en mati\u00e8re d\u2019urbanisme\u00a0? Ce sera sans nul doute l\u2019un des chantiers majeurs de l\u2019\u00e9quipe municipale qui sera \u00e9lue en mars.<\/p>\n<p>Un projet \u00e0 vocation r\u00e9sidentielle avait \u00e9t\u00e9 \u00e9voqu\u00e9<\/p>\n<p>Car si le site de la Charit\u00e9 est aujourd\u2019hui la propri\u00e9t\u00e9 du CHU, il est quasiment act\u00e9 depuis d\u00e9j\u00e0 plusieurs ann\u00e9es que c\u2019est la Ville qui devrait le racheter. Pour quel projet\u00a0? Cela reste \u00e0 d\u00e9terminer. Lors d\u2019un conseil municipal en juin\u00a02023, celui qui \u00e9tait encore maire, <a href=\"https:\/\/www.leprogres.fr\/p\/gael-perdriau\" target=\"_blank\" rel=\"noopener\">Ga\u00ebl Perdriau<\/a>, avait \u00e9voqu\u00e9 \u00ab\u00a0un projet \u00e0 vocation r\u00e9sidentielle\u00a0\u00bb.<\/p>\n<p>Ma&#8230;<\/p>\n","protected":false},"excerpt":{"rendered":"Depuis mi-d\u00e9cembre, la Charit\u00e9 est quasiment d\u00e9serte, apr\u00e8s le d\u00e9m\u00e9nagement des derniers services de g\u00e9riatrie du CHU vers&hellip;\n","protected":false},"author":2,"featured_media":627293,"comment_status":"","ping_status":"","sticky":false,"template":"","format":"standard","meta":{"footnotes":""},"categories":[9653],"tags":[1111,11,2430,33,7539,1777,674,1011,27,3367,12,25,4001,7538,10806,801],"class_list":{"0":"post-627292","1":"post","2":"type-post","3":"status-publish","4":"format-standard","5":"has-post-thumbnail","7":"category-saint-etienne","8":"tag-actu","9":"tag-actualites","10":"tag-auvergne-rhone-alpes","11":"tag-economie","12":"tag-edition-loire-sud","13":"tag-eu","14":"tag-europe","15":"tag-fr","16":"tag-france","17":"tag-loire","18":"tag-news","19":"tag-republique-francaise","20":"tag-saint-etienne","21":"tag-saint-etienne-ville","22":"tag-selection-de-la-redaction-42","23":"tag-social"},"share_on_mastodon":{"url":"https:\/\/pubeurope.com\/@fr\/115802226304267468","error":""},"_links":{"self":[{"href":"https:\/\/www.europesays.com\/fr\/wp-json\/wp\/v2\/posts\/627292","targetHints":{"allow":["GET"]}}],"collection":[{"href":"https:\/\/www.europesays.com\/fr\/wp-json\/wp\/v2\/posts"}],"about":[{"href":"https:\/\/www.europesays.com\/fr\/wp-json\/wp\/v2\/types\/post"}],"author":[{"embeddable":true,"href":"https:\/\/www.europesays.com\/fr\/wp-json\/wp\/v2\/users\/2"}],"replies":[{"embeddable":true,"href":"https:\/\/www.europesays.com\/fr\/wp-json\/wp\/v2\/comments?post=627292"}],"version-history":[{"count":0,"href":"https:\/\/www.europesays.com\/fr\/wp-json\/wp\/v2\/posts\/627292\/revisions"}],"wp:featuredmedia":[{"embeddable":true,"href":"https:\/\/www.europesays.com\/fr\/wp-json\/wp\/v2\/media\/627293"}],"wp:attachment":[{"href":"https:\/\/www.europesays.com\/fr\/wp-json\/wp\/v2\/media?parent=627292"}],"wp:term":[{"taxonomy":"category","embeddable":true,"href":"https:\/\/www.europesays.com\/fr\/wp-json\/wp\/v2\/categories?post=627292"},{"taxonomy":"post_tag","embeddable":true,"href":"https:\/\/www.europesays.com\/fr\/wp-json\/wp\/v2\/tags?post=627292"}],"curies":[{"name":"wp","href":"https:\/\/api.w.org\/{rel}","templated":true}]}}