{"id":627294,"date":"2025-12-29T09:48:16","date_gmt":"2025-12-29T09:48:16","guid":{"rendered":"https:\/\/www.europesays.com\/fr\/627294\/"},"modified":"2025-12-29T09:48:16","modified_gmt":"2025-12-29T09:48:16","slug":"saint-etienne-piste-un-ailier-tres-convoite","status":"publish","type":"post","link":"https:\/\/www.europesays.com\/fr\/627294\/","title":{"rendered":"Saint-\u00c9tienne piste un ailier tr\u00e8s convoit\u00e9"},"content":{"rendered":"<p>Afficher l\u2019index Masquer l\u2019index <\/p>\n<p>\u00c0 l\u2019approche du <strong>mercato<\/strong> hivernal, l\u2019<strong>ASSE<\/strong> scrute le march\u00e9 avec attention. Dans le viseur des <strong>Verts<\/strong>, un jeune ailier ivoirien dont la cote grimpe en Europe, symbole d\u2019un recrutement cibl\u00e9 et r\u00e9fl\u00e9chi.<\/p>\n<p>Mercato ASSE : C\u00e9dric Don, un nom qui circule de plus en plus en coulisses dans le Forez\t<\/p>\n<p>\u00c0 mesure que janvier approche, les rumeurs s\u2019\u00e9paississent du c\u00f4t\u00e9 de L\u2019\u00c9trat. Selon le m\u00e9dia belge Voetbal Nieuws, l\u2019ASSE fait partie des clubs attentifs \u00e0 la situation de C\u00e9dric Don, ailier de 21 ans \u00e9voluant au Hapoel Jerusalem. Un nom encore discret pour le grand public, mais d\u00e9j\u00e0 bien identifi\u00e9 par les cellules de recrutement europ\u00e9ennes.<\/p>\n<p><strong>Lire aussi : <a href=\"https:\/\/www.foot-sur7.fr\/714407-asse-kilmer-sports-devoile-lenveloppe-du-mercato-dhiver\" target=\"_blank\" rel=\"noopener\">ASSE : Kilmer Sports d\u00e9voile l\u2019enveloppe du Mercato d\u2019hiver<\/a><\/strong><\/p>\n<p><a class=\"related-article simple\" href=\"https:\/\/www.foot-sur7.fr\/714418-psg-surprise-marquinhos-fait-une-grosse-annonce\" target=\"_blank\" rel=\"noopener\">\u00c0 voirPSG : Surprise ! Marquinhos fait une grosse annonce<\/a><\/p>\n<p>Car la concurrence est r\u00e9elle. Anderlecht, le FC B\u00e2le ou encore le Sporting Charleroi suivent \u00e9galement le dossier. Autant dire que Saint-\u00c9tienne avance sur un terrain balis\u00e9, o\u00f9 chaque pas doit \u00eatre mesur\u00e9. Dans ce march\u00e9 hivernal souvent propice aux coups pr\u00e9cipit\u00e9s, les Verts pr\u00e9f\u00e8rent observer, analyser, patienter\u2026 parfois mieux frapper.<\/p>\n<p>Un profil explosif taill\u00e9 pour les Verts<\/p>\n<p>Sur le terrain, C\u00e9dric Don coche plusieurs cases. Ailier percutant, capable de rentrer dans l\u2019axe, il se distingue par son explosivit\u00e9 et sa vivacit\u00e9 dans les trente derniers m\u00e8tres. Petit gabarit (1,67 m), mais grand dynamiteur, il incarne ce type de joueur capable de d\u00e9s\u00e9quilibrer un bloc sur une acc\u00e9l\u00e9ration.<\/p>\n<p>Ses statistiques (3 buts et 1 passe d\u00e9cisive en 14 matches cette saison) m\u00e9ritent d\u2019\u00eatre contextualis\u00e9es. Le Hapoel Jerusalem lutte pour sa survie, et Don \u00e9volue souvent dans un collectif sous pression. Sur la dur\u00e9e, son bilan reste \u00e9vocateur : 18 buts en 79 apparitions. Suffisant pour attirer des regards avertis.<\/p>\n<p>Un contexte \u00e9conomique favorable aux man\u0153uvres<\/p>\n<p>Si le dossier prend de l\u2019\u00e9paisseur, c\u2019est aussi pour des raisons financi\u00e8res. Le club isra\u00e9lien, en difficult\u00e9 \u00e9conomique, serait dispos\u00e9 \u00e0 vendre pour un montant estim\u00e9 entre 1,5 et 2 millions d\u2019euros. Une somme encore accessible, mais qui pourrait rapidement grimper si les pr\u00e9tendants se bousculent. Le joueur, lui, ne serait pas ferm\u00e9 \u00e0 un d\u00e9part vers un championnat plus expos\u00e9. La Ligue 1, m\u00eame en lutte, conserve ce pouvoir d\u2019attraction.<\/p>\n<p>\u00c0 Saint-\u00c9tienne, aucune pr\u00e9cipitation. Le profil de Don correspond \u00e0 une strat\u00e9gie claire : jeunesse, potentiel, polyvalence et valeur marchande ma\u00eetris\u00e9e. Des crit\u00e8res chers \u00e0 la nouvelle politique sportive. Les Verts avancent \u00e0 pas feutr\u00e9s, conscients que ce type de dossier peut s\u2019emballer en quelques jours.<\/p>\n<p>Lire aussi sur l\u2019ASSE : <\/p>\n<p><a href=\"https:\/\/www.foot-sur7.fr\/714375-mercato-asse-gazidis-annonce-sa-decision-pour-horneland\" target=\"_blank\" rel=\"noopener\"><strong>Mercato ASSE : Gazidis annonce sa d\u00e9cision pour Horneland !<\/strong><\/a><\/p>\n<p><a class=\"related-article simple\" href=\"https:\/\/www.foot-sur7.fr\/714421-om-le-gabon-recadre-sechement-marseille-pour-aubameyang\" target=\"_blank\" rel=\"noopener\">\u00c0 voirOM : Le Gabon recadre s\u00e8chement Marseille pour Aubameyang<\/a><\/p>\n<p><a href=\"https:\/\/www.foot-sur7.fr\/714363-asse-annonce-officielle-pour-le-deplacement-au-mans\" target=\"_blank\" rel=\"noopener\"><strong>ASSE : Annonce officielle pour le d\u00e9placement au Mans !<\/strong><\/a><\/p>\n<p><a href=\"https:\/\/www.foot-sur7.fr\/714356-mercato-asse-saint-etienne-tient-son-nouveau-gardien-de-but\" target=\"_blank\" rel=\"noopener\"><strong>Mercato ASSE : Saint-Etienne tient son nouveau gardien de but<\/strong><\/a><\/p>\n","protected":false},"excerpt":{"rendered":"Afficher l\u2019index Masquer l\u2019index \u00c0 l\u2019approche du mercato hivernal, l\u2019ASSE scrute le march\u00e9 avec attention. Dans le viseur&hellip;\n","protected":false},"author":2,"featured_media":301758,"comment_status":"","ping_status":"","sticky":false,"template":"","format":"standard","meta":{"footnotes":""},"categories":[9653],"tags":[1111,11,2430,1777,674,1011,27,12,25,4001],"class_list":{"0":"post-627294","1":"post","2":"type-post","3":"status-publish","4":"format-standard","5":"has-post-thumbnail","7":"category-saint-etienne","8":"tag-actu","9":"tag-actualites","10":"tag-auvergne-rhone-alpes","11":"tag-eu","12":"tag-europe","13":"tag-fr","14":"tag-france","15":"tag-news","16":"tag-republique-francaise","17":"tag-saint-etienne"},"share_on_mastodon":{"url":"https:\/\/pubeurope.com\/@fr\/115802230299729076","error":""},"_links":{"self":[{"href":"https:\/\/www.europesays.com\/fr\/wp-json\/wp\/v2\/posts\/627294","targetHints":{"allow":["GET"]}}],"collection":[{"href":"https:\/\/www.europesays.com\/fr\/wp-json\/wp\/v2\/posts"}],"about":[{"href":"https:\/\/www.europesays.com\/fr\/wp-json\/wp\/v2\/types\/post"}],"author":[{"embeddable":true,"href":"https:\/\/www.europesays.com\/fr\/wp-json\/wp\/v2\/users\/2"}],"replies":[{"embeddable":true,"href":"https:\/\/www.europesays.com\/fr\/wp-json\/wp\/v2\/comments?post=627294"}],"version-history":[{"count":0,"href":"https:\/\/www.europesays.com\/fr\/wp-json\/wp\/v2\/posts\/627294\/revisions"}],"wp:featuredmedia":[{"embeddable":true,"href":"https:\/\/www.europesays.com\/fr\/wp-json\/wp\/v2\/media\/301758"}],"wp:attachment":[{"href":"https:\/\/www.europesays.com\/fr\/wp-json\/wp\/v2\/media?parent=627294"}],"wp:term":[{"taxonomy":"category","embeddable":true,"href":"https:\/\/www.europesays.com\/fr\/wp-json\/wp\/v2\/categories?post=627294"},{"taxonomy":"post_tag","embeddable":true,"href":"https:\/\/www.europesays.com\/fr\/wp-json\/wp\/v2\/tags?post=627294"}],"curies":[{"name":"wp","href":"https:\/\/api.w.org\/{rel}","templated":true}]}}