{"id":627295,"date":"2025-12-29T09:49:17","date_gmt":"2025-12-29T09:49:17","guid":{"rendered":"https:\/\/www.europesays.com\/fr\/627295\/"},"modified":"2025-12-29T09:49:17","modified_gmt":"2025-12-29T09:49:17","slug":"nancy-une-soiree-entre-spa-diner-raffine-et-danse-pour-un-nouvel-an-dexception-a-nancy-thermal","status":"publish","type":"post","link":"https:\/\/www.europesays.com\/fr\/627295\/","title":{"rendered":"Nancy. Une soir\u00e9e entre spa, d\u00eener raffin\u00e9 et danse pour un Nouvel an d\u2019exception \u00e0 Nancy Thermal"},"content":{"rendered":"<p>L\u2019\u00e9v\u00e9nement, <a href=\"https:\/\/www.estrepublicain.fr\/culture-loisirs\/2024\/12\/31\/dernier-bain-exterieur-mise-en-beaute-spa-le-reveillon-a-nancy-thermal\" target=\"_blank\" rel=\"noopener\">le 31\u00a0d\u00e9cembre 2024, \u00e9tait une premi\u00e8re du genre pour le centre Nancy Thermal rouvert en 2023.<\/a> Cette soir\u00e9e du Nouvel An, entre d\u00e9tente dans les installations du spa, et repas dansant dans la galerie des thermes, avait alors s\u00e9duit une cinquantaine de personnes. De quoi remettre le couvert en 2025\u00a0!<\/p>\n<p>Ainsi, le groupe ValVital, gestionnaire de Nancy Thermal, propose de nouveau une soir\u00e9e tr\u00e8s sp\u00e9ciale ce 31\u00a0d\u00e9cembre, entre bienfaits de l\u2019eau de source, repas de f\u00eate, et soir\u00e9e dansante\u00a0: tout commencera \u00e0 17\u00a0h\u00a030 par deux heures de d\u00e9tente dans les bassins, les <a href=\"https:\/\/www.estrepublicain.fr\/culture-loisirs\/2023\/04\/15\/nancy-thermal-l-espace-spa-et-detente-est-ouvert-les-curistes-arrivent-bientot\" target=\"_blank\" rel=\"noopener\">jacuzzis, le sauna et les hammams de la zone spa\/wellness<\/a> , avant une possible s\u00e9ance de maquillage. Apr\u00e8s quelques animations et le kir de bienvenue accompagn\u00e9 d\u2019amuse-bouche \u00e0 20\u00a0h\u00a030, place ensuite au d\u00eener dansant jusqu\u2019\u00e0 minuit, avant de d\u00e9buter 2026 sur la piste de danse au rythme d\u2019un DJ.<\/p>\n<p>C\u00f4t\u00e9 bonne ch\u00e8re, ce menu servi dans un cadre d\u2019exception promet des mets raffin\u00e9s (foie gras, cr\u00e8me truff\u00e9e, veau fa\u00e7on Rossini, dessert \u00e0 base de chocolat gianduja\u2026) accompagn\u00e9s de vins et de Champagne au dessert. Si bien que cette soir\u00e9e unique a un prix\u00a0: 199\u00a0\u20ac.<\/p>\n<p>Ce dimanche 28\u00a0d\u00e9cembre, 25 places (sur 80 possibles) \u00e9taient encore disponibles.<\/p>\n","protected":false},"excerpt":{"rendered":"L\u2019\u00e9v\u00e9nement, le 31\u00a0d\u00e9cembre 2024, \u00e9tait une premi\u00e8re du genre pour le centre Nancy Thermal rouvert en 2023. Cette&hellip;\n","protected":false},"author":2,"featured_media":627296,"comment_status":"","ping_status":"","sticky":false,"template":"","format":"standard","meta":{"footnotes":""},"categories":[9635],"tags":[1111,11,130,33,1704,2878,1777,674,1011,27,775,3457,1702,1703,12,25],"class_list":{"0":"post-627295","1":"post","2":"type-post","3":"status-publish","4":"format-standard","5":"has-post-thumbnail","7":"category-nancy","8":"tag-actu","9":"tag-actualites","10":"tag-consommation","11":"tag-economie","12":"tag-edition-nancy-et-agglomeration","13":"tag-encadre","14":"tag-eu","15":"tag-europe","16":"tag-fr","17":"tag-france","18":"tag-grand-est","19":"tag-meurthe-et-moselle","20":"tag-nancy","21":"tag-nancy-ville-54b","22":"tag-news","23":"tag-republique-francaise"},"share_on_mastodon":{"url":"https:\/\/pubeurope.com\/@fr\/115802234131910733","error":""},"_links":{"self":[{"href":"https:\/\/www.europesays.com\/fr\/wp-json\/wp\/v2\/posts\/627295","targetHints":{"allow":["GET"]}}],"collection":[{"href":"https:\/\/www.europesays.com\/fr\/wp-json\/wp\/v2\/posts"}],"about":[{"href":"https:\/\/www.europesays.com\/fr\/wp-json\/wp\/v2\/types\/post"}],"author":[{"embeddable":true,"href":"https:\/\/www.europesays.com\/fr\/wp-json\/wp\/v2\/users\/2"}],"replies":[{"embeddable":true,"href":"https:\/\/www.europesays.com\/fr\/wp-json\/wp\/v2\/comments?post=627295"}],"version-history":[{"count":0,"href":"https:\/\/www.europesays.com\/fr\/wp-json\/wp\/v2\/posts\/627295\/revisions"}],"wp:featuredmedia":[{"embeddable":true,"href":"https:\/\/www.europesays.com\/fr\/wp-json\/wp\/v2\/media\/627296"}],"wp:attachment":[{"href":"https:\/\/www.europesays.com\/fr\/wp-json\/wp\/v2\/media?parent=627295"}],"wp:term":[{"taxonomy":"category","embeddable":true,"href":"https:\/\/www.europesays.com\/fr\/wp-json\/wp\/v2\/categories?post=627295"},{"taxonomy":"post_tag","embeddable":true,"href":"https:\/\/www.europesays.com\/fr\/wp-json\/wp\/v2\/tags?post=627295"}],"curies":[{"name":"wp","href":"https:\/\/api.w.org\/{rel}","templated":true}]}}