{"id":627297,"date":"2025-12-29T09:50:24","date_gmt":"2025-12-29T09:50:24","guid":{"rendered":"https:\/\/www.europesays.com\/fr\/627297\/"},"modified":"2025-12-29T09:50:24","modified_gmt":"2025-12-29T09:50:24","slug":"nancy-au-restaurant-transparence-rue-stanislas-la-soiree-du-nouvel-an-se-celebre-avec-sobriete","status":"publish","type":"post","link":"https:\/\/www.europesays.com\/fr\/627297\/","title":{"rendered":"Nancy. Au restaurant Transparence, rue Stanislas, la soir\u00e9e du Nouvel An se c\u00e9l\u00e8bre avec sobri\u00e9t\u00e9"},"content":{"rendered":"<p>\u00ab\u00a0La gastronomie est l\u2019art d\u2019utiliser la nourriture pour cr\u00e9er le bonheur.\u00a0\u00bb Cette citation, inscrite sur l\u2019un des murs de la salle du restaurant Transparence, est une v\u00e9ritable source d\u2019inspiration pour l\u2019ensemble de l\u2019\u00e9quipe du restaurant, situ\u00e9 rue Stanislas. Et \u00e0 la Saint-Sylvestre, pas question d\u2019y d\u00e9roger.<\/p>\n<p>Le 31\u00a0d\u00e9cembre fait partie des grands rendez-vous de l\u2019ann\u00e9e, au m\u00eame titre que la Saint-Valentin. \u00ab\u00a0\u00c7a m\u2019emb\u00eate de dire \u00e7a, mais je suis vieux\u00a0!\u00a0\u00bb plaisante le chef. Des r\u00e9veillons, <a href=\"https:\/\/www.estrepublicain.fr\/edition-de-nancy-ville\/2016\/09\/29\/nancy-frechin-joue-la-carte-de-la-transparence\" target=\"_blank\" rel=\"noopener\">Patrick Fr\u00e9chin<\/a> en a d\u00e9j\u00e0 quelques-uns au compteur et l\u2019aborde avec la m\u00eame exigence que les autres services. L\u2019exp\u00e9rience&#8230;<\/p>\n","protected":false},"excerpt":{"rendered":"\u00ab\u00a0La gastronomie est l\u2019art d\u2019utiliser la nourriture pour cr\u00e9er le bonheur.\u00a0\u00bb Cette citation, inscrite sur l\u2019un des murs&hellip;\n","protected":false},"author":2,"featured_media":627298,"comment_status":"","ping_status":"","sticky":false,"template":"","format":"standard","meta":{"footnotes":""},"categories":[9635],"tags":[1111,11,1687,1704,1777,674,1011,27,775,1702,1703,12,4043,25,953],"class_list":{"0":"post-627297","1":"post","2":"type-post","3":"status-publish","4":"format-standard","5":"has-post-thumbnail","7":"category-nancy","8":"tag-actu","9":"tag-actualites","10":"tag-culture-loisirs","11":"tag-edition-nancy-et-agglomeration","12":"tag-eu","13":"tag-europe","14":"tag-fr","15":"tag-france","16":"tag-grand-est","17":"tag-nancy","18":"tag-nancy-ville-54b","19":"tag-news","20":"tag-repas-et-the-dansant","21":"tag-republique-francaise","22":"tag-soiree"},"share_on_mastodon":{"url":"https:\/\/pubeurope.com\/@fr\/115802238088034711","error":""},"_links":{"self":[{"href":"https:\/\/www.europesays.com\/fr\/wp-json\/wp\/v2\/posts\/627297","targetHints":{"allow":["GET"]}}],"collection":[{"href":"https:\/\/www.europesays.com\/fr\/wp-json\/wp\/v2\/posts"}],"about":[{"href":"https:\/\/www.europesays.com\/fr\/wp-json\/wp\/v2\/types\/post"}],"author":[{"embeddable":true,"href":"https:\/\/www.europesays.com\/fr\/wp-json\/wp\/v2\/users\/2"}],"replies":[{"embeddable":true,"href":"https:\/\/www.europesays.com\/fr\/wp-json\/wp\/v2\/comments?post=627297"}],"version-history":[{"count":0,"href":"https:\/\/www.europesays.com\/fr\/wp-json\/wp\/v2\/posts\/627297\/revisions"}],"wp:featuredmedia":[{"embeddable":true,"href":"https:\/\/www.europesays.com\/fr\/wp-json\/wp\/v2\/media\/627298"}],"wp:attachment":[{"href":"https:\/\/www.europesays.com\/fr\/wp-json\/wp\/v2\/media?parent=627297"}],"wp:term":[{"taxonomy":"category","embeddable":true,"href":"https:\/\/www.europesays.com\/fr\/wp-json\/wp\/v2\/categories?post=627297"},{"taxonomy":"post_tag","embeddable":true,"href":"https:\/\/www.europesays.com\/fr\/wp-json\/wp\/v2\/tags?post=627297"}],"curies":[{"name":"wp","href":"https:\/\/api.w.org\/{rel}","templated":true}]}}