{"id":627299,"date":"2025-12-29T09:51:12","date_gmt":"2025-12-29T09:51:12","guid":{"rendered":"https:\/\/www.europesays.com\/fr\/627299\/"},"modified":"2025-12-29T09:51:12","modified_gmt":"2025-12-29T09:51:12","slug":"quatre-sounds-systems-vont-investir-ce-fort-pour-le-reveillon-a-la-seyne","status":"publish","type":"post","link":"https:\/\/www.europesays.com\/fr\/627299\/","title":{"rendered":"quatre sounds systems vont investir ce fort pour le r\u00e9veillon \u00e0 La Seyne"},"content":{"rendered":"<p class=\"fs-5 \">L\u2019association NO\/ID, d\u00e9sormais charg\u00e9e de l\u2019animation du Fort Napol\u00e9on (nos pr\u00e9c\u00e9dentes \u00e9ditions), \u00e0 vocation de \u00ab tiers-lieu (r\u00e9) cr\u00e9atif \u00bb, annonce une sacr\u00e9e soir\u00e9e pour le passage \u00e0 la nouvelle ann\u00e9e : \u00e0 travers son collectif FOR\/NAP, ce mercredi 31\u00a0d\u00e9cembre 2025 de 21 h \u00e0 5 h, pas moins de 4 sounds systems en simultan\u00e9 vont faire vibrer les corps et trembler les salles vo\u00fbt\u00e9es du plus historique des monuments de Tamaris.<\/p>\n<p class=\"fs-5 \">Techno, House, Electro ; Hip-hop, Ragga, UK Garage, Rare Grooves ; Hardcore, Hardtechno ; et encore de la Bass Music, Drum &amp; Bass, Dubstep seront au programme. Au total, 20 Dj\u2019s locaux, avec lesquels l\u2019association festive et culturelle de l\u2019aire toulonnaise a d\u00e9j\u00e0 collabor\u00e9, vont investir les lieux.<\/p>\n<p>        <img src=\"https:\/\/www.europesays.com\/fr\/wp-content\/uploads\/2025\/12\/1767001872_886_6af7f4e_ftp-1-ep3yavzzmklr-6d64cd833c39671745574cv-01252992.jpg\"   loading=\"lazy\" decoding=\"async\" alt=\"une nuit d\u2019ambiance de feu, samedi 20 d\u00e9cembre. \" class=\"img-fluid position-absolute w-100 object-fit-cover rounded-2\" width=\"600\" height=\"400\"\/><\/p>\n<p>                                                                                Entr\u00e9e sur adh\u00e9sion au projet<\/p>\n<p class=\"fs-5 \">Attention toutefois : cette soir\u00e9e est priv\u00e9e, limit\u00e9e \u00e0 444 personnes (de plus de 21 ans). Le tarif de 20 euros comprend l\u2019entr\u00e9e \u00e0 la soir\u00e9e Inkipit, mais \u00e9galement une adh\u00e9sion annuelle au collectif FOR\/NAP et le droit de voir son nom grav\u00e9 sur le \u00ab wall of fame \u00bb \u00e0 l\u2019int\u00e9rieur du fort (renseignements et inscriptions sur <a href=\"http:\/\/www.fornap.fr\/inkipit\" target=\"_blank\" rel=\"nofollow noopener\">www.fornap.fr\/inkipit<\/a>).<\/p>\n<p class=\"fs-5 \">En d\u00e9cembre d\u00e9j\u00e0, trois week-ends durant, le projet Pop hop bazaar a donn\u00e9 le ton de la r\u00e9surrection du Fort Napol\u00e9on. Entre march\u00e9 artisanal, cr\u00e9ations artistiques et soir\u00e9es musicales : \u00ab On a enregistr\u00e9 pas loin de 2000 personnes sur les trois week-ends, dont 35 % de Seynois. Et encore, le dernier a \u00e9t\u00e9 particuli\u00e8rement pluvieux, donc on n\u2019a pas eu le monde esp\u00e9r\u00e9 \u00bb, note Matthieu Priol, pr\u00e9sident fondateur de NO\/ID.<\/p>\n<p class=\"fs-5 \">L\u00e0 encore, l\u2019acc\u00e8s se faisait contre une adh\u00e9sion, mensuelle ou \u00e0 l\u2019ann\u00e9e, \u00ab car le but est bien de cr\u00e9er l\u2019engagement autour de ce projet. Nous voulons que ce patrimoine soit utile aux Seynois et aux m\u00e9tropolitains. Et on s\u2019est aper\u00e7u que beaucoup de monde confondait le fort Napol\u00e9on avec le fort Balaguier, en bord de rade. A pr\u00e9sent, ils mettent un nom et connaissent ce lieu majestueux. Une fois \u00e0 l\u2019int\u00e9rieur, g\u00e9n\u00e9ralement, les gens sont conquis. \u00bb<\/p>\n<p>                                                                                Ouverture officielle le 21 mars<\/p>\n<p class=\"fs-5 \">Matthieu rappelle encore que l\u2019ouverture officielle est pr\u00e9vue pour l\u2019\u00e9quinoxe, le 21 mars. \u00ab Jusqu\u2019\u00e0 pr\u00e9sent, \u00e0 travers ces \u00e9v\u00e9nements, on essaie surtout d\u2019expliquer notre d\u00e9marche, et voir si les gens accrochent. \u00bb. Et \u00e7a s\u2019annonce plut\u00f4t pas mal, donc.<\/p>\n<p class=\"fs-5 \">L\u2019id\u00e9e de d\u00e9part est d\u2019en faire \u00ab en semaine, un espace de travail partag\u00e9 (ateliers, coworking, r\u00e9sidences, formations, p\u00f4le m\u00e9dia) ; et le week-end, un espace d\u2019hospitalit\u00e9 et de rencontre : spectacles, concerts, march\u00e9s, expositions, banquets\u2026 \u00bb Mais l\u2019aventure, rappelons-le, se veut \u00e9volutive et collaborative. \u00ab Le retour des premiers adh\u00e9rents est pr\u00e9cieux pour imaginer la suite. \u00bb<\/p>\n<p class=\"fs-5 \">Un crowdfunding est d\u2019ailleurs toujours en cours (sur <a href=\"http:\/\/www.fornapoleon.com\" target=\"_blank\" rel=\"nofollow noopener\">www.fornapoleon.com<\/a>). Plus de 5000 euros ont ainsi d\u00e9j\u00e0 \u00e9t\u00e9 lev\u00e9s.<\/p>\n","protected":false},"excerpt":{"rendered":"L\u2019association NO\/ID, d\u00e9sormais charg\u00e9e de l\u2019animation du Fort Napol\u00e9on (nos pr\u00e9c\u00e9dentes \u00e9ditions), \u00e0 vocation de \u00ab tiers-lieu (r\u00e9)&hellip;\n","protected":false},"author":2,"featured_media":627300,"comment_status":"","ping_status":"","sticky":false,"template":"","format":"standard","meta":{"footnotes":""},"categories":[9619],"tags":[1111,11,1777,674,1011,27,12,882,25,2310],"class_list":{"0":"post-627299","1":"post","2":"type-post","3":"status-publish","4":"format-standard","5":"has-post-thumbnail","7":"category-toulon","8":"tag-actu","9":"tag-actualites","10":"tag-eu","11":"tag-europe","12":"tag-fr","13":"tag-france","14":"tag-news","15":"tag-provence-alpes-cote-dazur","16":"tag-republique-francaise","17":"tag-toulon"},"share_on_mastodon":{"url":"https:\/\/pubeurope.com\/@fr\/115802242027925246","error":""},"_links":{"self":[{"href":"https:\/\/www.europesays.com\/fr\/wp-json\/wp\/v2\/posts\/627299","targetHints":{"allow":["GET"]}}],"collection":[{"href":"https:\/\/www.europesays.com\/fr\/wp-json\/wp\/v2\/posts"}],"about":[{"href":"https:\/\/www.europesays.com\/fr\/wp-json\/wp\/v2\/types\/post"}],"author":[{"embeddable":true,"href":"https:\/\/www.europesays.com\/fr\/wp-json\/wp\/v2\/users\/2"}],"replies":[{"embeddable":true,"href":"https:\/\/www.europesays.com\/fr\/wp-json\/wp\/v2\/comments?post=627299"}],"version-history":[{"count":0,"href":"https:\/\/www.europesays.com\/fr\/wp-json\/wp\/v2\/posts\/627299\/revisions"}],"wp:featuredmedia":[{"embeddable":true,"href":"https:\/\/www.europesays.com\/fr\/wp-json\/wp\/v2\/media\/627300"}],"wp:attachment":[{"href":"https:\/\/www.europesays.com\/fr\/wp-json\/wp\/v2\/media?parent=627299"}],"wp:term":[{"taxonomy":"category","embeddable":true,"href":"https:\/\/www.europesays.com\/fr\/wp-json\/wp\/v2\/categories?post=627299"},{"taxonomy":"post_tag","embeddable":true,"href":"https:\/\/www.europesays.com\/fr\/wp-json\/wp\/v2\/tags?post=627299"}],"curies":[{"name":"wp","href":"https:\/\/api.w.org\/{rel}","templated":true}]}}