{"id":627301,"date":"2025-12-29T09:52:11","date_gmt":"2025-12-29T09:52:11","guid":{"rendered":"https:\/\/www.europesays.com\/fr\/627301\/"},"modified":"2025-12-29T09:52:11","modified_gmt":"2025-12-29T09:52:11","slug":"la-rochelle-toulon-decouvrez-les-arbitres-de-la-rencontre","status":"publish","type":"post","link":"https:\/\/www.europesays.com\/fr\/627301\/","title":{"rendered":"La Rochelle \u2013 Toulon : D\u00e9couvrez les arbitres de la rencontre !"},"content":{"rendered":"<p>Ce dimanche soir, le Rugby Club Toulonnais se d\u00e9placera au Stade Marcel Deflandre de La Rochelle pour affronter le Stade Rochelais dans le cadre de la 14\u00e8me journ\u00e9e de Top 14, le premier match de la phase retour.<\/p>\n<p>Ce lundi, la F\u00e9d\u00e9ration Fran\u00e7aise de Rugby a d\u00e9voil\u00e9 la liste des arbitres qui dirigeront cette rencontre.<\/p>\n<p>Ainsi, c\u2019est Monsieur Ludovic Cayre (Nouvelle-Aquitaine) qui sera au sifflet.<\/p>\n<p>Il sera assist\u00e9 par Monsieur Benoit Albert Bonnafous (Occitanie) et par Monsieur Thomas Charabas (Nouvelle-Aquitaine).<\/p>\n<p>Enfin, l\u2019arbitre vid\u00e9o sera Monsieur Eric Gauzins (Ile de France).<\/p>\n<p><strong>Le match sera diffus\u00e9 en direct sur Canal + \u00e0 21h05 ce dimanche.<\/strong><\/p>\n","protected":false},"excerpt":{"rendered":"Ce dimanche soir, le Rugby Club Toulonnais se d\u00e9placera au Stade Marcel Deflandre de La Rochelle pour affronter&hellip;\n","protected":false},"author":2,"featured_media":627302,"comment_status":"","ping_status":"","sticky":false,"template":"","format":"standard","meta":{"footnotes":""},"categories":[9619],"tags":[1111,11,1777,674,1011,27,12,882,25,2310],"class_list":{"0":"post-627301","1":"post","2":"type-post","3":"status-publish","4":"format-standard","5":"has-post-thumbnail","7":"category-toulon","8":"tag-actu","9":"tag-actualites","10":"tag-eu","11":"tag-europe","12":"tag-fr","13":"tag-france","14":"tag-news","15":"tag-provence-alpes-cote-dazur","16":"tag-republique-francaise","17":"tag-toulon"},"share_on_mastodon":{"url":"https:\/\/pubeurope.com\/@fr\/115802245910423047","error":""},"_links":{"self":[{"href":"https:\/\/www.europesays.com\/fr\/wp-json\/wp\/v2\/posts\/627301","targetHints":{"allow":["GET"]}}],"collection":[{"href":"https:\/\/www.europesays.com\/fr\/wp-json\/wp\/v2\/posts"}],"about":[{"href":"https:\/\/www.europesays.com\/fr\/wp-json\/wp\/v2\/types\/post"}],"author":[{"embeddable":true,"href":"https:\/\/www.europesays.com\/fr\/wp-json\/wp\/v2\/users\/2"}],"replies":[{"embeddable":true,"href":"https:\/\/www.europesays.com\/fr\/wp-json\/wp\/v2\/comments?post=627301"}],"version-history":[{"count":0,"href":"https:\/\/www.europesays.com\/fr\/wp-json\/wp\/v2\/posts\/627301\/revisions"}],"wp:featuredmedia":[{"embeddable":true,"href":"https:\/\/www.europesays.com\/fr\/wp-json\/wp\/v2\/media\/627302"}],"wp:attachment":[{"href":"https:\/\/www.europesays.com\/fr\/wp-json\/wp\/v2\/media?parent=627301"}],"wp:term":[{"taxonomy":"category","embeddable":true,"href":"https:\/\/www.europesays.com\/fr\/wp-json\/wp\/v2\/categories?post=627301"},{"taxonomy":"post_tag","embeddable":true,"href":"https:\/\/www.europesays.com\/fr\/wp-json\/wp\/v2\/tags?post=627301"}],"curies":[{"name":"wp","href":"https:\/\/api.w.org\/{rel}","templated":true}]}}