{"id":627303,"date":"2025-12-29T09:53:11","date_gmt":"2025-12-29T09:53:11","guid":{"rendered":"https:\/\/www.europesays.com\/fr\/627303\/"},"modified":"2025-12-29T09:53:11","modified_gmt":"2025-12-29T09:53:11","slug":"cyril-meunier-maire-de-lattes-on-entre-dans-une-periode-compliquee-ce-nest-pas-le-moment-de-quitter-le-navire","status":"publish","type":"post","link":"https:\/\/www.europesays.com\/fr\/627303\/","title":{"rendered":"Cyril Meunier, maire de Lattes : \u00ab\u00a0On entre dans une p\u00e9riode compliqu\u00e9e, ce n\u2019est pas le moment de quitter le navire\u00a0\u00bb"},"content":{"rendered":"<p>Continuer sereinement, pr\u00e9parer la commune \u00e0 l\u2019avenir et adapter les services aux enjeux de demain : crise \u00e9conomique, conflits, pouvoir d\u2019achat.\u00a0J\u2019ai un projet clair sur Lattes, que je d\u00e9roule depuis 25 ans et qui continuera si les Lattois me font confiance.\u00a0Il faut cr\u00e9er de l\u2019emploi, r\u00e9soudre le logement pour toutes les g\u00e9n\u00e9rations et pr\u00e9server le pouvoir d\u2019achat, qui est le sujet num\u00e9ro un. [\u2026]\u00a0La noblesse du r\u00f4le de maire, c\u2019est d\u2019anticiper \u00e0 15 ou 20 ans : cyberattaques, conflits, crises. Ce ne sont pas des fusils dans les rues, mais ce sont des conflits quand m\u00eame. Je veux consacrer le prochain mandat \u00e0 pr\u00e9parer la commune \u00e0 ces situations difficiles.\u00a0<\/p>\n","protected":false},"excerpt":{"rendered":"Continuer sereinement, pr\u00e9parer la commune \u00e0 l\u2019avenir et adapter les services aux enjeux de demain : crise \u00e9conomique,&hellip;\n","protected":false},"author":2,"featured_media":627304,"comment_status":"","ping_status":"","sticky":false,"template":"","format":"standard","meta":{"footnotes":""},"categories":[9599],"tags":[1111,11,1777,674,1011,27,2208,12,2680,25],"class_list":{"0":"post-627303","1":"post","2":"type-post","3":"status-publish","4":"format-standard","5":"has-post-thumbnail","7":"category-montpellier","8":"tag-actu","9":"tag-actualites","10":"tag-eu","11":"tag-europe","12":"tag-fr","13":"tag-france","14":"tag-montpellier","15":"tag-news","16":"tag-occitanie","17":"tag-republique-francaise"},"share_on_mastodon":{"url":"https:\/\/pubeurope.com\/@fr\/115802249907260573","error":""},"_links":{"self":[{"href":"https:\/\/www.europesays.com\/fr\/wp-json\/wp\/v2\/posts\/627303","targetHints":{"allow":["GET"]}}],"collection":[{"href":"https:\/\/www.europesays.com\/fr\/wp-json\/wp\/v2\/posts"}],"about":[{"href":"https:\/\/www.europesays.com\/fr\/wp-json\/wp\/v2\/types\/post"}],"author":[{"embeddable":true,"href":"https:\/\/www.europesays.com\/fr\/wp-json\/wp\/v2\/users\/2"}],"replies":[{"embeddable":true,"href":"https:\/\/www.europesays.com\/fr\/wp-json\/wp\/v2\/comments?post=627303"}],"version-history":[{"count":0,"href":"https:\/\/www.europesays.com\/fr\/wp-json\/wp\/v2\/posts\/627303\/revisions"}],"wp:featuredmedia":[{"embeddable":true,"href":"https:\/\/www.europesays.com\/fr\/wp-json\/wp\/v2\/media\/627304"}],"wp:attachment":[{"href":"https:\/\/www.europesays.com\/fr\/wp-json\/wp\/v2\/media?parent=627303"}],"wp:term":[{"taxonomy":"category","embeddable":true,"href":"https:\/\/www.europesays.com\/fr\/wp-json\/wp\/v2\/categories?post=627303"},{"taxonomy":"post_tag","embeddable":true,"href":"https:\/\/www.europesays.com\/fr\/wp-json\/wp\/v2\/tags?post=627303"}],"curies":[{"name":"wp","href":"https:\/\/api.w.org\/{rel}","templated":true}]}}