{"id":627307,"date":"2025-12-29T09:55:10","date_gmt":"2025-12-29T09:55:10","guid":{"rendered":"https:\/\/www.europesays.com\/fr\/627307\/"},"modified":"2025-12-29T09:55:10","modified_gmt":"2025-12-29T09:55:10","slug":"qui-est-mohand-la-voix-iconique-de-beur-fm-a-rouen-depuis-25-ans","status":"publish","type":"post","link":"https:\/\/www.europesays.com\/fr\/627307\/","title":{"rendered":"qui est Mohand, la voix iconique de Beur FM \u00e0 Rouen depuis 25 ans\u00a0?"},"content":{"rendered":"<p>                    Par<br \/>\n        <strong><br \/>\n            <a href=\"https:\/\/actu.fr\/auteur\/eaube\" title=\"Consulter tous les articles de Elo\u00efse Aub\u00e9\" target=\"_blank\" rel=\"noopener\">Elo\u00efse Aub\u00e9<\/a><br \/>\n                    <\/strong><\/p>\n<p>        Publi\u00e9 le<\/p>\n<p>            28 d\u00e9c. 2025 \u00e0 17h36        <\/p>\n<p>Sur l\u2019antenne de Beur FM, sa voix accompagne des milliers d\u2019auditeurs chaque jour. \u00c0 <a href=\"https:\/\/actu.fr\/normandie\/rouen_76540\" target=\"_blank\" rel=\"noopener\">Rouen<\/a>, difficile d\u2019\u00e9voquer la radio ou les quartiers populaires sans citer <strong>Mohand Marouf<\/strong>. Depuis plus de 25\u00a0ans, le Quevillais incarne la diversit\u00e9, l\u2019engagement et l\u2019esprit des radios libres. Portrait d\u2019un passionn\u00e9 qui n\u2019a jamais cess\u00e9 de donner la parole \u00e0 ceux qu\u2019on entend trop peu.<\/p>\n<p>Des d\u00e9buts dans la radio libre<\/p>\n<p class=\" wall-content\">Arriv\u00e9 d\u2019Alg\u00e9rie en 1977, Mohand Marouf d\u00e9couvre la France \u00e0 Amiens avant de rejoindre Rouen en 1982 pour suivre ses \u00e9tudes. Depuis, il n\u2019a plus quitt\u00e9 la ville.<\/p>\n<blockquote class=\"ac-article-quote wall-content\">\n<p>Je suis tr\u00e8s attach\u00e9 \u00e0 Rouen, je suis tr\u00e8s attach\u00e9 \u00e0 ses quartiers populaires et aux gens . J\u2019aime profond\u00e9ment cette diversit\u00e9 qui fait notre richesse \u00bb, explique-t-il avec sa voix chaude et reconnaissable.<\/p>\n<p>    <strong>Mohan Marouf<\/strong>\n            <\/p><\/blockquote>\n<p class=\" wall-content\">Son aventure radiophonique d\u00e9bute en 1983 au sein de Radio Figue \u00e0 Rouen, future Beur FM. \u00ab\u2009C\u2019\u00e9tait la radio, la voix de l\u2019immigration. On faisait tout nous-m\u00eames\u2009: l\u2019antenne, la technique, les programmes pluriculturels\u2026 C\u2019\u00e9tait l\u2019\u00e9poque de l\u2019essor des radios libres. On \u00e9tait heureux, on faisait de la radio entre amis, avec une vraie mission sociale.\u2009\u00bb<\/p>\n<p class=\" wall-content\">En 1997, la station bascule vers Beur FM, et l\u2019ann\u00e9e suivante, Mohand rencontre Nacer Kettane, un des membres fondateur du m\u00e9dia. \u00ab\u2009L\u2019entretien a dur\u00e9 vingt minutes. \u00c0 la fin, il m\u2019a dit\u2009: Je te veux dans l\u2019\u00e9quipe. <strong>L\u2019aventure commen\u00e7ait vraiment.<\/strong>\u2009\u00bb Il n\u2019oublie pas Idir Talbi, figure de Radio Figue, \u00ab\u2009qui avait pr\u00e9par\u00e9 toute la transition vers Beurfm avec un travail incroyable\u2009\u00bb.<\/p>\n<p>Directeur r\u00e9gional et figure locale<\/p>\n<p class=\" wall-content\">Au d\u00e9but des ann\u00e9es 2000, le CSA (devenu <a href=\"https:\/\/actu.fr\/societe\/l-arcom-met-en-garde-cnews-ce-que-reproche-le-gendarme-de-l-audiovisuel-a-l-heure-des-pros-2_63532927.html\" target=\"_blank\" rel=\"noopener\">Arcom<\/a>) r\u00e9organise les radios par th\u00e9matique. Mohand devient <strong>directeur r\u00e9gional de Beur FM Rouen<\/strong>, un poste qu\u2019il occupe toujours. \u00ab\u2009Le changement, c\u2019\u00e9tait le passage \u00e0 un programme 24h\/24. J\u2019ai tiss\u00e9 un lien particulier avec les auditeurs, les commer\u00e7ants, les associations, les \u00e9lus politiques, Je suis devenu une personnalit\u00e9 publique.\u2009\u00bb<\/p>\n<p class=\" wall-content\">Aujourd\u2019hui, il est seul \u00e0 g\u00e9rer l\u2019antenne de Beur FM Rouen\u2009: comptabilit\u00e9, r\u00e9alisation, animation, relation avec les institutions\u2026<\/p>\n<p>Votre r\u00e9gion, votre actu !<\/p>\n<p>Recevez chaque jour les infos qui comptent pour vous.<\/p>\n<p>\t<a href=\"https:\/\/actu.fr\/newsletter\" class=\"ac-btn ac-btn--corner ac-btn--medium ac-btn--blue800\" target=\"_blank\" rel=\"noopener\">S&rsquo;incrire<\/a><\/p>\n<blockquote class=\"ac-article-quote wall-content\">\n<p>Je fais tout. Mais \u00e7a me va. Pourquoi prendre quelqu\u2019un d\u2019autre juste pour parler ? Moi, je fais tout tout seul. Quand on entre \u00e0 Beur FM, on apprend vraiment tous les m\u00e9tiers de la radio : on peut tout g\u00e9rer. <\/p>\n<p>    <strong>Mohan Marouf <\/strong>\n            <\/p><\/blockquote>\n<p class=\" wall-content\">Il entretient aussi une relation de confiance rare avec Djima Kettane, PDG de Beur FM. \u00ab\u2009On a mis en place un vrai plan d\u2019organisation administratif et financier pour stabiliser l\u2019antenne. Elle m\u2019a soutenu dans les moments difficiles. Si la radio se porte bien aujourd\u2019hui, c\u2019est aussi gr\u00e2ce \u00e0 elle. On a une relation hi\u00e9rarchique, mais aussi une relation humaine.\u2009\u00bb<\/p>\n<p>Une radio, mais surtout une mission<\/p>\n<p class=\" wall-content\">Mohand refuse l\u2019\u00e9tiquette de \u00ab\u2009radio communautaire\u2009\u00bb. Pour lui, Beur FM est avant tout <strong>un espace o\u00f9 chacun peut s\u2019exprimer<\/strong>, la radio est n\u00e9e dans les ann\u00e9es 80-90 dans le contexte des radios associatives issues de l\u2019immigration maghr\u00e9bine. Beaucoup de m\u00e9dias l\u2019ont alors catalogu\u00e9e comme une radio destin\u00e9e exclusivement aux Fran\u00e7ais issus de cette immigration, d\u2019o\u00f9 l\u2019\u00e9tiquette \u00ab\u2009communautaire\u2009\u00bb.<\/p>\n<p class=\" wall-content\">\u00ab\u2009Je suis l\u2019un des pionniers en France, et <strong>le premier en Normandie<\/strong>, \u00e0 avoir lanc\u00e9 des \u00e9missions sur les <strong>talents des cit\u00e9s, les femmes des cit\u00e9s, les r\u00e9ussites de la diversit\u00e9, les QPV (quartier prioritaire de la ville)<\/strong>. Donner la parole \u00e0 ceux qu\u2019on ne voit pas ailleurs, c\u2019est le r\u00f4le du m\u00e9dia.\u2009\u00bb<\/p>\n<p class=\" wall-content\">Il assume \u00e9galement une mission sociale. \u00ab\u2009Beaucoup de gens ne savent pas vers qui se tourner. \u00c0 la radio, j\u2019\u00e9coute, je conseille, j\u2019oriente. Je combats les clich\u00e9s et je leur ouvre le micro\u2009: dans nos quartiers, il y a des gens qui travaillent, qui r\u00e9ussissent, qui s\u2019engagent. On ne peut pas r\u00e9sumer toute une population \u00e0 des pr\u00e9jug\u00e9s.\u2009\u00bb<\/p>\n<p>Un marathonien de l\u2019antenne<\/p>\n<p class=\" wall-content\">\u00c0 63\u00a0ans, Mohand n\u2019envisage pas la retraite. \u00ab\u2009Je ne suis pas pr\u00eat d\u2019arr\u00eater. J\u2019ai la chance d\u2019avoir des auditeurs fid\u00e8les et une direction qui me soutient.\u2009\u00bb<\/p>\n<p class=\" wall-content\">Du lundi au vendredi, il est en direct sur Beur FM Rouen. Le dimanche, il rejoint Beurfm Paris pour pr\u00e9senter <strong>une \u00e9mission culturelle kabyle et un programme sportif<\/strong>. \u00ab\u2009En r\u00e9alit\u00e9, je travaille tous les jours. Je suis un mordu de radio. C\u2019est ma vie.\u2009\u00bb<\/p>\n<p class=\" wall-content\">Chaque ann\u00e9e, il fait aussi son programme sp\u00e9cial Ramadan, un moment devenu rituel pour les auditeurs. \u00ab\u2009En fevrier prochain, ce sera mon 28e Ramadan \u00e0 l\u2019antenne. Je propose un programme sp\u00e9cial avec des \u00e9missions th\u00e9matiques autour de la cuisine et du partage. Je m\u2019int\u00e9resse \u00e0 ce que vivent les gens pendant ce mois sacr\u00e9. Beaucoup de familles rompent leur je\u00fbne en \u00e9coutant Beur FM. C\u2019est une responsabilit\u00e9 et un honneur. C\u2019est un moment \u00e9mouvant et gratifiant, interg\u00e9n\u00e9rationnel.\u2009\u00bb<\/p>\n<p>La radio chevill\u00e9e au corps<\/p>\n<p class=\" wall-content\">Fier de son parcours, de son r\u00f4le et de son ancrage local, Mohand Marouf reste avant tout un passionn\u00e9, un travailleur infatigable et une voix unique dans le paysage normand et fran\u00e7ais. Une voix qui porte, rassure, rassemble et refl\u00e8te depuis plus 25\u00a0ans la diversit\u00e9 de la France et de toute une r\u00e9gion.<\/p>\n<p>Yanis HAMADACHESuivez l\u2019actualit\u00e9 de Rouen sur notre <a href=\"https:\/\/www.whatsapp.com\/channel\/0029VaKfnf99hXF2ddApFB1D\" target=\"_blank\" rel=\"noopener\">cha\u00eene WhatsApp<\/a> et sur notre <a href=\"https:\/\/www.tiktok.com\/@76actu.fr?lang=fr\" target=\"_blank\" rel=\"noopener\">compte TikTok<\/a><\/p>\n<p class=\" wall-content\">Personnalisez votre actualit\u00e9 en ajoutant vos villes et m\u00e9dias en favori avec <a href=\"https:\/\/moncompte.actu.fr\" title=\"D\u00e9couvez Mon Actu\" rel=\"nofollow noopener\" data-trk=\"{&quot;cta&quot;:{&quot;action&quot;:&quot;https:\\\/\\\/moncompte.actu.fr&quot;,&quot;category&quot;:&quot;mon compte&quot;,&quot;from&quot;:&quot;article footer&quot;,&quot;name&quot;:&quot;Mon actu&quot;,&quot;type&quot;:&quot;cta&quot;}}\" target=\"_blank\">Mon Actu<\/a>.<\/p>\n<p>                    <script async src=\"\/\/www.tiktok.com\/embed.js\"><\/script><\/p>\n","protected":false},"excerpt":{"rendered":"Par Elo\u00efse Aub\u00e9 Publi\u00e9 le 28 d\u00e9c. 2025 \u00e0 17h36 Sur l\u2019antenne de Beur FM, sa voix accompagne&hellip;\n","protected":false},"author":2,"featured_media":627308,"comment_status":"","ping_status":"","sticky":false,"template":"","format":"standard","meta":{"footnotes":""},"categories":[9587],"tags":[1111,11,1777,674,1011,27,12,5161,9026,1825,25,9590,104],"class_list":{"0":"post-627307","1":"post","2":"type-post","3":"status-publish","4":"format-standard","5":"has-post-thumbnail","7":"category-rouen","8":"tag-actu","9":"tag-actualites","10":"tag-eu","11":"tag-europe","12":"tag-fr","13":"tag-france","14":"tag-news","15":"tag-normandie","16":"tag-portrait","17":"tag-radio","18":"tag-republique-francaise","19":"tag-rouen","20":"tag-societe"},"share_on_mastodon":{"url":"https:\/\/pubeurope.com\/@fr\/115802257727243778","error":""},"_links":{"self":[{"href":"https:\/\/www.europesays.com\/fr\/wp-json\/wp\/v2\/posts\/627307","targetHints":{"allow":["GET"]}}],"collection":[{"href":"https:\/\/www.europesays.com\/fr\/wp-json\/wp\/v2\/posts"}],"about":[{"href":"https:\/\/www.europesays.com\/fr\/wp-json\/wp\/v2\/types\/post"}],"author":[{"embeddable":true,"href":"https:\/\/www.europesays.com\/fr\/wp-json\/wp\/v2\/users\/2"}],"replies":[{"embeddable":true,"href":"https:\/\/www.europesays.com\/fr\/wp-json\/wp\/v2\/comments?post=627307"}],"version-history":[{"count":0,"href":"https:\/\/www.europesays.com\/fr\/wp-json\/wp\/v2\/posts\/627307\/revisions"}],"wp:featuredmedia":[{"embeddable":true,"href":"https:\/\/www.europesays.com\/fr\/wp-json\/wp\/v2\/media\/627308"}],"wp:attachment":[{"href":"https:\/\/www.europesays.com\/fr\/wp-json\/wp\/v2\/media?parent=627307"}],"wp:term":[{"taxonomy":"category","embeddable":true,"href":"https:\/\/www.europesays.com\/fr\/wp-json\/wp\/v2\/categories?post=627307"},{"taxonomy":"post_tag","embeddable":true,"href":"https:\/\/www.europesays.com\/fr\/wp-json\/wp\/v2\/tags?post=627307"}],"curies":[{"name":"wp","href":"https:\/\/api.w.org\/{rel}","templated":true}]}}