{"id":627309,"date":"2025-12-29T09:56:28","date_gmt":"2025-12-29T09:56:28","guid":{"rendered":"https:\/\/www.europesays.com\/fr\/627309\/"},"modified":"2025-12-29T09:56:28","modified_gmt":"2025-12-29T09:56:28","slug":"rugby-rouen-na-pas-dit-son-dernier-mot","status":"publish","type":"post","link":"https:\/\/www.europesays.com\/fr\/627309\/","title":{"rendered":"Rugby : Rouen n&rsquo;a pas dit son dernier mot"},"content":{"rendered":"<p>Si le Rouen Normandie Rugby a r\u00e9alis\u00e9 une premi\u00e8re moiti\u00e9 de saison tr\u00e8s d\u00e9cevante, les Lions ne sont pas pour autant condamn\u00e9s \u00e0 jouer le maintien en Nationale : la phase finale n&rsquo;est pas hors d&rsquo;atteinte&#8230;<\/p>\n<p>Le Rouen Normandie Rugby, demi-finaliste du pr\u00e9c\u00e9dent exercice de National, avait construit un projet de remont\u00e9e en Pro D2 sur 2 ans. L&rsquo;affaire est mal engag\u00e9e puisque les Lions ont pass\u00e9 le cap de la mi-saison \u00e0 la <strong>9e place<\/strong>, avec davantage de d\u00e9faites au compteur (7) que de victoires (6). On est clairement loin du niveau attendu.<\/p>\n<p>Ce<strong> <\/strong>bilan n\u00e9gatif place le club du pr\u00e9sident Philippe Marty dans une\u00a0situation critique mais pas d\u00e9sesp\u00e9r\u00e9e, dans le sens o\u00f9 tout espoir de participation aux play-offs n&rsquo;est pas envol\u00e9. Les partenaires du capitaine et talonneur Mathieu Bonnot ont une marge de s\u00e9curit\u00e9 relativement confortable\u00a0par rapport au barragiste Marcq-en-Baroeul (\u00e0 13 points derri\u00e8re) et peuvent encore<strong> regarder vers le haut<\/strong>.<\/p>\n<p>Car l&rsquo;\u00e9cart qui\u00a0s\u00e9pare les Normands du Top 6 qualificatif est un foss\u00e9, pas un gouffre : 10 points de retard sur le 6e, Chamb\u00e9ry, \u00e7a peut se rattraper. Cela repr\u00e9sente\u00a0deux victoires bonifi\u00e9es alors pourquoi pas ? Il y a moyen d&rsquo;aller arracher un <strong>billet pour la phase finale<\/strong>, \u00e0 condition d&rsquo;enclencher d\u00e8s la reprise une dynamique de r\u00e9sultats.<\/p>\n<p><img decoding=\"async\" alt=\"rnr_-_marcq_4.jpg\" src=\"https:\/\/www.europesays.com\/fr\/wp-content\/uploads\/2025\/12\/rnr_-_marcq_4.jpg\"\/><\/p>\n<p class=\"rtecenter\">Maxime Javaux, le demi d&rsquo;ouverture et buteur des Lions<\/p>\n<p>Les Lions ont tra\u00een\u00e9 comme un boulet leur d\u00e9faite surprise inaugurale : un faux pas \u00e0 la maison dans le match d&rsquo;ouverture contre Suresnes (13-17) qui a mis \u00e0 mal leur confiance. Ils ont touch\u00e9 le fond le 31 octobre avec une d\u00e9convenue \u00e0 Diochon face \u00e0 la lanterne rouge Bourgoin, sans m\u00eame le bonus d\u00e9fensif. Mais apr\u00e8s ce z\u00e9ro point\u00e9, Rouen a manifest\u00e9 du mieux. A force de miser\u00a0sur les jeunes issus du\u00a0<strong>centre de formation<\/strong>, au nombre de 5\u00a0\u00e0 7\u00a0titulaires dans le XV de d\u00e9part, peut-\u00eatre bien que le\u00a0tandem de coaches Romain Sola\/Yannick Nyanga va voir son groupe d\u00e9coller&#8230;<\/p>\n<p>Afin de basculer dans la premi\u00e8re moiti\u00e9 de tableau, il faudra\u00a0dominer Bourg-en-Bresse au stade Diochon le 9 janvier avant de confirmer 8 jours plus tard sur la pelouse de l&rsquo;avant-dernier Marcq-en-Baroeul. Pour pr\u00e9parer au mieux le choc \u00e0 domicile du 23 janvier contre le dauphin Narbonne (vainqueur 30-16 \u00e0 l&rsquo;aller). Si play-offs il doit y avoir pour le RNR, ils passeront par un succ\u00e8s aux d\u00e9pens d&rsquo;un adversaire du calibre des Audois.\u00a0<\/p>\n<p>Les Lions sont sur une pente ascendante, avec 13 points engrang\u00e9s lors des 4 derni\u00e8res rencontres. Ils restent sur deux victoires \u00e9triqu\u00e9es \u00e0 l&rsquo;ext\u00e9rieur, chez la lanterne rouge Tarbes puis \u00e0 Suresnes. Ils auront l&rsquo;avantage de\u00a0recevoir \u00e0 7 reprises lors des\u00a0 12 derni\u00e8res journ\u00e9es.<\/p>\n<p>Cr\u00e9dit photo :\u00a0\u00a9 Andr\u00e9 Roques\/normandie-photo.com<\/p>\n","protected":false},"excerpt":{"rendered":"Si le Rouen Normandie Rugby a r\u00e9alis\u00e9 une premi\u00e8re moiti\u00e9 de saison tr\u00e8s d\u00e9cevante, les Lions ne sont&hellip;\n","protected":false},"author":2,"featured_media":627310,"comment_status":"","ping_status":"","sticky":false,"template":"","format":"standard","meta":{"footnotes":""},"categories":[9587],"tags":[1111,11,1777,674,1011,27,12,5161,25,9590],"class_list":{"0":"post-627309","1":"post","2":"type-post","3":"status-publish","4":"format-standard","5":"has-post-thumbnail","7":"category-rouen","8":"tag-actu","9":"tag-actualites","10":"tag-eu","11":"tag-europe","12":"tag-fr","13":"tag-france","14":"tag-news","15":"tag-normandie","16":"tag-republique-francaise","17":"tag-rouen"},"share_on_mastodon":{"url":"https:\/\/pubeurope.com\/@fr\/115802261675252251","error":""},"_links":{"self":[{"href":"https:\/\/www.europesays.com\/fr\/wp-json\/wp\/v2\/posts\/627309","targetHints":{"allow":["GET"]}}],"collection":[{"href":"https:\/\/www.europesays.com\/fr\/wp-json\/wp\/v2\/posts"}],"about":[{"href":"https:\/\/www.europesays.com\/fr\/wp-json\/wp\/v2\/types\/post"}],"author":[{"embeddable":true,"href":"https:\/\/www.europesays.com\/fr\/wp-json\/wp\/v2\/users\/2"}],"replies":[{"embeddable":true,"href":"https:\/\/www.europesays.com\/fr\/wp-json\/wp\/v2\/comments?post=627309"}],"version-history":[{"count":0,"href":"https:\/\/www.europesays.com\/fr\/wp-json\/wp\/v2\/posts\/627309\/revisions"}],"wp:featuredmedia":[{"embeddable":true,"href":"https:\/\/www.europesays.com\/fr\/wp-json\/wp\/v2\/media\/627310"}],"wp:attachment":[{"href":"https:\/\/www.europesays.com\/fr\/wp-json\/wp\/v2\/media?parent=627309"}],"wp:term":[{"taxonomy":"category","embeddable":true,"href":"https:\/\/www.europesays.com\/fr\/wp-json\/wp\/v2\/categories?post=627309"},{"taxonomy":"post_tag","embeddable":true,"href":"https:\/\/www.europesays.com\/fr\/wp-json\/wp\/v2\/tags?post=627309"}],"curies":[{"name":"wp","href":"https:\/\/api.w.org\/{rel}","templated":true}]}}