{"id":627315,"date":"2025-12-29T10:02:14","date_gmt":"2025-12-29T10:02:14","guid":{"rendered":"https:\/\/www.europesays.com\/fr\/627315\/"},"modified":"2025-12-29T10:02:14","modified_gmt":"2025-12-29T10:02:14","slug":"la-guerche-de-bretagne-24-logements-bois-pour-les-jeunes-actifs","status":"publish","type":"post","link":"https:\/\/www.europesays.com\/fr\/627315\/","title":{"rendered":"La Guerche-de-Bretagne : 24 logements bois pour les jeunes actifs"},"content":{"rendered":"<p style=\"text-align: justify;\" data-start=\"42\" data-end=\"762\">\u00c0 La Guerche-de-Bretagne, Espacil et le Groupe Legendre ont pos\u00e9 le dernier module bois de la future r\u00e9sidence La Robeli\u00e8re, un programme de 24 logements destin\u00e9s aux jeunes actifs de moins de 30 ans. Repr\u00e9sentant un investissement de 3,08 millions d\u2019euros, l\u2019op\u00e9ration vise \u00e0 r\u00e9pondre aux fortes tensions sur le logement dans les bassins d\u2019emploi locaux, o\u00f9 l\u2019absence d\u2019offres adapt\u00e9es freine parfois le recrutement. Pr\u00e9vue pour une livraison en juin 2026, la r\u00e9sidence illustre, selon les porteurs du projet, \u00ab une r\u00e9ponse concr\u00e8te aux besoins des territoires \u00bb.\u00a0<\/p>\n<p data-start=\"42\" data-end=\"762\"><img fetchpriority=\"high\" decoding=\"async\" class=\"alignnone size-medium wp-image-109218\" src=\"data:image\/svg+xml,%3Csvg%20xmlns=\" http:=\"\" alt=\"\" width=\"600\" height=\"435\" data-wp-pid=\"109218\" data-lazy- data-lazy- data-lazy-src=\"https:\/\/www.europesays.com\/fr\/wp-content\/uploads\/2025\/12\/1-11-600x435.jpg\"\/><\/p>\n<p style=\"text-align: justify;\" data-start=\"764\" data-end=\"1425\">D\u00e9velopp\u00e9e dans le cadre de l\u2019article 109 de la loi ELAN, la r\u00e9sidence propose des T1 bis con\u00e7us comme un cha\u00eenon manquant entre logement \u00e9tudiant et logement social classique. Implant\u00e9e sur un foncier appartenant \u00e0 Espacil, elle s\u2019int\u00e8gre dans un projet global de valorisation du quartier de La Robeli\u00e8re. Certifi\u00e9e NF Habitat HQE\u2122, elle s\u2019inscrit dans la strat\u00e9gie de d\u00e9carbonation d\u2019Action Logement. \u00ab Ce programme marque un saut qualitatif important, avec un niveau de performance RE2028 et des choix techniques renfor\u00e7ant \u00e0 la fois la qualit\u00e9 d\u2019usage et la fiabilit\u00e9 constructive \u00bb, indique Pour Andr\u00e9-Yves Lambert, directeur g\u00e9n\u00e9ral adjoint d\u2019Espacil.<\/p>\n<p style=\"text-align: justify;\" data-start=\"1427\" data-end=\"2136\" data-is-last-node=\"\" data-is-only-node=\"\">Sur le plan architectural, le b\u00e2timent en R+2, con\u00e7u par l\u2019agence TETRARC, repose sur une construction modulaire bois 3D enti\u00e8rement pr\u00e9fabriqu\u00e9e hors site, puis assembl\u00e9e sur place. Ce proc\u00e9d\u00e9 permet de r\u00e9duire les d\u00e9lais de chantier, les nuisances et l\u2019empreinte carbone, tout en garantissant confort thermique et acoustique. Loggias en bois, ventilation naturelle, espaces paysagers et \u00e9quipements favorisant les mobilit\u00e9s douces compl\u00e8tent l\u2019ensemble. \u00ab\u00a0La Robeli\u00e8re n\u2019est pas seulement un ensemble de logements, mais une d\u00e9monstration de ce que des m\u00e9thodes constructives innovantes peuvent apporter concr\u00e8tement aux besoins du territoire \u00bb, confie Vincent Legendre, pr\u00e9sident du Groupe Legendre,.<\/p>\n","protected":false},"excerpt":{"rendered":"\u00c0 La Guerche-de-Bretagne, Espacil et le Groupe Legendre ont pos\u00e9 le dernier module bois de la future r\u00e9sidence&hellip;\n","protected":false},"author":2,"featured_media":627316,"comment_status":"","ping_status":"","sticky":false,"template":"","format":"standard","meta":{"footnotes":""},"categories":[2821],"tags":[1111,11,829,1777,674,1011,27,12,584,25],"class_list":{"0":"post-627315","1":"post","2":"type-post","3":"status-publish","4":"format-standard","5":"has-post-thumbnail","7":"category-rennes","8":"tag-actu","9":"tag-actualites","10":"tag-bretagne","11":"tag-eu","12":"tag-europe","13":"tag-fr","14":"tag-france","15":"tag-news","16":"tag-rennes","17":"tag-republique-francaise"},"share_on_mastodon":{"url":"https:\/\/pubeurope.com\/@fr\/115802285772138501","error":""},"_links":{"self":[{"href":"https:\/\/www.europesays.com\/fr\/wp-json\/wp\/v2\/posts\/627315","targetHints":{"allow":["GET"]}}],"collection":[{"href":"https:\/\/www.europesays.com\/fr\/wp-json\/wp\/v2\/posts"}],"about":[{"href":"https:\/\/www.europesays.com\/fr\/wp-json\/wp\/v2\/types\/post"}],"author":[{"embeddable":true,"href":"https:\/\/www.europesays.com\/fr\/wp-json\/wp\/v2\/users\/2"}],"replies":[{"embeddable":true,"href":"https:\/\/www.europesays.com\/fr\/wp-json\/wp\/v2\/comments?post=627315"}],"version-history":[{"count":0,"href":"https:\/\/www.europesays.com\/fr\/wp-json\/wp\/v2\/posts\/627315\/revisions"}],"wp:featuredmedia":[{"embeddable":true,"href":"https:\/\/www.europesays.com\/fr\/wp-json\/wp\/v2\/media\/627316"}],"wp:attachment":[{"href":"https:\/\/www.europesays.com\/fr\/wp-json\/wp\/v2\/media?parent=627315"}],"wp:term":[{"taxonomy":"category","embeddable":true,"href":"https:\/\/www.europesays.com\/fr\/wp-json\/wp\/v2\/categories?post=627315"},{"taxonomy":"post_tag","embeddable":true,"href":"https:\/\/www.europesays.com\/fr\/wp-json\/wp\/v2\/tags?post=627315"}],"curies":[{"name":"wp","href":"https:\/\/api.w.org\/{rel}","templated":true}]}}