{"id":627317,"date":"2025-12-29T10:03:31","date_gmt":"2025-12-29T10:03:31","guid":{"rendered":"https:\/\/www.europesays.com\/fr\/627317\/"},"modified":"2025-12-29T10:03:31","modified_gmt":"2025-12-29T10:03:31","slug":"4-patisseries-et-salons-de-the-qui-viennent-douvrir-a-strasbourg","status":"publish","type":"post","link":"https:\/\/www.europesays.com\/fr\/627317\/","title":{"rendered":"4 p\u00e2tisseries et salons de th\u00e9 qui viennent d\u2019ouvrir \u00e0 Strasbourg"},"content":{"rendered":"<p>    <img loading=\"lazy\" width=\"1800\" height=\"900\" src=\"https:\/\/www.europesays.com\/fr\/wp-content\/uploads\/2025\/11\/jeanne-callthepolice.jpg\" class=\"attachment-full size-full\" alt=\"\" id=\"imageLove\" decoding=\"async\"  \/><\/p>\n<p id=\"breadcrumbs\"><a href=\"https:\/\/pokaa.fr\/\" target=\"_blank\" rel=\"noopener\">Accueil<\/a> \/ <a href=\"https:\/\/pokaa.fr\/categories\/les-bonnes-adresses\/\" target=\"_blank\" rel=\"noopener\">Bonnes adresses<\/a> \/ Paradis gourmands : 4 p\u00e2tisseries et salons de th\u00e9 qui viennent d\u2019ouvrir \u00e0 Strasbourg<\/p>\n<p>                    Bonnes adresses<\/p>\n<p><strong>Ils sont nos repaires r\u00e9confortants, nos tavernes \u00e0 sucreries, nos petits cocons de chaleur quand vient le froid\u2026 Ce sont bien s\u00fbr : les salons de th\u00e9 et les p\u00e2tisseries. \u00c0 Strasbourg, on vous fait un rapide tour des nouvelles adresses qui ont ouvert ces derniers mois pour que vous soyez certain(e)s de ne rien rater !<\/strong><\/p>\n<p>Les Merveilles d\u2019Albertine (p\u00e2tisserie &amp; salon de th\u00e9)<\/p>\n<p><strong>Inaugur\u00e9 il y a une poign\u00e9e de jours<\/strong>, tout proche de la gare (\u00e0 la place du restaurant Marcus, ancien Botaniste), <strong>le succ\u00e8s des Merveilles d\u2019Albertine est d\u00e9j\u00e0 retentissant<\/strong>. Install\u00e9 \u00e0 quelques m\u00e8tres seulement des grands axes passants, on s\u2019y installe au calme <strong>pour profiter d\u2019une gamme de p\u00e2tisseries, d\u2019entremets, de caf\u00e9s et de boissons latt\u00e9es<\/strong>, mais aussi de jolis encas sal\u00e9s.<\/p>\n<p>La d\u00e9co nous fait quant \u00e0 elle<strong> voyager dans le temps entre univers vintage<\/strong>, conte merveilleux et jardin d\u2019\u00e9t\u00e9. On s\u2019y sent bien, on y mange bien et on y est tr\u00e8s bien re\u00e7u(e), c\u2019est tout simplement <strong>une tr\u00e8s belle nouveaut\u00e9 qui nous veut du bien<\/strong> et qui m\u00e9rite le d\u00e9tour.<\/p>\n<p style=\"text-align: center;\"><strong>Les Merveilles d\u2019Albertine<br \/><\/strong>3 rue Thiergarten<strong><br \/><\/strong><strong><a href=\"https:\/\/www.google.com\/url?sa=t&amp;source=web&amp;rct=j&amp;opi=89978449&amp;url=https:\/\/www.instagram.com\/les_merveilles_dalbertine\/&amp;ved=2ahUKEwjT4MLMl9ORAxUYK_sDHQe8B2EQFnoECEYQAQ&amp;usg=AOvVaw3DjlHK2SP907xSWZ1puFFg\" target=\"_blank\" rel=\"noopener\">La page Instagram<\/a><\/strong><\/p>\n<p>                <a href=\"https:\/\/pokaa.fr\/2025\/12\/08\/les-merveilles-dalbertine-cette-nouvelle-patisserie-salon-de-the-fait-deja-parler-strasbourg\/\" target=\"_blank\" rel=\"noopener\"><br \/>\n                    <img width=\"450\" height=\"270\" src=\"https:\/\/www.europesays.com\/fr\/wp-content\/uploads\/2025\/12\/g2-450x270.jpg\" class=\"attachment-card-horizontal--same-subject size-card-horizontal--same-subject wp-post-image\" alt=\"\" decoding=\"async\" loading=\"lazy\"\/>                <\/a><\/p>\n<p>                <img width=\"375\" height=\"500\" src=\"https:\/\/www.europesays.com\/fr\/wp-content\/uploads\/2025\/12\/les-merveilles-dalbertineimg-0166-375x500.jpeg\" class=\"attachment-gallery size-gallery\" alt=\"Les merveilles D\u2019Albertine\" data-full-url=\"https:\/\/pokaa.fr\/wp-content\/uploads\/2025\/12\/08\/les-merveilles-dalbertineimg-0166.jpeg\" decoding=\"async\" loading=\"lazy\"  \/>            <\/p>\n<p>                <img width=\"375\" height=\"500\" src=\"https:\/\/www.europesays.com\/fr\/wp-content\/uploads\/2025\/12\/les-merveilles-dalbertineimg-0211-375x500.jpeg\" class=\"attachment-gallery size-gallery\" alt=\"Les merveilles D\u2019Albertine\" data-full-url=\"https:\/\/pokaa.fr\/wp-content\/uploads\/2025\/12\/08\/les-merveilles-dalbertineimg-0211.jpeg\" decoding=\"async\" loading=\"lazy\"  \/>            <\/p>\n<p>                <img width=\"375\" height=\"500\" src=\"https:\/\/www.europesays.com\/fr\/wp-content\/uploads\/2025\/12\/les-merveilles-dalbertineimg-0167-375x500.jpeg\" class=\"attachment-gallery size-gallery\" alt=\"Les merveilles D\u2019Albertine\" data-full-url=\"https:\/\/pokaa.fr\/wp-content\/uploads\/2025\/12\/08\/les-merveilles-dalbertineimg-0167.jpeg\" decoding=\"async\" loading=\"lazy\"  \/>            <\/p>\n<p>                <img width=\"375\" height=\"500\" src=\"https:\/\/www.europesays.com\/fr\/wp-content\/uploads\/2025\/12\/les-merveilles-dalbertineimg-0397-2-375x500.jpeg\" class=\"attachment-gallery size-gallery\" alt=\"Les merveilles D\u2019Albertine\" data-full-url=\"https:\/\/pokaa.fr\/wp-content\/uploads\/2025\/12\/08\/les-merveilles-dalbertineimg-0397-2.jpeg\" decoding=\"async\" loading=\"lazy\"  \/>            <\/p>\n<p>                <img width=\"375\" height=\"500\" src=\"https:\/\/www.europesays.com\/fr\/wp-content\/uploads\/2025\/12\/les-merveilles-dalbertineimg-0286-375x500.jpeg\" class=\"attachment-gallery size-gallery\" alt=\"Les merveilles D\u2019Albertine\" data-full-url=\"https:\/\/pokaa.fr\/wp-content\/uploads\/2025\/12\/08\/les-merveilles-dalbertineimg-0286.jpeg\" decoding=\"async\" loading=\"lazy\"  \/>            <\/p>\n<p>                <img width=\"375\" height=\"500\" src=\"https:\/\/www.europesays.com\/fr\/wp-content\/uploads\/2025\/12\/les-merveilles-dalbertineimg-0405-2-375x500.jpeg\" class=\"attachment-gallery size-gallery\" alt=\"Les merveilles D\u2019Albertine\" data-full-url=\"https:\/\/pokaa.fr\/wp-content\/uploads\/2025\/12\/08\/les-merveilles-dalbertineimg-0405-2.jpeg\" decoding=\"async\" loading=\"lazy\"  \/>            <\/p>\n<p>                    \u00a9 Bastien Pietronave \/ Pokaa<\/p>\n<p>Jaune Citron (p\u00e2tisserie &amp; caf\u00e9)<\/p>\n<p>Elle \u00e9tait tr\u00e8s attendue et elle est d\u00e9sormais ouverte : on parle bien de<strong>\u00a0la deuxi\u00e8me boutique estampill\u00e9e Jaune Citron<\/strong>. Apr\u00e8s le succ\u00e8s assez dingue de<strong> la premi\u00e8re p\u00e2tisserie install\u00e9e rue de l\u2019Ail<\/strong>, le rendez-vous est \u00e9galement donn\u00e9 dans<strong> une art\u00e8re on ne peut plus centrale, la Grand\u2019Rue<\/strong>.<\/p>\n<p>Si la premi\u00e8re adresse est vraiment \u00e9troite, <strong>la deuxi\u00e8me est bien plus vaste<\/strong>, plus garnie et surtout : <strong>on s\u2019en met plein les doigts<\/strong>. Cookies, entremets, cakes et autres cr\u00e9ations que l\u2019on ne pr\u00e9sente plus, <strong>Jaune Citron signe l\u00e0 une tr\u00e8s belle nouveaut\u00e9.\u00a0<\/strong><\/p>\n<p style=\"text-align: center;\"><strong>Jaune Citron\u00a0<\/strong><br \/>39 Grand\u2019Rue<br \/><strong><a href=\"https:\/\/www.instagram.com\/jaunecitron__\/?hl=fr\" target=\"_blank\" rel=\"noopener\">La page Instagram<\/a><\/strong><\/p>\n<p>                <img width=\"380\" height=\"500\" src=\"https:\/\/www.europesays.com\/fr\/wp-content\/uploads\/2025\/12\/patisserie-boulangerie-img-1573-380x500.jpg\" class=\"attachment-gallery size-gallery\" alt=\"Jaune Citron Grand Rue\" data-full-url=\"https:\/\/pokaa.fr\/wp-content\/uploads\/2025\/12\/23\/patisserie-boulangerie-img-1573.jpg\" decoding=\"async\" loading=\"lazy\"  \/>            <\/p>\n<p>                <img width=\"507\" height=\"500\" src=\"https:\/\/www.europesays.com\/fr\/wp-content\/uploads\/2025\/12\/patisserie-boulangerie-img-1572-507x500.jpg\" class=\"attachment-gallery size-gallery\" alt=\"Jaune Citron Grand Rue\" data-full-url=\"https:\/\/pokaa.fr\/wp-content\/uploads\/2025\/12\/23\/patisserie-boulangerie-img-1572.jpg\" decoding=\"async\" loading=\"lazy\"  \/>            <\/p>\n<p>                <img width=\"354\" height=\"500\" src=\"https:\/\/www.europesays.com\/fr\/wp-content\/uploads\/2025\/12\/patisserie-boulangerie-img-1575-354x500.jpg\" class=\"attachment-gallery size-gallery\" alt=\"Jaune Citron Grand Rue\" data-full-url=\"https:\/\/pokaa.fr\/wp-content\/uploads\/2025\/12\/23\/patisserie-boulangerie-img-1575.jpg\" decoding=\"async\" loading=\"lazy\"  \/>            <\/p>\n<p>                <img width=\"417\" height=\"500\" src=\"https:\/\/www.europesays.com\/fr\/wp-content\/uploads\/2025\/12\/patisserie-boulangerie-img-1578-417x500.jpg\" class=\"attachment-gallery size-gallery\" alt=\"Jaune Citron Grand Rue\" data-full-url=\"https:\/\/pokaa.fr\/wp-content\/uploads\/2025\/12\/23\/patisserie-boulangerie-img-1578.jpg\" decoding=\"async\" loading=\"lazy\"  \/>            <\/p>\n<p>                <img width=\"354\" height=\"500\" src=\"https:\/\/www.europesays.com\/fr\/wp-content\/uploads\/2025\/12\/patisserie-boulangerie-img-1577-354x500.jpg\" class=\"attachment-gallery size-gallery\" alt=\"Jaune Citron Grand Rue\" data-full-url=\"https:\/\/pokaa.fr\/wp-content\/uploads\/2025\/12\/23\/patisserie-boulangerie-img-1577.jpg\" decoding=\"async\" loading=\"lazy\"  \/>            <\/p>\n<p>                <img width=\"409\" height=\"500\" src=\"https:\/\/www.europesays.com\/fr\/wp-content\/uploads\/2025\/12\/patisserie-boulangerie-img-1579-409x500.jpg\" class=\"attachment-gallery size-gallery\" alt=\"Jaune Citron Grand Rue\" data-full-url=\"https:\/\/pokaa.fr\/wp-content\/uploads\/2025\/12\/23\/patisserie-boulangerie-img-1579.jpg\" decoding=\"async\" loading=\"lazy\"  \/>            <\/p>\n<p>                    \u00a9 Page Instagram de Jaune Citron \/ Captures d&rsquo;\u00e9cran<\/p>\n<p>GC (p\u00e2tisserie)<\/p>\n<p>Apr\u00e8s le carton plein de <strong>la premi\u00e8re p\u00e2tisserie GC du c\u00f4t\u00e9 de l\u2019avenue des Vosges<\/strong>, la jeune Ceyda et son \u00e9quipe ont pos\u00e9 leurs valises <strong>au centre-ville, \u00e0 deux pas de la place Broglie<\/strong>, dans une seconde boutique.<\/p>\n<p>Pour notre plus grand plaisir, <strong>la p\u00e2tissi\u00e8re a imagin\u00e9 un espace avec davantage de places assises<\/strong>, o\u00f9 l\u2019on peut d\u00e9sormais<strong> venir s\u2019installer pour jouer de la cuill\u00e8re comme il se doit.<\/strong><\/p>\n<p style=\"text-align: center;\"><strong>P\u00e2tisserie GC\u00a0<\/strong><br \/>26 rue de la M\u00e9sange<br \/><a href=\"https:\/\/www.google.com\/url?sa=t&amp;source=web&amp;rct=j&amp;opi=89978449&amp;url=https:\/\/www.instagram.com\/patisserie.gc\/%3Fhl%3Dfr&amp;ved=2ahUKEwji8LyxpNORAxVkU6QEHfgrBBUQFnoECE8QAQ&amp;usg=AOvVaw1eh2tQ9C6dw0J5AS34e4sr\" target=\"_blank\" rel=\"noopener\"><strong>La page Instagram<\/strong><\/a><\/p>\n<p>                <img width=\"356\" height=\"500\" src=\"https:\/\/www.europesays.com\/fr\/wp-content\/uploads\/2025\/12\/patisserie-boulangerie-img-1588-356x500.jpg\" class=\"attachment-gallery size-gallery\" alt=\"P\u00e2tisserie boulangerie IMG_1588\" data-full-url=\"https:\/\/pokaa.fr\/wp-content\/uploads\/2025\/12\/23\/patisserie-boulangerie-img-1588.jpg\" decoding=\"async\" loading=\"lazy\"  \/>            <\/p>\n<p>                <img width=\"376\" height=\"500\" src=\"https:\/\/www.europesays.com\/fr\/wp-content\/uploads\/2025\/12\/patisserie-boulangerie-img-1589-376x500.jpg\" class=\"attachment-gallery size-gallery\" alt=\"P\u00e2tisserie boulangerie IMG_1589\" data-full-url=\"https:\/\/pokaa.fr\/wp-content\/uploads\/2025\/12\/23\/patisserie-boulangerie-img-1589.jpg\" decoding=\"async\" loading=\"lazy\"  \/>            <\/p>\n<p>                <img width=\"376\" height=\"500\" src=\"https:\/\/www.europesays.com\/fr\/wp-content\/uploads\/2025\/12\/patisserie-boulangerie-img-1587-376x500.jpg\" class=\"attachment-gallery size-gallery\" alt=\"P\u00e2tisserie boulangerie IMG_1587\" data-full-url=\"https:\/\/pokaa.fr\/wp-content\/uploads\/2025\/12\/23\/patisserie-boulangerie-img-1587.jpg\" decoding=\"async\" loading=\"lazy\"  \/>            <\/p>\n<p>                <img width=\"361\" height=\"500\" src=\"https:\/\/www.europesays.com\/fr\/wp-content\/uploads\/2025\/12\/patisserie-boulangerie-img-1586-361x500.jpg\" class=\"attachment-gallery size-gallery\" alt=\"P\u00e2tisserie boulangerie IMG_1586\" data-full-url=\"https:\/\/pokaa.fr\/wp-content\/uploads\/2025\/12\/23\/patisserie-boulangerie-img-1586.jpg\" decoding=\"async\" loading=\"lazy\"  \/>            <\/p>\n<p>                    \u00a9 P\u00e2tisserie GC \/ Documents remis<\/p>\n<p>Atelier 116 (boulangerie, p\u00e2tisserie &amp; salon de th\u00e9)<\/p>\n<p>L\u00e0 aussi, on vous parle<strong> d\u2019un nouveau lieu pour une maison bien connue : L\u2019Atelier 116<\/strong>. Vous l\u2019avez probablement remarqu\u00e9, surtout le week-end, la<strong> queue ne d\u00e9semplit pas devant L\u2019Atelier 116 Grand\u2019Rue<\/strong>. C\u2019est peut-\u00eatre le moment id\u00e9al pour d\u00e9couvrir <strong>une adresse du m\u00eame nom<\/strong> install\u00e9e proche du parc de l\u2019Orangerie.<\/p>\n<p>Beaucoup plus grande, <strong>plus chaleureuse, plus calme et charmante,<\/strong> <strong>c\u2019est VRAIMENT moins l\u2019usine<\/strong> dans cette seconde boutique.<\/p>\n<p style=\"text-align: center;\"><strong>Atelier 116<br \/><\/strong>53 all\u00e9e de la Robertsau<br \/><strong><a href=\"https:\/\/www.google.com\/url?sa=t&amp;source=web&amp;rct=j&amp;opi=89978449&amp;url=https:\/\/www.instagram.com\/latelier116\/%3Fhl%3Dfr&amp;ved=2ahUKEwimrpvKpdORAxVRU6QEHUbHA8QQFnoECB4QAQ&amp;usg=AOvVaw0iWimbKfHlUq8e0Gp2I8Lt\" target=\"_blank\" rel=\"noopener\">La page Instagram<\/a><\/strong><\/p>\n<p>                <img width=\"351\" height=\"500\" src=\"https:\/\/www.europesays.com\/fr\/wp-content\/uploads\/2025\/12\/patisserie-boulangerie-img-1580-351x500.jpg\" class=\"attachment-gallery size-gallery\" alt=\"P\u00e2tisserie boulangerie IMG_1580\" data-full-url=\"https:\/\/pokaa.fr\/wp-content\/uploads\/2025\/12\/23\/patisserie-boulangerie-img-1580.jpg\" decoding=\"async\" loading=\"lazy\"  \/>            <\/p>\n<p>                <img width=\"399\" height=\"500\" src=\"https:\/\/www.europesays.com\/fr\/wp-content\/uploads\/2025\/12\/patisserie-boulangerie-img-1581-399x500.jpg\" class=\"attachment-gallery size-gallery\" alt=\"P\u00e2tisserie boulangerie IMG_1581\" data-full-url=\"https:\/\/pokaa.fr\/wp-content\/uploads\/2025\/12\/23\/patisserie-boulangerie-img-1581.jpg\" decoding=\"async\" loading=\"lazy\"  \/>            <\/p>\n<p>                <img width=\"397\" height=\"500\" src=\"https:\/\/www.europesays.com\/fr\/wp-content\/uploads\/2025\/12\/patisserie-boulangerie-img-1582-397x500.jpg\" class=\"attachment-gallery size-gallery\" alt=\"P\u00e2tisserie boulangerie IMG_1582\" data-full-url=\"https:\/\/pokaa.fr\/wp-content\/uploads\/2025\/12\/23\/patisserie-boulangerie-img-1582.jpg\" decoding=\"async\" loading=\"lazy\"  \/>            <\/p>\n<p>                <img width=\"316\" height=\"500\" src=\"https:\/\/www.europesays.com\/fr\/wp-content\/uploads\/2025\/12\/patisserie-boulangerie-img-1583-316x500.jpg\" class=\"attachment-gallery size-gallery\" alt=\"P\u00e2tisserie boulangerie IMG_1583\" data-full-url=\"https:\/\/pokaa.fr\/wp-content\/uploads\/2025\/12\/23\/patisserie-boulangerie-img-1583.jpg\" decoding=\"async\" loading=\"lazy\"  \/>            <\/p>\n<p>                <img width=\"397\" height=\"500\" src=\"https:\/\/www.europesays.com\/fr\/wp-content\/uploads\/2025\/12\/patisserie-boulangerie-img-1584-397x500.jpg\" class=\"attachment-gallery size-gallery\" alt=\"P\u00e2tisserie boulangerie IMG_1584\" data-full-url=\"https:\/\/pokaa.fr\/wp-content\/uploads\/2025\/12\/23\/patisserie-boulangerie-img-1584.jpg\" decoding=\"async\" loading=\"lazy\"  \/>            <\/p>\n<p>                    \u00a9 Atelier 116 \/ Documents remis<\/p>\n<p><script async src=\"\/\/www.instagram.com\/embed.js\"><\/script><\/p>\n","protected":false},"excerpt":{"rendered":"Accueil \/ Bonnes adresses \/ Paradis gourmands : 4 p\u00e2tisseries et salons de th\u00e9 qui viennent d\u2019ouvrir \u00e0&hellip;\n","protected":false},"author":2,"featured_media":627318,"comment_status":"","ping_status":"","sticky":false,"template":"","format":"standard","meta":{"footnotes":""},"categories":[2820],"tags":[1111,11,1777,674,1011,27,775,12,15810,25,46451,640],"class_list":{"0":"post-627317","1":"post","2":"type-post","3":"status-publish","4":"format-standard","5":"has-post-thumbnail","7":"category-strasbourg","8":"tag-actu","9":"tag-actualites","10":"tag-eu","11":"tag-europe","12":"tag-fr","13":"tag-france","14":"tag-grand-est","15":"tag-news","16":"tag-patisserie","17":"tag-republique-francaise","18":"tag-salon-de-the","19":"tag-strasbourg"},"share_on_mastodon":{"url":"https:\/\/pubeurope.com\/@fr\/115802290360008477","error":""},"_links":{"self":[{"href":"https:\/\/www.europesays.com\/fr\/wp-json\/wp\/v2\/posts\/627317","targetHints":{"allow":["GET"]}}],"collection":[{"href":"https:\/\/www.europesays.com\/fr\/wp-json\/wp\/v2\/posts"}],"about":[{"href":"https:\/\/www.europesays.com\/fr\/wp-json\/wp\/v2\/types\/post"}],"author":[{"embeddable":true,"href":"https:\/\/www.europesays.com\/fr\/wp-json\/wp\/v2\/users\/2"}],"replies":[{"embeddable":true,"href":"https:\/\/www.europesays.com\/fr\/wp-json\/wp\/v2\/comments?post=627317"}],"version-history":[{"count":0,"href":"https:\/\/www.europesays.com\/fr\/wp-json\/wp\/v2\/posts\/627317\/revisions"}],"wp:featuredmedia":[{"embeddable":true,"href":"https:\/\/www.europesays.com\/fr\/wp-json\/wp\/v2\/media\/627318"}],"wp:attachment":[{"href":"https:\/\/www.europesays.com\/fr\/wp-json\/wp\/v2\/media?parent=627317"}],"wp:term":[{"taxonomy":"category","embeddable":true,"href":"https:\/\/www.europesays.com\/fr\/wp-json\/wp\/v2\/categories?post=627317"},{"taxonomy":"post_tag","embeddable":true,"href":"https:\/\/www.europesays.com\/fr\/wp-json\/wp\/v2\/tags?post=627317"}],"curies":[{"name":"wp","href":"https:\/\/api.w.org\/{rel}","templated":true}]}}