{"id":627319,"date":"2025-12-29T10:04:12","date_gmt":"2025-12-29T10:04:12","guid":{"rendered":"https:\/\/www.europesays.com\/fr\/627319\/"},"modified":"2025-12-29T10:04:12","modified_gmt":"2025-12-29T10:04:12","slug":"avranches-strasbourg-ne-se-jouera-pas-a-dornano","status":"publish","type":"post","link":"https:\/\/www.europesays.com\/fr\/627319\/","title":{"rendered":"Avranches-Strasbourg ne se jouera pas \u00e0 d\u2019Ornano"},"content":{"rendered":"<p>Le Stade Michel d\u2019Ornano de Caen n\u2019encha\u00eenera pas deux grands matchs en l\u2019espace de quatre jours. Ce 22 d\u00e9cembre,\u00a0 la F\u00e9d\u00e9ration Fran\u00e7aise de Football (FFF) a effectivement d\u00e9voil\u00e9 la programmation des <a href=\"https:\/\/www.foot-national.com\/coupe-de-france\/coupe-de-france-le-tirage-au-sort-complet-des-16e-de-finale-933726\" target=\"_blank\" rel=\"noopener\">16es de finale de la Coupe de France<\/a>. De ce fait, l\u2019US Avranches MSM (N2) et le Racing club de Strasbourg (L1) croiseront le fer le samedi 10\u00a0janvier \u00e0 18h. Une rencontre qui se disputera bien au stade Ren\u00e9 Fenouill\u00e8re d\u2019Avranches.\u00a0<\/p>\n<p>Pas de d\u00e9localisation \u00e0 d\u2019Ornano<\/p>\n<p>Le Stade Malherbe de Caen (N1) et le club Manchois avaient pourtant trouv\u00e9 un accord concernant la d\u00e9localisation de la partie. \u00ab\u00a0Bayeux joue quelques jours apr\u00e8s nous mais le club nous avait donn\u00e9 leur accord pour qu\u2019on puisse jouer au Stade Michel d\u2019Ornano\u00a0\u00bb a fait savoir le pr\u00e9sident Morgan Coursin \u00e0 Ouest-France. \u00ab\u00a0On a aussi pens\u00e9 rapidement au Roazhon Park. Mais on a d\u00e9cid\u00e9 de le jouer ici, c\u2019est notre volont\u00e9\u00a0\u00bb a-t-il poursuivi.\u00a0<\/p>\n<p>Le stade Michel d\u2019Ornano recevra le dernier seizi\u00e8me de finale de cette 109e \u00e9dition le mardi suivant entre Bayeux (R1) et l\u2019Olympique de Marseille (L1). \u00ab\u00a0On ira \u00e0 Caen au prochain tour\u00a0!\u00a0\u00bb a souri le pr\u00e9sident des Bleu et Blanc.\u00a0<b\/><\/p>\n<p>Partagez cette info avec vos amis et vos proches en cliquant ici<br \/>Pour r\u00e9sumer<\/p>\n<p>Le Stade Michel d\u2019Ornano de Caen n\u2019encha\u00eenera pas deux grands matchs en l\u2019espace de quatre jours. Ce 22 d\u00e9cembre,\u00a0 la F\u00e9d\u00e9ration Fran\u00e7aise de Football (FFF) a effectivement d\u00e9voil\u00e9 la programmation des 16es de finale de la Coupe de France.<\/p>\n<p> <img decoding=\"async\" width=\"76\" height=\"76\" loading=\"lazy\" src=\"https:\/\/static.wui.fr\/images_v3\/avatar-footnational.png\" alt=\"Youcef Ghalaza-Boudra\"\/><\/p>\n","protected":false},"excerpt":{"rendered":"Le Stade Michel d\u2019Ornano de Caen n\u2019encha\u00eenera pas deux grands matchs en l\u2019espace de quatre jours. Ce 22&hellip;\n","protected":false},"author":2,"featured_media":627320,"comment_status":"","ping_status":"","sticky":false,"template":"","format":"standard","meta":{"footnotes":""},"categories":[2820],"tags":[1111,11,61432,1777,674,1011,27,775,12,25,640],"class_list":{"0":"post-627319","1":"post","2":"type-post","3":"status-publish","4":"format-standard","5":"has-post-thumbnail","7":"category-strasbourg","8":"tag-actu","9":"tag-actualites","10":"tag-coupes-coupe-de-france","11":"tag-eu","12":"tag-europe","13":"tag-fr","14":"tag-france","15":"tag-grand-est","16":"tag-news","17":"tag-republique-francaise","18":"tag-strasbourg"},"share_on_mastodon":{"url":"https:\/\/pubeurope.com\/@fr\/115802293174757945","error":""},"_links":{"self":[{"href":"https:\/\/www.europesays.com\/fr\/wp-json\/wp\/v2\/posts\/627319","targetHints":{"allow":["GET"]}}],"collection":[{"href":"https:\/\/www.europesays.com\/fr\/wp-json\/wp\/v2\/posts"}],"about":[{"href":"https:\/\/www.europesays.com\/fr\/wp-json\/wp\/v2\/types\/post"}],"author":[{"embeddable":true,"href":"https:\/\/www.europesays.com\/fr\/wp-json\/wp\/v2\/users\/2"}],"replies":[{"embeddable":true,"href":"https:\/\/www.europesays.com\/fr\/wp-json\/wp\/v2\/comments?post=627319"}],"version-history":[{"count":0,"href":"https:\/\/www.europesays.com\/fr\/wp-json\/wp\/v2\/posts\/627319\/revisions"}],"wp:featuredmedia":[{"embeddable":true,"href":"https:\/\/www.europesays.com\/fr\/wp-json\/wp\/v2\/media\/627320"}],"wp:attachment":[{"href":"https:\/\/www.europesays.com\/fr\/wp-json\/wp\/v2\/media?parent=627319"}],"wp:term":[{"taxonomy":"category","embeddable":true,"href":"https:\/\/www.europesays.com\/fr\/wp-json\/wp\/v2\/categories?post=627319"},{"taxonomy":"post_tag","embeddable":true,"href":"https:\/\/www.europesays.com\/fr\/wp-json\/wp\/v2\/tags?post=627319"}],"curies":[{"name":"wp","href":"https:\/\/api.w.org\/{rel}","templated":true}]}}