{"id":627321,"date":"2025-12-29T10:05:12","date_gmt":"2025-12-29T10:05:12","guid":{"rendered":"https:\/\/www.europesays.com\/fr\/627321\/"},"modified":"2025-12-29T10:05:12","modified_gmt":"2025-12-29T10:05:12","slug":"lapplication-carlo-et-lucam-recompensent-le-commerce-de-proximite-a-monaco","status":"publish","type":"post","link":"https:\/\/www.europesays.com\/fr\/627321\/","title":{"rendered":"l\u2019application Carlo et l\u2019UCAM r\u00e9compensent le commerce de proximit\u00e9 \u00e0 Monaco"},"content":{"rendered":"<p class=\"fs-5 \">\u00c0 quelques jours de la p\u00e9riode critique des f\u00eates, Carlo et l\u2019Union des Commer\u00e7ants et Artisans de Monaco (UCAM) ont choisi de placer le commerce de proximit\u00e9 sous les projecteurs \u00e0 travers une soir\u00e9e, ce mercredi, au restaurant Le Marius.<\/p>\n<p class=\"fs-5 \">Plus d\u2019une centaine d\u2019acteurs du secteur se sont r\u00e9unis pour valoriser un vecteur de la vie \u00e9conomique et sociale en Principaut\u00e9. Pens\u00e9 comme un temps de rassemblement et d\u2019\u00e9changes, l\u2019\u00e9v\u00e9nement marque une nouvelle \u00e9tape dans la coop\u00e9ration entre acteurs publics et entreprises priv\u00e9es. \u00ab On prend rarement le temps de se poser ensemble pour c\u00e9l\u00e9brer ce qui fait battre le c\u0153ur de la Principaut\u00e9, le lien social \u00e0 travers les commerces de proximit\u00e9 \u00bb, rappelle Antoine Bahri, fondateur et directeur g\u00e9n\u00e9ral de Carlo.<\/p>\n<p>        <img src=\"https:\/\/www.europesays.com\/fr\/wp-content\/uploads\/2025\/12\/e2cb3d4_upload-from-url-1-ei11lt68smor-data-art-15199771-yzzer7rj.jpg\"   loading=\"lazy\" decoding=\"async\" alt=\"\" class=\"img-fluid position-absolute w-100 object-fit-cover rounded-2\" width=\"600\" height=\"400\"\/><\/p>\n<p>                                                                                Un pilier \u00e9conomique et social \u00e0 pr\u00e9server<\/p>\n<p class=\"fs-5 \">Au fil des prises de parole, un constat a \u00e9t\u00e9 partag\u00e9 par tous les acteurs, \u00e0 Monaco, le commerce ne se limite pas \u00e0 sa seule activit\u00e9 \u00e9conomique. \u00ab Ce n\u2019est pas uniquement un chiffre dans le produit int\u00e9rieur brut. C\u2019est une relation humaine, une pr\u00e9sence constante, ce qui donne une \u00e2me \u00e0 la ville \u00bb, souligne Antoine Bahri.<\/p>\n<p class=\"fs-5 \">Un message largement relay\u00e9 par les repr\u00e9sentants institutionnels, dans un contexte marqu\u00e9 par l\u2019\u00e9volution des habitudes de consommation et la concurrence accrue du commerce en ligne. Cette soir\u00e9e s\u2019est donc inscrite dans une logique de reconnaissance et de valorisation des points de vente physiques.<\/p>\n<p>                                                                                Des troph\u00e9es pour valoriser ce tissu local<\/p>\n<p class=\"fs-5 \">La c\u00e9r\u00e9monie a \u00e9t\u00e9 rythm\u00e9e par la projection d\u2019un court film o\u00f9 les int\u00e9ress\u00e9s ont directement t\u00e9moign\u00e9 de leur attache \u00e0 ce mode de consommation. Temps fort de la soir\u00e9e, la remise des Carlo Awards a permis de mettre \u00e0 l\u2019honneur plusieurs commerces mon\u00e9gasques \u00e0 travers cinq cat\u00e9gories. Ces distinctions, attribu\u00e9es \u00e0 l\u2019issue d\u2019un vote de la communaut\u00e9 d\u2019utilisateurs de l\u2019application, visaient \u00e0 reconna\u00eetre des pratiques concr\u00e8tes, li\u00e9es notamment \u00e0 l\u2019accueil, \u00e0 l\u2019exp\u00e9rience client ou \u00e0 l\u2019innovation.<\/p>\n<p class=\"fs-5 \">Pens\u00e9s comme un outil de valorisation plut\u00f4t que de classement, ces troph\u00e9es s\u2019inscrivent dans la logique d\u00e9fendue par Carlo, renforcer le sentiment d\u2019appartenance \u00e0 un tissu \u00e9conomique commun. Les laur\u00e9ats ont \u00e9t\u00e9 d\u00e9voil\u00e9s au cours de la soir\u00e9e et non en amont pour laisser planer un l\u00e9ger suspense.<\/p>\n<p>                                                                                Un mod\u00e8le 100 % local<\/p>\n<p class=\"fs-5 \">Organis\u00e9e \u00e0 l\u2019initiative de Carlo, cette soir\u00e9e s\u2019inscrit dans la continuit\u00e9 du mod\u00e8le d\u00e9velopp\u00e9 par l\u2019application depuis son lancement en Principaut\u00e9 en 2019. Elle repose sur un syst\u00e8me de paiement assorti d\u2019un cashback imm\u00e9diat, destin\u00e9 \u00e0 encourager la consommation locale tout en offrant aux commer\u00e7ants un outil de fid\u00e9lisation commun. Concr\u00e8tement chaque achat dans un \u00e9tablissement partenaire est r\u00e9compens\u00e9 par 5 % de la somme rembours\u00e9e sur l\u2019application. <\/p>\n<p class=\"fs-5 \">\u00ab Nous sommes partis d\u2019un constat simple, les commer\u00e7ants consacrent d\u00e9j\u00e0 une part de leur marge \u00e0 des r\u00e9ductions ou \u00e0 des programmes de fid\u00e9lisation. L\u2019id\u00e9e a \u00e9t\u00e9 de transformer ces pratiques en un socle collectif \u00bb, explique le fondateur de Carlo. \u00c0 Monaco, le dispositif s\u2019est renforc\u00e9 avec l\u2019int\u00e9gration des bons cadeaux distribu\u00e9s chaque ann\u00e9e aux employ\u00e9s de la fonction publique et de nombreuses entreprises partenaires. Ces montants, cr\u00e9dit\u00e9s sur l\u2019application sont utilisables uniquement en Principaut\u00e9. Aujourd\u2019hui Carlo f\u00e9d\u00e8re pr\u00e8s de 750 commerces et plus de 80 000 utilisateurs sur le territoire.<\/p>\n<p class=\"fs-5 \">Pr\u00e9sente \u00e9galement \u00e0 Aix-en-Provence et \u00e0 Bordeaux, l\u2019application conserve une logique territoriale forte. Chaque ville dispose de son propre \u00e9cosyst\u00e8me, sans mutualisation des soldes. Une approche assum\u00e9e par la compagnie et qui son fondateur, qui revendique un d\u00e9veloppement progressif et cibl\u00e9. Cette soir\u00e9e a donc \u00e9t\u00e9 une \u00e9tape suppl\u00e9mentaire dans la volont\u00e9 de l\u2019application de se structurer et de s\u2019imposer comme un interm\u00e9diaire incontournable entre clients fid\u00e8les et commerces de proximit\u00e9s.<\/p>\n","protected":false},"excerpt":{"rendered":"\u00c0 quelques jours de la p\u00e9riode critique des f\u00eates, Carlo et l\u2019Union des Commer\u00e7ants et Artisans de Monaco&hellip;\n","protected":false},"author":2,"featured_media":627322,"comment_status":"","ping_status":"","sticky":false,"template":"","format":"standard","meta":{"footnotes":""},"categories":[2819],"tags":[1111,11,1777,674,1011,27,12,2401,882,25],"class_list":{"0":"post-627321","1":"post","2":"type-post","3":"status-publish","4":"format-standard","5":"has-post-thumbnail","7":"category-nice","8":"tag-actu","9":"tag-actualites","10":"tag-eu","11":"tag-europe","12":"tag-fr","13":"tag-france","14":"tag-news","15":"tag-nice","16":"tag-provence-alpes-cote-dazur","17":"tag-republique-francaise"},"share_on_mastodon":{"url":"https:\/\/pubeurope.com\/@fr\/115802297069638691","error":""},"_links":{"self":[{"href":"https:\/\/www.europesays.com\/fr\/wp-json\/wp\/v2\/posts\/627321","targetHints":{"allow":["GET"]}}],"collection":[{"href":"https:\/\/www.europesays.com\/fr\/wp-json\/wp\/v2\/posts"}],"about":[{"href":"https:\/\/www.europesays.com\/fr\/wp-json\/wp\/v2\/types\/post"}],"author":[{"embeddable":true,"href":"https:\/\/www.europesays.com\/fr\/wp-json\/wp\/v2\/users\/2"}],"replies":[{"embeddable":true,"href":"https:\/\/www.europesays.com\/fr\/wp-json\/wp\/v2\/comments?post=627321"}],"version-history":[{"count":0,"href":"https:\/\/www.europesays.com\/fr\/wp-json\/wp\/v2\/posts\/627321\/revisions"}],"wp:featuredmedia":[{"embeddable":true,"href":"https:\/\/www.europesays.com\/fr\/wp-json\/wp\/v2\/media\/627322"}],"wp:attachment":[{"href":"https:\/\/www.europesays.com\/fr\/wp-json\/wp\/v2\/media?parent=627321"}],"wp:term":[{"taxonomy":"category","embeddable":true,"href":"https:\/\/www.europesays.com\/fr\/wp-json\/wp\/v2\/categories?post=627321"},{"taxonomy":"post_tag","embeddable":true,"href":"https:\/\/www.europesays.com\/fr\/wp-json\/wp\/v2\/tags?post=627321"}],"curies":[{"name":"wp","href":"https:\/\/api.w.org\/{rel}","templated":true}]}}