{"id":627327,"date":"2025-12-29T10:08:10","date_gmt":"2025-12-29T10:08:10","guid":{"rendered":"https:\/\/www.europesays.com\/fr\/627327\/"},"modified":"2025-12-29T10:08:10","modified_gmt":"2025-12-29T10:08:10","slug":"aboukhlal-proche-de-signer","status":"publish","type":"post","link":"https:\/\/www.europesays.com\/fr\/627327\/","title":{"rendered":"Aboukhlal proche de signer ?"},"content":{"rendered":"<p>Afficher l\u2019index Masquer l\u2019index <\/p>\n<p>Les dirigeants du FC Nantes seraient en pince pour Zakaria Aboukhlal en vue du mercato hivernal. La porte est ouverte pour le transfert du Marocain.<\/p>\n<p>Mercato FC Nantes : Zakaria Aboukhlal attendu \u00e0 Nantes cet hiver ? \u00a0\t<\/p>\n<p>Les dirigeants du FC Nantes cherchent de renforts cet hiver pour pouvoir r\u00e9ussir l\u2019op\u00e9ration maintien \u00e0 la fin de cette campagne. Les Jaunes et Verts ont perdu assez de points durant la premi\u00e8re partie de la saison et sont dans la zone rouge. Avant-dernier avec 11 points apr\u00e8s 16 journ\u00e9es, le FCN devra quasiment doubler son total lors de la phase retour pour esp\u00e9rer se maintenir.<\/p>\n<p>Pour stopper l\u2019h\u00e9morragie, le grand m\u00e9nage a commenc\u00e9. <a href=\"https:\/\/www.foot-sur7.fr\/710921-mercato-fc-nantes-cest-officiel-kita-vire-luis-castro\" data-type=\"link\" data-id=\"https:\/\/www.foot-sur7.fr\/710921-mercato-fc-nantes-cest-officiel-kita-vire-luis-castro\" target=\"_blank\" rel=\"noopener\">Luis Castro a perdu son fauteuil d\u2019entra\u00eeneur<\/a>. Ahmed Kantari est nomm\u00e9. Le mouvement est d\u00e9j\u00e0 lanc\u00e9 avec l\u2019arriv\u00e9e du joker Deiver Machado, bient\u00f4t rejoint par R\u00e9my Cabella. Deux profils exp\u00e9riment\u00e9s, mais qui ne suffiront pas \u00e0 eux seuls. Les dirigeants nantais recherchent encore un d\u00e9fenseur central, un milieu de terrain et surtout un ailier.<\/p>\n<p><a class=\"related-article simple\" href=\"https:\/\/www.foot-sur7.fr\/714442-mercato-om-une-offre-xxl-tombe-pour-neal-maupay\" target=\"_blank\" rel=\"noopener\">\u00c0 voirMercato OM : Une offre XXL tombe pour Neal Maupay !<\/a><\/p>\n<p>Lire aussi : <a href=\"https:\/\/www.foot-sur7.fr\/714080-mercato-fc-nantes-accord-boucle-pour-issa-diop\" target=\"_blank\" rel=\"noopener\">Mercato FC Nantes : Accord boucl\u00e9 pour Issa Diop ?<\/a><\/p>\n<p>Louis Munteanu est sur la short-list des Kita, mais son transfert appara\u00eet toutefois trop on\u00e9reux. L\u2019attaquant roumain de Cluj, valoris\u00e9 autour de 10 millions d\u2019euros, d\u00e9passe largement les moyens du club. Les Canaris pourraient donc se rabattre sur une option plus accessible en provenance de Serie A. Selon Les Violets, Nantes suit attentivement la situation de Zakaria Aboukhlal.<\/p>\n<p>Peu utilis\u00e9 au Torino, o\u00f9 il n\u2019a disput\u00e9 que dix rencontres cette saison, l\u2019ancien Toulousain cherche \u00e0 retrouver du temps de jeu. Un enjeu pour lui, \u00e0 l\u2019approche de la Coupe du monde 2026 qu\u2019il esp\u00e8re disputer avec le Maroc. Le club italien ne serait pas ferm\u00e9 \u00e0 un pr\u00eat assorti d\u2019une option d\u2019achat estim\u00e9e \u00e0 9 millions d\u2019euros. Les Kita pourraient passer \u00e0 l\u2019attaque dans les prochaines semaines.<\/p>\n<p>Lire la suit sur le FC Nantes <\/p>\n<p><a href=\"https:\/\/www.foot-sur7.fr\/714209-mercato-fc-nantes-arsenal-provoque-la-colere-de-kita\" target=\"_blank\" rel=\"noopener\">Mercato FC Nantes : \u00a0Arsenal provoque la col\u00e8re de Kita !<\/a><\/p>\n<p><a class=\"related-article simple\" href=\"https:\/\/www.foot-sur7.fr\/714446-mercato-asse-accord-conclu-pour-cedric-don\" target=\"_blank\" rel=\"noopener\">\u00c0 voirMercato ASSE : Accord conclu pour C\u00e9dric Don ?<\/a><\/p>\n<p><a href=\"https:\/\/www.foot-sur7.fr\/714123-mercato-fc-nantes-cest-confirme-deux-cracks-debarquent-a-nantes\" target=\"_blank\" rel=\"noopener\">Mercato FC Nantes : C\u2019est confirm\u00e9, deux cracks d\u00e9barquent \u00e0 Nantes !<\/a><\/p>\n<p><a href=\"https:\/\/www.foot-sur7.fr\/714117-mercato-fc-nantes-gros-coup-de-kita-un-top-joueur-a-7me-arrive\" target=\"_blank\" rel=\"noopener\">Mercato FC Nantes : Gros coup de Kita, un top joueur \u00e0 7M\u20ac arrive !<\/a><\/p>\n","protected":false},"excerpt":{"rendered":"Afficher l\u2019index Masquer l\u2019index Les dirigeants du FC Nantes seraient en pince pour Zakaria Aboukhlal en vue du&hellip;\n","protected":false},"author":2,"featured_media":1217,"comment_status":"","ping_status":"","sticky":false,"template":"","format":"standard","meta":{"footnotes":""},"categories":[2818],"tags":[1111,11,1777,674,1011,27,766,12,2636,25],"class_list":{"0":"post-627327","1":"post","2":"type-post","3":"status-publish","4":"format-standard","5":"has-post-thumbnail","7":"category-nantes","8":"tag-actu","9":"tag-actualites","10":"tag-eu","11":"tag-europe","12":"tag-fr","13":"tag-france","14":"tag-nantes","15":"tag-news","16":"tag-pays-de-la-loire","17":"tag-republique-francaise"},"share_on_mastodon":{"url":"https:\/\/pubeurope.com\/@fr\/115802308807067959","error":""},"_links":{"self":[{"href":"https:\/\/www.europesays.com\/fr\/wp-json\/wp\/v2\/posts\/627327","targetHints":{"allow":["GET"]}}],"collection":[{"href":"https:\/\/www.europesays.com\/fr\/wp-json\/wp\/v2\/posts"}],"about":[{"href":"https:\/\/www.europesays.com\/fr\/wp-json\/wp\/v2\/types\/post"}],"author":[{"embeddable":true,"href":"https:\/\/www.europesays.com\/fr\/wp-json\/wp\/v2\/users\/2"}],"replies":[{"embeddable":true,"href":"https:\/\/www.europesays.com\/fr\/wp-json\/wp\/v2\/comments?post=627327"}],"version-history":[{"count":0,"href":"https:\/\/www.europesays.com\/fr\/wp-json\/wp\/v2\/posts\/627327\/revisions"}],"wp:featuredmedia":[{"embeddable":true,"href":"https:\/\/www.europesays.com\/fr\/wp-json\/wp\/v2\/media\/1217"}],"wp:attachment":[{"href":"https:\/\/www.europesays.com\/fr\/wp-json\/wp\/v2\/media?parent=627327"}],"wp:term":[{"taxonomy":"category","embeddable":true,"href":"https:\/\/www.europesays.com\/fr\/wp-json\/wp\/v2\/categories?post=627327"},{"taxonomy":"post_tag","embeddable":true,"href":"https:\/\/www.europesays.com\/fr\/wp-json\/wp\/v2\/tags?post=627327"}],"curies":[{"name":"wp","href":"https:\/\/api.w.org\/{rel}","templated":true}]}}