{"id":627332,"date":"2025-12-29T10:10:10","date_gmt":"2025-12-29T10:10:10","guid":{"rendered":"https:\/\/www.europesays.com\/fr\/627332\/"},"modified":"2025-12-29T10:10:10","modified_gmt":"2025-12-29T10:10:10","slug":"4-blesses-dont-un-grave","status":"publish","type":"post","link":"https:\/\/www.europesays.com\/fr\/627332\/","title":{"rendered":"4 bless\u00e9s dont un grave"},"content":{"rendered":"<p>Deux agressions distinctes \u00e0 l\u2019arme blanche ont marqu\u00e9 la nuit de samedi \u00e0 dimanche dans l\u2019agglom\u00e9ration de <a href=\"https:\/\/www.ledemocratedebergerac.fr\/tag\/bordeaux\/\" data-type=\"post_tag\" data-id=\"1790\" target=\"_blank\" rel=\"noopener\">Bordeaux<\/a>. Une violente rixe a \u00e9clat\u00e9 en centre-ville en d\u00e9but de soir\u00e9e, faisant trois bless\u00e9s, dont un dans un \u00e9tat critique. Quelques heures plus tard, une tentative de vol s\u2019est sold\u00e9e par une nouvelle attaque au couteau \u00e0 Eysines. Les secours et les forces de l\u2019ordre ont \u00e9t\u00e9 fortement mobilis\u00e9s.<\/p>\n<p>Une rixe de grande ampleur en plein centre de Bordeaux<\/p>\n<p>La situation a brutalement d\u00e9g\u00e9n\u00e9r\u00e9 en d\u00e9but de soir\u00e9e, au c\u0153ur de Bordeaux, cours Victor-Hugo dans le prolongement du Pont-de-pierre. Selon nos confr\u00e8res de SudOuest, peu avant 22 heures, la police nationale et le Smur sont intervenus \u00e0 la suite d\u2019une violente rixe impliquant plusieurs dizaines de personnes. Selon les premiers \u00e9l\u00e9ments recueillis, des tensions opposaient depuis plusieurs heures deux groupes issus de quartiers rivaux.<\/p>\n<p>Une premi\u00e8re altercation entre deux jeunes de deux quartiers distincts aurait d\u00e9j\u00e0 \u00e9clat\u00e9 dans l\u2019apr\u00e8s-midi, avant que les affrontements ne reprennent avec une intensit\u00e9 bien plus importante en soir\u00e9e. Cette rixe aurait \u00e9t\u00e9 provoqu\u00e9e par des individus v\u00eatus de noir qui auraient fait l\u2019usage de tessons de bouteille et m\u00eame de battes de baseball.<\/p>\n<p class=\"has-background\" style=\"background-color:#e3e3e3\"><strong>Bordeaux en t\u00eate du classement des villes les plus expos\u00e9es \u00e0 la d\u00e9linquance<\/strong> <br \/>Selon le classement 2025 \u00e9tabli \u00e0 partir des donn\u00e9es de l\u2019ann\u00e9e 2024, Bordeaux arrive au premier rang des villes les plus touch\u00e9es par la criminalit\u00e9 en France.<br \/>La ville a enregistr\u00e9 25 220 crimes et d\u00e9lits en 2024, contre 25 125 en 2023, pour une population de 265 328 habitants.<br \/>Cela correspond \u00e0 un taux de 95 infractions pour 1 000 habitants, soit un risque estim\u00e9 \u00e0 9,5 % pour un habitant d\u2019\u00eatre victime d\u2019un crime ou d\u2019un d\u00e9lit sur l\u2019ann\u00e9e.<br \/>Ce ratio place Bordeaux en t\u00eate du classement national, en progression d\u2019une place par rapport \u00e0 l\u2019ann\u00e9e pr\u00e9c\u00e9dente, o\u00f9 la ville occupait la deuxi\u00e8me position.<\/p>\n<p>Bilan de la rixe, trois hommes, \u00e2g\u00e9s de 19, 27 et 36 ans, ont \u00e9t\u00e9 pris en charge et hospitalis\u00e9s. L\u2019un d\u2019eux se trouvait dans un \u00e9tat critique apr\u00e8s avoir \u00e9t\u00e9 poignard\u00e9 dans le dos ; la blessure aurait atteint un poumon. Les deux autres victimes pr\u00e9sentent des blessures s\u00e9rieuses, dont une fracture ouverte du genou et une main fractur\u00e9e.<\/p>\n<p>Deux personnes, \u00e2g\u00e9es de 16 et 23 ans, ont \u00e9t\u00e9 interpell\u00e9es sur les lieux et plac\u00e9es en garde \u00e0 vue. \u00c0 ce stade, les r\u00f4les exacts de chacun restent toutefois \u00e0 d\u00e9terminer dans le cadre de l\u2019enqu\u00eate.<\/p>\n<p>Une tentative de vol tourne \u00e0 l\u2019agression \u00e0 Eysines<\/p>\n<p>Quelques heures plus tard, dans un tout autre contexte, une nouvelle agression au couteau s\u2019est produite \u00e0 <a href=\"https:\/\/www.eysines.fr\/\" target=\"_blank\" data-type=\"link\" data-id=\"https:\/\/www.eysines.fr\/\" rel=\"noreferrer noopener\">Eysines<\/a>, en p\u00e9riph\u00e9rie de Bordeaux. Il \u00e9tait environ 1 heure du matin, dimanche, lorsqu\u2019un jeune homme de 19 ans a \u00e9t\u00e9 pris pour cible alors qu\u2019il rejoignait son v\u00e9hicule.<\/p>\n<p>D\u2019apr\u00e8s les premiers \u00e9l\u00e9ments, l\u2019agresseur aurait tent\u00e9 de lui d\u00e9rober sa sacoche ainsi que sa voiture, en le mena\u00e7ant avec une arme blanche. La victime a \u00e9t\u00e9 touch\u00e9e \u00e0 deux reprises, au bras et \u00e0 la cuisse, avec des plaies mesurant respectivement une dizaine de centim\u00e8tres et quelques centim\u00e8tres.<\/p>\n<p>Les sapeurs-pompiers sont intervenus afin de prodiguer les premiers soins, avant de transporter le jeune homme aux urgences. Malgr\u00e9 la violence de l\u2019attaque, son \u00e9tat n\u2019\u00e9tait pas jug\u00e9 inqui\u00e9tant.<\/p>\n","protected":false},"excerpt":{"rendered":"Deux agressions distinctes \u00e0 l\u2019arme blanche ont marqu\u00e9 la nuit de samedi \u00e0 dimanche dans l\u2019agglom\u00e9ration de Bordeaux.&hellip;\n","protected":false},"author":2,"featured_media":627333,"comment_status":"","ping_status":"","sticky":false,"template":"","format":"standard","meta":{"footnotes":""},"categories":[2817],"tags":[1111,11,1120,1997,1777,674,118,1011,27,2905,12,2219,25],"class_list":{"0":"post-627332","1":"post","2":"type-post","3":"status-publish","4":"format-standard","5":"has-post-thumbnail","7":"category-bordeaux","8":"tag-actu","9":"tag-actualites","10":"tag-agression","11":"tag-bordeaux","12":"tag-eu","13":"tag-europe","14":"tag-faits-divers","15":"tag-fr","16":"tag-france","17":"tag-gironde","18":"tag-news","19":"tag-nouvelle-aquitaine","20":"tag-republique-francaise"},"share_on_mastodon":{"url":"https:\/\/pubeurope.com\/@fr\/115802316803310910","error":""},"_links":{"self":[{"href":"https:\/\/www.europesays.com\/fr\/wp-json\/wp\/v2\/posts\/627332","targetHints":{"allow":["GET"]}}],"collection":[{"href":"https:\/\/www.europesays.com\/fr\/wp-json\/wp\/v2\/posts"}],"about":[{"href":"https:\/\/www.europesays.com\/fr\/wp-json\/wp\/v2\/types\/post"}],"author":[{"embeddable":true,"href":"https:\/\/www.europesays.com\/fr\/wp-json\/wp\/v2\/users\/2"}],"replies":[{"embeddable":true,"href":"https:\/\/www.europesays.com\/fr\/wp-json\/wp\/v2\/comments?post=627332"}],"version-history":[{"count":0,"href":"https:\/\/www.europesays.com\/fr\/wp-json\/wp\/v2\/posts\/627332\/revisions"}],"wp:featuredmedia":[{"embeddable":true,"href":"https:\/\/www.europesays.com\/fr\/wp-json\/wp\/v2\/media\/627333"}],"wp:attachment":[{"href":"https:\/\/www.europesays.com\/fr\/wp-json\/wp\/v2\/media?parent=627332"}],"wp:term":[{"taxonomy":"category","embeddable":true,"href":"https:\/\/www.europesays.com\/fr\/wp-json\/wp\/v2\/categories?post=627332"},{"taxonomy":"post_tag","embeddable":true,"href":"https:\/\/www.europesays.com\/fr\/wp-json\/wp\/v2\/tags?post=627332"}],"curies":[{"name":"wp","href":"https:\/\/api.w.org\/{rel}","templated":true}]}}