{"id":627334,"date":"2025-12-29T10:11:10","date_gmt":"2025-12-29T10:11:10","guid":{"rendered":"https:\/\/www.europesays.com\/fr\/627334\/"},"modified":"2025-12-29T10:11:10","modified_gmt":"2025-12-29T10:11:10","slug":"on-vous-dit-a-quel-endroit","status":"publish","type":"post","link":"https:\/\/www.europesays.com\/fr\/627334\/","title":{"rendered":"on vous dit \u00e0 quel endroit"},"content":{"rendered":"<p>                    Par<br \/>\n        <strong><br \/>\n            <a href=\"https:\/\/actu.fr\/auteur\/margot-fournie\" title=\"Consulter tous les articles de Margot Fournie\" target=\"_blank\" rel=\"noopener\">Margot Fournie<\/a><br \/>\n                    <\/strong><\/p>\n<p>        Publi\u00e9 le<\/p>\n<p>            29 d\u00e9c. 2025 \u00e0 7h12        <\/p>\n<p>Le Service d\u2019infrastructure de la d\u00e9fense (SID) Sud-Est a un projet \u00e0 <a href=\"https:\/\/actu.fr\/toulouse\/\" target=\"_blank\" rel=\"noopener\">Toulouse<\/a>. Il veut faire construire un b\u00e2timent pour stocker des <strong>munitions<\/strong> dans le quartier colonel Edm\u00e9. Soit \u00e0 la lisi\u00e8re du quartier de Saint-Simon. Usage, taille, protection\u2009: on vous en dit plus \u00e0 ce sujet.<\/p>\n<p>Un projet dans une zone militaire<\/p>\n<p class=\" wall-content\">Le projet s\u2019\u00e9tendra sur une parcelle de 690\u00a0m2, actuellement enherb\u00e9e. Il comprendra un <strong>magasin de stockage de munition en \u00ab\u2009U\u2009\u00bb<\/strong>, une aire de d\u00e9chargement, un local technique et une voie de circulation interne. Le tout sera prot\u00e9g\u00e9 par une <strong>enceinte pyrotechnique cl\u00f4tur\u00e9e<\/strong> avec un portail d\u2019acc\u00e8s.<\/p>\n<p>Le magasin aura neuf cellules de stockage<\/p>\n<p class=\" wall-content\">Ce b\u00e2timent de stockage de munitions est pr\u00e9vu pour des artifices et les <strong>munitions de plusieurs r\u00e9giments <\/strong>dont le 1er RTP, r\u00e9giment de l\u2019arm\u00e9e de de terre situ\u00e9 \u00e0 Francazal, mais aussi des <strong>leurres infrarouges<\/strong> pour deux avions Airbus A400M.<\/p>\n<p class=\" wall-content\">Dans le d\u00e9tail, le magasin poss\u00e9dera <strong>neuf cellules de stockage pour munitions<\/strong>, une cellule de stockage pour munitions inertes, une cellule de confection des appoints et d\u00e9conditionnement, mais aussi un local d\u2019emballage, un local de d\u00e9chets de tir et quatre cellules de stockage temporaire.<\/p>\n<p class=\" wall-content\">La quantit\u00e9 maximale de mati\u00e8re active stock\u00e9e sera de <strong>165,42\u00a0kg<\/strong>.<\/p>\n<p>Des dispositifs contre les incendies pr\u00e9vus<\/p>\n<p class=\" wall-content\">Pour prot\u00e9ger le lieu contre les feux, plusieurs dispositions seront prises. Il y aura <strong>un poteau incendie<\/strong> capable de d\u00e9livrer 60\u00a0m3\/h pendant 2\u00a0heures et <strong>des extincteurs<\/strong>.<\/p>\n<p>Votre r\u00e9gion, votre actu !<\/p>\n<p>Recevez chaque jour les infos qui comptent pour vous.<\/p>\n<p>\t<a href=\"https:\/\/actu.fr\/newsletter\" class=\"ac-btn ac-btn--corner ac-btn--medium ac-btn--blue800\" target=\"_blank\" rel=\"noopener\">S&rsquo;incrire<\/a><\/p>\n<p class=\" wall-content\">Ces derniers seront r\u00e9partis dans les locaux du b\u00e2timent et les aires ext\u00e9rieures.<\/p>\n<p>Consultation publique du 5\u00a0janvier au 4\u00a0f\u00e9vrier<\/p>\n<p class=\" wall-content\">Ce projet s\u2019inscrit dans le cadre \u00ab\u00a0de la <strong>mont\u00e9e en puissance<\/strong> du p\u00f4le national des <strong>op\u00e9rations a\u00e9roport\u00e9es<\/strong> (PNOAP) et de la densification du quartier Edm\u00e9 qui accueille actuellement le 1er R\u00e9giment du Train Parachutiste\u00a0\u00bb, indique le dossier qui va \u00eatre soumis au public.<\/p>\n<p class=\" wall-content\">Du 5 janvier au 4 f\u00e9vrier, le public pourra consulter la demande d\u2019enregistrement du projet \u00e0 la mairie de Toulouse, Maison Toulouse Services Reynerie. Il pourra \u00e9galement faire ses observations qui sont consign\u00e9es sur le registre ouvert \u00e0 cet effet.<\/p>\n<p class=\" wall-content\">Personnalisez votre actualit\u00e9 en ajoutant vos villes et m\u00e9dias en favori avec <a href=\"https:\/\/moncompte.actu.fr\" title=\"D\u00e9couvez Mon Actu\" rel=\"nofollow noopener\" data-trk=\"{&quot;cta&quot;:{&quot;action&quot;:&quot;https:\\\/\\\/moncompte.actu.fr&quot;,&quot;category&quot;:&quot;mon compte&quot;,&quot;from&quot;:&quot;article footer&quot;,&quot;name&quot;:&quot;Mon actu&quot;,&quot;type&quot;:&quot;cta&quot;}}\" target=\"_blank\">Mon Actu<\/a>.<\/p>\n","protected":false},"excerpt":{"rendered":"Par Margot Fournie Publi\u00e9 le 29 d\u00e9c. 2025 \u00e0 7h12 Le Service d\u2019infrastructure de la d\u00e9fense (SID) Sud-Est&hellip;\n","protected":false},"author":2,"featured_media":627335,"comment_status":"","ping_status":"","sticky":false,"template":"","format":"standard","meta":{"footnotes":""},"categories":[2816],"tags":[1111,11,1813,1777,674,1011,27,12,2680,25,104,2312,2086],"class_list":{"0":"post-627334","1":"post","2":"type-post","3":"status-publish","4":"format-standard","5":"has-post-thumbnail","7":"category-toulouse","8":"tag-actu","9":"tag-actualites","10":"tag-armee","11":"tag-eu","12":"tag-europe","13":"tag-fr","14":"tag-france","15":"tag-news","16":"tag-occitanie","17":"tag-republique-francaise","18":"tag-societe","19":"tag-toulouse","20":"tag-travaux"},"share_on_mastodon":{"url":"https:\/\/pubeurope.com\/@fr\/115802320641634657","error":""},"_links":{"self":[{"href":"https:\/\/www.europesays.com\/fr\/wp-json\/wp\/v2\/posts\/627334","targetHints":{"allow":["GET"]}}],"collection":[{"href":"https:\/\/www.europesays.com\/fr\/wp-json\/wp\/v2\/posts"}],"about":[{"href":"https:\/\/www.europesays.com\/fr\/wp-json\/wp\/v2\/types\/post"}],"author":[{"embeddable":true,"href":"https:\/\/www.europesays.com\/fr\/wp-json\/wp\/v2\/users\/2"}],"replies":[{"embeddable":true,"href":"https:\/\/www.europesays.com\/fr\/wp-json\/wp\/v2\/comments?post=627334"}],"version-history":[{"count":0,"href":"https:\/\/www.europesays.com\/fr\/wp-json\/wp\/v2\/posts\/627334\/revisions"}],"wp:featuredmedia":[{"embeddable":true,"href":"https:\/\/www.europesays.com\/fr\/wp-json\/wp\/v2\/media\/627335"}],"wp:attachment":[{"href":"https:\/\/www.europesays.com\/fr\/wp-json\/wp\/v2\/media?parent=627334"}],"wp:term":[{"taxonomy":"category","embeddable":true,"href":"https:\/\/www.europesays.com\/fr\/wp-json\/wp\/v2\/categories?post=627334"},{"taxonomy":"post_tag","embeddable":true,"href":"https:\/\/www.europesays.com\/fr\/wp-json\/wp\/v2\/tags?post=627334"}],"curies":[{"name":"wp","href":"https:\/\/api.w.org\/{rel}","templated":true}]}}