{"id":627338,"date":"2025-12-29T10:13:13","date_gmt":"2025-12-29T10:13:13","guid":{"rendered":"https:\/\/www.europesays.com\/fr\/627338\/"},"modified":"2025-12-29T10:13:13","modified_gmt":"2025-12-29T10:13:13","slug":"feminicides-exposition-travaux-futures-ouvertures-les-10-infos-quil-ne-fallait-pas-louper-cette-semaine","status":"publish","type":"post","link":"https:\/\/www.europesays.com\/fr\/627338\/","title":{"rendered":"F\u00e9minicides, exposition, travaux, futures ouvertures\u2026 Les 10 infos qu\u2019il ne fallait pas louper cette semaine"},"content":{"rendered":"<p>                    Par<br \/>\n        <strong><br \/>\n            <a href=\"https:\/\/actu.fr\/auteur\/annesophie-2\" title=\"Consulter tous les articles de Anne-Sophie Hourdeaux\" target=\"_blank\" rel=\"noopener\">Anne-Sophie Hourdeaux<\/a><br \/>\n                    <\/strong><\/p>\n<p>        Publi\u00e9 le<\/p>\n<p>            28 d\u00e9c. 2025 \u00e0 18h16        <\/p>\n<p>Les actualit\u00e9s n\u2019arr\u00eatent jamais, m\u00eame pendant les vacances de No\u00ebl. Si vous avez besoin d\u2019une mise \u00e0 jour, voil\u00e0 en 10 points les actus les plus marquantes du 22 au 27 d\u00e9cembre 2025.<\/p>\n<p class=\" wall-content\"><a href=\"https:\/\/actu.fr\/hauts-de-france\/lille_59350\/les-reveillons-solidaires-a-lille-une-tradition-nee-il-y-a-20-ans_63623542.html\" target=\"_blank\" rel=\"noopener\">Lille a organis\u00e9 des r\u00e9veillons solidaires<\/a><\/p>\n<p class=\" wall-content\">Chaque ann\u00e9e depuis 20 ans, trois r\u00e9veillons solidaires sont organis\u00e9s par la Ville de Lille avec des assos partenaires. Le but\u2009: offrir un moment convivial \u00e0 un public isol\u00e9 ou en pr\u00e9carit\u00e9.<\/p>\n<p class=\" wall-content\">Deux femmes ont \u00e9t\u00e9 retrouv\u00e9es mortes \u00e0 Lille cette semaine,<a href=\"https:\/\/actu.fr\/hauts-de-france\/lille_59350\/lille-une-femme-retrouvee-morte-dans-un-appartement-son-compagnon-place-en-garde-a-vue_63623279.html\" target=\"_blank\" rel=\"noopener\"> l\u2019une le 25 d\u00e9cembre<\/a>, l\u2019autre<a href=\"https:\/\/actu.fr\/hauts-de-france\/lille_59350\/nouveau-drame-a-lille-une-femme-retrouvee-morte-son-compagnon-se-denonce_63627821.html\" target=\"_blank\" rel=\"noopener\"> le 27 d\u00e9cembre<\/a>.<\/p>\n<p class=\" wall-content\">L\u2019une a 34 ans, l\u2019autre 25 ans. Leurs conjoints ont \u00e9t\u00e9 arr\u00eat\u00e9s.<\/p>\n<p class=\" wall-content\"><a href=\"https:\/\/actu.fr\/hauts-de-france\/tourcoing_59599\/tourcoing-voici-ou-se-trouvera-le-site-de-maintenance-et-de-remisage-du-futur-tramway_63623036.html\" target=\"_blank\" rel=\"noopener\">Le futur site de remisage du futur tramway se situera \u00e0 Tourcoing<\/a><\/p>\n<p class=\" wall-content\">La M\u00e9tropole europ\u00e9enne de Lille (Nord) a acquis des terrains \u00e0 Tourcoing pour le site de maintenance et de remisage du futur tramway. Voici o\u00f9 il se trouvera.<\/p>\n<p class=\" wall-content\"><a href=\"https:\/\/actu.fr\/hauts-de-france\/wambrechies_59636\/wambrechies-et-villeneuve-dascq-les-magasins-compagnons-des-saisons-vont-disparaitre-et-etre-remplaces_63621529.html\" target=\"_blank\" rel=\"noopener\">Les Compagnons des saisons changent d\u2019enseigne<\/a><\/p>\n<p class=\" wall-content\">L\u2019enseigne Compagnons des Saisons va dispara\u00eetre du paysage \u00e0 Villeneuve-d\u2019Ascq et Wambrechies (Nord). Les deux magasins vont \u00eatre repris sous une nouvelle marque. D\u00e9tails.<\/p>\n<p class=\" wall-content\"><a href=\"https:\/\/actu.fr\/hauts-de-france\/la-madeleine_59368\/la-madeleine-une-nouvelle-ressourcerie-va-ouvrir-ses-portes-avec-un-tas-dobjets-a-tout-petits-prix_63619250.html\" target=\"_blank\" rel=\"noopener\">Une ressourcerie pr\u00e9pare son ouverture \u00e0 la Madeleine<\/a><\/p>\n<p class=\" wall-content\">Bonne nouvelle pour tous les f\u00e9rus de bonnes affaires\u2009! \u00c0 partir du vendredi 2\u00a0janvier 2026, une toute nouvelle ressourcerie va ouvrir ses portes \u00e0 La Madeleine.<\/p>\n<p class=\" wall-content\"><a href=\"https:\/\/actu.fr\/hauts-de-france\/tourcoing_59599\/tourcoing-plongez-dans-lunivers-de-ce-jeu-video-mondialement-connu-dans-une-exposition_63610536.html\" target=\"_blank\" rel=\"noopener\">Une expo \u00e0 Tourcoing fait plonger dans un c\u00e9l\u00e8bre jeu vid\u00e9o<\/a><\/p>\n<p class=\" wall-content\">Red\u00e9couvrir la ville de Bagdad \u00e0 travers son histoire et\u2026 \u00e0 la mani\u00e8re d\u2019Assassin\u2019s Creed\u2009! C\u2019est ce qui vous est propos\u00e9 jusqu\u2019\u00e0 d\u00e9but f\u00e9vrier\u00a02026 \u00e0 l\u2019IMA de Tourcoing (Nord).<\/p>\n<p>Votre r\u00e9gion, votre actu !<\/p>\n<p>Recevez chaque jour les infos qui comptent pour vous.<\/p>\n<p>\t<a href=\"https:\/\/actu.fr\/newsletter\" class=\"ac-btn ac-btn--corner ac-btn--medium ac-btn--blue800\" target=\"_blank\" rel=\"noopener\">S&rsquo;incrire<\/a><\/p>\n<p class=\" wall-content\"><a href=\"https:\/\/actu.fr\/hauts-de-france\/villeneuve-d-ascq_59009\/villeneuve-dascq-apres-les-travaux-voici-quand-va-rouvrir-le-lam-avec-le-restaurant-de-florent-ladeyn_63614501.html\" target=\"_blank\" rel=\"noopener\">Le LAM a Villeneuve-d\u2019Ascq va rouvrir\u2009! <\/a><\/p>\n<p class=\" wall-content\">Plus quelques semaines \u00e0 patienter puisque la\u00a0date du 20\u00a0f\u00e9vrier 2026 a \u00e9t\u00e9 annonc\u00e9e. Vous y d\u00e9couvrirez de nombreuses nouveaut\u00e9s, notamment le\u00a0restaurant de Florent Ladeyn.<\/p>\n<p class=\" wall-content\"><a href=\"https:\/\/actu.fr\/hauts-de-france\/roubaix_59512\/la-future-piscine-de-lunion-se-dessine-a-roubaix-voici-ce-qui-est-prevu_63610426.html\" target=\"_blank\" rel=\"noopener\">Bient\u00f4t une nouvelle piscine \u00e0 Roubaix<\/a><\/p>\n<p class=\" wall-content\">La M\u00e9tropole europ\u00e9enne de Lille (Nord) va lancer la construction d\u2019une piscine dans la Zac de l\u2019Union \u00e0 Roubaix. D\u00e9couvrez ce qui a \u00e9t\u00e9 imagin\u00e9 pour ce projet d\u2019envergure.<\/p>\n<p class=\" wall-content\"><a href=\"https:\/\/actu.fr\/hauts-de-france\/roubaix_59512\/protoxyde-dazote-la-gerante-dune-epicerie-de-roubaix-arretee-pour-trafic-et-travail-dissimule_63611410.html\" target=\"_blank\" rel=\"noopener\">Protoxyde d\u2019azote : la g\u00e9rante d\u2019une \u00e9picerie de Roubaix arr\u00eat\u00e9e pour trafic et travail dissimul\u00e9<\/a><\/p>\n<p class=\" wall-content\">Des mois d\u2019investigation se sont cl\u00f4tur\u00e9s par l\u2019arrestation d\u2019une femme de 25\u00a0ans, g\u00e9rante d\u2019une \u00e9picerie de nuit\u00a0\u00e0\u00a0Roubaix\u00a0(Nord), en\u00a0d\u00e9cembre\u00a02025. Elle est mise en cause pour un\u00a0trafic li\u00e9 au protoxyde d\u2019azote\u00a0et\u00a0travail dissimul\u00e9.<\/p>\n<p class=\" wall-content\">Personnalisez votre actualit\u00e9 en ajoutant vos villes et m\u00e9dias en favori avec <a href=\"https:\/\/moncompte.actu.fr\" title=\"D\u00e9couvez Mon Actu\" rel=\"nofollow noopener\" data-trk=\"{&quot;cta&quot;:{&quot;action&quot;:&quot;https:\\\/\\\/moncompte.actu.fr&quot;,&quot;category&quot;:&quot;mon compte&quot;,&quot;from&quot;:&quot;article footer&quot;,&quot;name&quot;:&quot;Mon actu&quot;,&quot;type&quot;:&quot;cta&quot;}}\" target=\"_blank\">Mon Actu<\/a>.<\/p>\n","protected":false},"excerpt":{"rendered":"Par Anne-Sophie Hourdeaux Publi\u00e9 le 28 d\u00e9c. 2025 \u00e0 18h16 Les actualit\u00e9s n\u2019arr\u00eatent jamais, m\u00eame pendant les vacances&hellip;\n","protected":false},"author":2,"featured_media":627339,"comment_status":"","ping_status":"","sticky":false,"template":"","format":"standard","meta":{"footnotes":""},"categories":[2815],"tags":[1111,11,1777,674,1011,27,811,1307,12,25,104],"class_list":{"0":"post-627338","1":"post","2":"type-post","3":"status-publish","4":"format-standard","5":"has-post-thumbnail","7":"category-lille","8":"tag-actu","9":"tag-actualites","10":"tag-eu","11":"tag-europe","12":"tag-fr","13":"tag-france","14":"tag-hauts-de-france","15":"tag-lille","16":"tag-news","17":"tag-republique-francaise","18":"tag-societe"},"share_on_mastodon":{"url":"https:\/\/pubeurope.com\/@fr\/115802328604021783","error":""},"_links":{"self":[{"href":"https:\/\/www.europesays.com\/fr\/wp-json\/wp\/v2\/posts\/627338","targetHints":{"allow":["GET"]}}],"collection":[{"href":"https:\/\/www.europesays.com\/fr\/wp-json\/wp\/v2\/posts"}],"about":[{"href":"https:\/\/www.europesays.com\/fr\/wp-json\/wp\/v2\/types\/post"}],"author":[{"embeddable":true,"href":"https:\/\/www.europesays.com\/fr\/wp-json\/wp\/v2\/users\/2"}],"replies":[{"embeddable":true,"href":"https:\/\/www.europesays.com\/fr\/wp-json\/wp\/v2\/comments?post=627338"}],"version-history":[{"count":0,"href":"https:\/\/www.europesays.com\/fr\/wp-json\/wp\/v2\/posts\/627338\/revisions"}],"wp:featuredmedia":[{"embeddable":true,"href":"https:\/\/www.europesays.com\/fr\/wp-json\/wp\/v2\/media\/627339"}],"wp:attachment":[{"href":"https:\/\/www.europesays.com\/fr\/wp-json\/wp\/v2\/media?parent=627338"}],"wp:term":[{"taxonomy":"category","embeddable":true,"href":"https:\/\/www.europesays.com\/fr\/wp-json\/wp\/v2\/categories?post=627338"},{"taxonomy":"post_tag","embeddable":true,"href":"https:\/\/www.europesays.com\/fr\/wp-json\/wp\/v2\/tags?post=627338"}],"curies":[{"name":"wp","href":"https:\/\/api.w.org\/{rel}","templated":true}]}}