{"id":62734,"date":"2025-04-29T21:11:17","date_gmt":"2025-04-29T21:11:17","guid":{"rendered":"https:\/\/www.europesays.com\/fr\/62734\/"},"modified":"2025-04-29T21:11:17","modified_gmt":"2025-04-29T21:11:17","slug":"pourquoi-adrien-koh-lanta-2025-nest-il-pas-revenu-pour-raison-medicale-apres-la-blessure-de-frederic-la-production-nous-repond","status":"publish","type":"post","link":"https:\/\/www.europesays.com\/fr\/62734\/","title":{"rendered":"Pourquoi Adrien (Koh-Lanta 2025) n&rsquo;est-il pas revenu pour \u00ab\u00a0raison m\u00e9dicale\u00a0\u00bb apr\u00e8s la blessure de Fr\u00e9d\u00e9ric ? La production nous r\u00e9pond"},"content":{"rendered":"<p>Ce mardi 29 avril, Fr\u00e9d\u00e9ric a \u00e9t\u00e9 contraint de quitter Koh-Lanta, La revanche des 4 terres \u00e0 la suite d&rsquo;une blessure. Adrien, \u00e9limin\u00e9 la semaine derni\u00e8re, aurait d\u00fb revenir mais le candidat a \u00e9t\u00e9 remplac\u00e9 par Maxime pour une \u00ab\u00a0raison m\u00e9dicale\u00a0\u00bb. Que s&rsquo;est-il pass\u00e9 ? La production de l&rsquo;\u00e9mission de TF1 nous r\u00e9pond.<\/p>\n<p>On n&rsquo;avait pas connu de telles montagnes russes devant <a href=\"https:\/\/www.programme-tv.net\/news\/tv\/374789-un-candidat-de-koh-lanta-peut-il-perdre-son-collier-dimmunite-la-production-nous-repond\/\" data-api-deeplink=\"teleloisirs:\/\/news\/374789\" target=\"_blank\" rel=\"noopener\">Koh-Lanta<\/a> depuis un bon moment. Ce mardi 29\u00a0avril, TF1 diffusait le dixi\u00e8me \u00e9pisode de <a href=\"https:\/\/www.programme-tv.net\/news\/tv\/370938-koh-lanta-2025-date-de-diffusion-candidats-nouveautes-toutes-les-infos-sur-la-revanche-des-4-terres-la-nouvelle-saison-du-jeu-de-tf1\/\" data-api-deeplink=\"teleloisirs:\/\/news\/370938\" target=\"_blank\" rel=\"noopener\">La revanche des 4 terres<\/a>. Apr\u00e8s <a href=\"https:\/\/www.programme-tv.net\/news\/tv\/377450-nais-koh-lanta-2025-cash-sur-l-elimination-d-adrien-c-etait-merite\/\" data-api-deeplink=\"teleloisirs:\/\/news\/377450\" target=\"_blank\" rel=\"noopener\">l&rsquo;\u00e9limination d&rsquo;Adrien<\/a> la semaine derni\u00e8re, les aventuriers ont pris part au parcours du combattant durant l&rsquo;\u00e9preuve de confort. \u00c0 la fin de ce jeu, <a href=\"https:\/\/www.programme-tv.net\/news\/tv\/377718-mon-rapatriement-en-france-etait-urgent-frederic-koh-lanta-2025-revele-la-nature-de-sa-blessure-a-lepaule\/\" data-api-deeplink=\"teleloisirs:\/\/news\/377718\" target=\"_blank\" rel=\"noopener\">Fr\u00e9d\u00e9ric s&rsquo;est senti mal et a \u00e9t\u00e9 contraint de s&rsquo;asseoir<\/a>. <b>\u00ab\u00a0<\/b><b>Je suis bless\u00e9 \u00e0 l&rsquo;\u00e9paule, j&rsquo;ai senti une grosse d\u00e9charge<\/b><b>\u00ab\u00a0, dit-il \u00e0 <\/b><a href=\"https:\/\/www.programme-tv.net\/news\/tv\/375365-c-est-relou-il-ramene-tout-a-lui-adrien-koh-lanta-2025-agace-les-candidats-sera-t-il-le-prochain-elimine\/\" data-api-deeplink=\"teleloisirs:\/\/news\/375365\" target=\"_blank\" rel=\"noopener\"><b>Ma\u00ebl<\/b><\/a><b> face \u00e0 lui<\/b>. Alors que l&rsquo;ensemble du casting repart sur le camp r\u00e9unifi\u00e9, il est d\u00e9cid\u00e9 que l&rsquo;ancien membre de la tribu violette doit se rendre \u00e0 l&rsquo;infirmerie pour un examen \u00e0 la suite de l&rsquo;intensification de sa douleur.<\/p>\n<p>Fait historique dans Koh-Lanta, La revanche des 4 terres\u00a0: un candidat aurait pu revenir dans l&rsquo;aventure mais\u2026<\/p>\n<p>Alors que cette nouvelle inqui\u00e8te notamment <a href=\"https:\/\/www.programme-tv.net\/news\/tv\/377279-noemie-koh-lanta-2025-sauvee-de-l-elimination-in-extremis-je-voulais-voter-contre-joana\/\" data-api-deeplink=\"teleloisirs:\/\/news\/377279\" target=\"_blank\" rel=\"noopener\">Joana<\/a> et <a href=\"https:\/\/www.programme-tv.net\/news\/tv\/375033-vous-n-etes-pas-sur-le-camp-avec-nous-claire-koh-lanta-2025-defend-l-attitude-de-joana-vis-a-vis-d-andrea\/\" data-api-deeplink=\"teleloisirs:\/\/news\/375033\" target=\"_blank\" rel=\"noopener\">Claire<\/a>, ses anciennes co\u00e9quipi\u00e8res de l&rsquo;\u00e9quipe du Nord, Denis Brogniart se rend sur l&rsquo;\u00eele, ce qui n&rsquo;est jamais un bon signe. \u00ab\u00a0Fr\u00e9d\u00e9ric ne reviendra pas dans l&rsquo;aventure, c&rsquo;est la d\u00e9cision du m\u00e9decin. Il ne reviendra pas et il ne fera pas partie du jury final car il doit rentrer en France pour se soigner\u00a0\u00bb, annonce l&rsquo;animateur \u00e0 la tribu blanche. Comme le veut la r\u00e8gle, le dernier candidat \u00e9limin\u00e9 doit rejoindre le jeu de nouveau pour remplacer la personne bless\u00e9e. <b>Pour autant, pour la toute premi\u00e8re fois de l&rsquo;histoire de <\/b><b>Koh-Lanta<\/b><b>, cela ne s&rsquo;est pas produit dans ce cas-l\u00e0<\/b>. En effet, Denis Brogniart a annonc\u00e9 qu&rsquo;Adrien ne r\u00e9int\u00e9grerait pas l&rsquo;aventure pour \u00ab\u00a0raison m\u00e9dicale\u00a0\u00bb en ajoutant que lui non plus ne s\u00e9journerait pas dans la r\u00e9sidence du jury final.<\/p>\n<p>                        Koh-Lanta 2025\u00a0: pourquoi Adrien n&rsquo;est-il pas revenu \u00e0 la place de Maxime \u00e0 la suite de l&rsquo;abandon de Fr\u00e9d\u00e9ric\u00a0?<\/p>\n<p>Ainsi, <a href=\"https:\/\/www.programme-tv.net\/news\/tv\/376823-maxime-elimine-de-koh-lanta-2025-malgre-son-collier-d-immunite-c-etait-un-cauchemar\/\" data-api-deeplink=\"teleloisirs:\/\/news\/376823\" target=\"_blank\" rel=\"noopener\">Maxime, \u00e9limin\u00e9 par les ambassadeurs dans le pr\u00e9c\u00e9dent \u00e9pisode<\/a> avant le premier conseil de la r\u00e9unification, a fait son retour parmi les naufrag\u00e9s \u00e0 la place d&rsquo;Adrien. <b>Mais pourquoi le jeune ing\u00e9nieur du Sud n&rsquo;a-t-il pas r\u00e9int\u00e9gr\u00e9 <\/b><b>Koh-Lanta<\/b><b>\u00a0?<\/b> Interrog\u00e9e par nos soins, la production nous indique que \u00ab\u00a0chaque aventurier passe une visite m\u00e9dicale imm\u00e9diatement apr\u00e8s la sortie de l\u2019aventure, et une seconde avant son retour en France et\/ou une r\u00e9int\u00e9gration potentielle dans l\u2019aventure. Une contre-indication nous a \u00e9t\u00e9 donn\u00e9e le concernant. Comme ce sont des informations relevant du secret m\u00e9dical, aucune information sur la ou les contre-indications n\u2019est transmise \u00e0 la production\u00a0\u00bb, nous assure-t-on. D\u00e9cid\u00e9ment, Adrien ne fait rien comme les autres, et ce jusqu&rsquo;au bout.<\/p>\n","protected":false},"excerpt":{"rendered":"Ce mardi 29 avril, Fr\u00e9d\u00e9ric a \u00e9t\u00e9 contraint de quitter Koh-Lanta, La revanche des 4 terres \u00e0 la&hellip;\n","protected":false},"author":2,"featured_media":62735,"comment_status":"","ping_status":"","sticky":false,"template":"","format":"standard","meta":{"footnotes":""},"categories":[8],"tags":[13429,244,681,58,59,1011,27,16063,680,2277,16068,199],"class_list":{"0":"post-62734","1":"post","2":"type-post","3":"status-publish","4":"format-standard","5":"has-post-thumbnail","7":"category-divertissement","8":"tag-adrien-koh-lanta","9":"tag-commentaire","10":"tag-denis-brogniart","11":"tag-divertissement","12":"tag-entertainment","13":"tag-fr","14":"tag-france","15":"tag-fru00e9du00e9ric-koh-lanta","16":"tag-koh-lanta","17":"tag-la-revanche-des-4-terres","18":"tag-maxime-koh-lanta","19":"tag-tf1"},"share_on_mastodon":{"url":"https:\/\/pubeurope.com\/@fr\/114423312139014402","error":""},"_links":{"self":[{"href":"https:\/\/www.europesays.com\/fr\/wp-json\/wp\/v2\/posts\/62734","targetHints":{"allow":["GET"]}}],"collection":[{"href":"https:\/\/www.europesays.com\/fr\/wp-json\/wp\/v2\/posts"}],"about":[{"href":"https:\/\/www.europesays.com\/fr\/wp-json\/wp\/v2\/types\/post"}],"author":[{"embeddable":true,"href":"https:\/\/www.europesays.com\/fr\/wp-json\/wp\/v2\/users\/2"}],"replies":[{"embeddable":true,"href":"https:\/\/www.europesays.com\/fr\/wp-json\/wp\/v2\/comments?post=62734"}],"version-history":[{"count":0,"href":"https:\/\/www.europesays.com\/fr\/wp-json\/wp\/v2\/posts\/62734\/revisions"}],"wp:featuredmedia":[{"embeddable":true,"href":"https:\/\/www.europesays.com\/fr\/wp-json\/wp\/v2\/media\/62735"}],"wp:attachment":[{"href":"https:\/\/www.europesays.com\/fr\/wp-json\/wp\/v2\/media?parent=62734"}],"wp:term":[{"taxonomy":"category","embeddable":true,"href":"https:\/\/www.europesays.com\/fr\/wp-json\/wp\/v2\/categories?post=62734"},{"taxonomy":"post_tag","embeddable":true,"href":"https:\/\/www.europesays.com\/fr\/wp-json\/wp\/v2\/tags?post=62734"}],"curies":[{"name":"wp","href":"https:\/\/api.w.org\/{rel}","templated":true}]}}