{"id":627340,"date":"2025-12-29T10:14:12","date_gmt":"2025-12-29T10:14:12","guid":{"rendered":"https:\/\/www.europesays.com\/fr\/627340\/"},"modified":"2025-12-29T10:14:12","modified_gmt":"2025-12-29T10:14:12","slug":"greve-des-eboueurs-de-la-mel-le-bras-de-fer-entre-les-syndicats-et-la-societe-deverra","status":"publish","type":"post","link":"https:\/\/www.europesays.com\/fr\/627340\/","title":{"rendered":"Gr\u00e8ve des \u00e9boueurs de la MEL\u00a0: le bras de fer entre les syndicats et la soci\u00e9t\u00e9 Deverra"},"content":{"rendered":"<p>Depuis lundi 22 d\u00e9cembre, les \u00e9boueurs de la MEL sont en gr\u00e8ve. L&rsquo;intersyndicale annonce porter plainte pour d\u00e9lit d&rsquo;entrave au droit de gr\u00e8ve contre la soci\u00e9t\u00e9 Deverra, qui porte plainte \u00e0 son tour pour \u00ab\u00a0des faits graves\u00a0\u00bb survenus sur son site.<\/p>\n<p>Le bras de fer se poursuit entre les \u00e9boueurs et la soci\u00e9t\u00e9 Deverra, charg\u00e9e de la collecte des d\u00e9chets dans la m\u00e9tropole lilloise.\u00a0Sur les trottoirs, au bord des routes, devant les habitations, les sacs poubelles s&rsquo;amoncellent. Depuis lundi 22 d\u00e9cembre 2025,\u00a0<a class=\"IciLink ici-link IciArticleLink g-ici-body-regular-1 underline brand svelte-1chfe2s\" href=\"https:\/\/www.francebleu.fr\/infos\/societe\/la-collecte-des-dechets-sera-perturbee-a-partir-de-lundi-dans-la-metropole-lilloise-5683480\" target=\"_blank\" rel=\"noopener\">les \u00e9boueurs sont en gr\u00e8ve<\/a>.\u00a0Au total,\u00a0<strong>52 communes sont concern\u00e9es<\/strong>\u00a0dans le sud-ouest de la m\u00e9tropole. Les syndicats\u00a0r\u00e9clament de meilleures conditions de travail et une revalorisation des salaires.<\/p>\n<p>Le dialogue rompu entre les deux parties<\/p>\n<p>Des premi\u00e8res n\u00e9gociations ont \u00e9t\u00e9 engag\u00e9es entre les syndicats et la direction de Deverra. Les salari\u00e9s disent avoir obtenu de belles avanc\u00e9es comme la cr\u00e9ation de groupes de travail, la r\u00e9vision des services, et le recalibrage des tourn\u00e9es. Pas suffisant pour les syndicats\u00a0: \u00ab\u00a0On avait demand\u00e9 des augmentations de salaire de 3%, une <strong>prime de fin d&rsquo;ann\u00e9e de 600\u20ac<\/strong>, \u00e7a a \u00e9t\u00e9 balay\u00e9 d&rsquo;entr\u00e9e par la direction, il nous ont propos\u00e9 100\u20ac, aujourd&rsquo;hui c&rsquo;est pas suffisant\u00a0\u00bb, affirme un d\u00e9l\u00e9gu\u00e9 du personnel. Les syndicats indiquent que les discussions sont aujourd&rsquo;hui bloqu\u00e9es et parlent de \u00ab\u00a0menaces de la part de la direction\u00a0\u00bb, et de \u00ab\u00a0licenciement des perturbateurs\u00a0\u00bb.<\/p>\n<p>Deux plaintes d\u00e9pos\u00e9es<\/p>\n<p>Contact\u00e9e par ICI Nord, l&rsquo;intersyndicale a fait part de sa volont\u00e9 de <strong>porter plainte pour d\u00e9lit d&rsquo;entrave<\/strong> contre la soci\u00e9t\u00e9 Deverra. En cause, l&rsquo;appel \u00e0 des <strong>renforts de personnels du groupe Pizzorno<\/strong> (auquel appartient Deverra) pour assurer un service minimum dans les communes touch\u00e9es par le mouvement social. Des accusations contest\u00e9es formellement par la soci\u00e9t\u00e9 Deverra qui affirme que l&rsquo;ensemble des mesures mises en \u0153uvre s&rsquo;inscrit strictement dans le respect du cadre l\u00e9gal\u00a0: \u00ab\u00a0\u00e0 aucun moment l&rsquo;entreprise n&rsquo;a cherch\u00e9 \u00e0 emp\u00eacher, limiter ou entraver ce droit (de gr\u00e8ve) fondamental\u00a0\u00bb, \u00e9crit la soci\u00e9t\u00e9 dans un communiqu\u00e9 de presse. Deverra annonce par ailleurs porter plainte \u00e0 son tour pour \u00ab\u00a0des faits graves survenus sur l\u2019exploitation\u00a0\u00bb, dans la nuit de jeudi 25 \u00e0 vendredi 26 d\u00e9cembre. La soci\u00e9t\u00e9 d\u00e9plore des <strong>vols sur des v\u00e9hicules de collecte<\/strong>, \u00ab\u00a0avec pour objectif manifeste d\u2019entraver la r\u00e9alisation des tourn\u00e9es\u00a0\u00bb.\u00a0Des mesures de surveillance renforc\u00e9s ont d\u2019ores et d\u00e9j\u00e0 \u00e9t\u00e9 mises en place.<\/p>\n<p>\u00c0 lire aussi   <img decoding=\"async\" src=\"https:\/\/www.europesays.com\/fr\/wp-content\/uploads\/2025\/12\/1767003252_986_400x400.jpeg\" alt=\"\" style=\"--_image-preview:url('data:image\/jpeg;base64,\/9j\/2wBDACgcHiMeGSgjISMtKygwPGRBPDc3PHtYXUlkkYCZlo+AjIqgtObDoKrarYqMyP\/L2u71\/\/\/\/m8H\/\/\/\/6\/+b9\/\/j\/2wBDASstLTw1PHZBQXb4pYyl+Pj4+Pj4+Pj4+Pj4+Pj4+Pj4+Pj4+Pj4+Pj4+Pj4+Pj4+Pj4+Pj4+Pj4+Pj4+Pj4+Pj\/wAARCAAXACoDASIAAhEBAxEB\/8QAFwAAAwEAAAAAAAAAAAAAAAAAAAECA\/\/EABYQAQEBAAAAAAAAAAAAAAAAAAABEf\/EABYBAQEBAAAAAAAAAAAAAAAAAAABAv\/EABURAQEAAAAAAAAAAAAAAAAAAAAR\/9oADAMBAAIRAxEAPwC9LS0tA9NJxFqopMUDIgFZBwAVcWAD\/9k=');\" loading=\"lazy\" fetchpriority=\"low\" aria-hidden=\"true\" class=\"svelte-1cksh76 rounded\" onload=\"this.__e=event\" onerror=\"this.__e=event\"\/><\/p>\n","protected":false},"excerpt":{"rendered":"Depuis lundi 22 d\u00e9cembre, les \u00e9boueurs de la MEL sont en gr\u00e8ve. L&rsquo;intersyndicale annonce porter plainte pour d\u00e9lit&hellip;\n","protected":false},"author":2,"featured_media":627341,"comment_status":"","ping_status":"","sticky":false,"template":"","format":"standard","meta":{"footnotes":""},"categories":[2815],"tags":[1111,11,1777,674,1011,27,811,1307,12,25],"class_list":{"0":"post-627340","1":"post","2":"type-post","3":"status-publish","4":"format-standard","5":"has-post-thumbnail","7":"category-lille","8":"tag-actu","9":"tag-actualites","10":"tag-eu","11":"tag-europe","12":"tag-fr","13":"tag-france","14":"tag-hauts-de-france","15":"tag-lille","16":"tag-news","17":"tag-republique-francaise"},"share_on_mastodon":{"url":"https:\/\/pubeurope.com\/@fr\/115802332569291645","error":""},"_links":{"self":[{"href":"https:\/\/www.europesays.com\/fr\/wp-json\/wp\/v2\/posts\/627340","targetHints":{"allow":["GET"]}}],"collection":[{"href":"https:\/\/www.europesays.com\/fr\/wp-json\/wp\/v2\/posts"}],"about":[{"href":"https:\/\/www.europesays.com\/fr\/wp-json\/wp\/v2\/types\/post"}],"author":[{"embeddable":true,"href":"https:\/\/www.europesays.com\/fr\/wp-json\/wp\/v2\/users\/2"}],"replies":[{"embeddable":true,"href":"https:\/\/www.europesays.com\/fr\/wp-json\/wp\/v2\/comments?post=627340"}],"version-history":[{"count":0,"href":"https:\/\/www.europesays.com\/fr\/wp-json\/wp\/v2\/posts\/627340\/revisions"}],"wp:featuredmedia":[{"embeddable":true,"href":"https:\/\/www.europesays.com\/fr\/wp-json\/wp\/v2\/media\/627341"}],"wp:attachment":[{"href":"https:\/\/www.europesays.com\/fr\/wp-json\/wp\/v2\/media?parent=627340"}],"wp:term":[{"taxonomy":"category","embeddable":true,"href":"https:\/\/www.europesays.com\/fr\/wp-json\/wp\/v2\/categories?post=627340"},{"taxonomy":"post_tag","embeddable":true,"href":"https:\/\/www.europesays.com\/fr\/wp-json\/wp\/v2\/tags?post=627340"}],"curies":[{"name":"wp","href":"https:\/\/api.w.org\/{rel}","templated":true}]}}