{"id":627344,"date":"2025-12-29T10:16:14","date_gmt":"2025-12-29T10:16:14","guid":{"rendered":"https:\/\/www.europesays.com\/fr\/627344\/"},"modified":"2025-12-29T10:16:14","modified_gmt":"2025-12-29T10:16:14","slug":"fun-radio-marseille-vous-offre-vos-places-pour-om-nantes","status":"publish","type":"post","link":"https:\/\/www.europesays.com\/fr\/627344\/","title":{"rendered":"Fun Radio Marseille vous offre vos places pour OM NANTES"},"content":{"rendered":"<p class=\"article-p mdl\"><strong>D\u00e9marrez l&rsquo;ann\u00e9e en beaut\u00e9 avec un match de l&rsquo;OM \u00e0 domicile<br \/>Le premier match de l\u2019OM en 2026 vous attend pour une v\u00e9ritable sortie familiale : un dimanche \u00e0 15h, id\u00e9al pour vivre une exp\u00e9rience inoubliable en famille et terminer les vacances de No\u00ebl en beaut\u00e9 !<br \/>\u00a0<\/strong><br \/>Coup d\u2019envoi le dimanche 4 janvier \u00e0 <strong>15h<\/strong>.<\/p>\n<p class=\"article-p mdl\">Infos et billetterie :\u00a0<a class=\"link\" href=\"https:\/\/www.om.fr\/fr\" target=\"_blank\" rel=\"noopener\">om.fr<\/a><\/p>\n<p>            Comment gagner vos places ?<\/p>\n<p class=\"article-p mdl\">Envoyez d\u00e8s maintenant \u00ab\u00a0OM\u00a0\u00bb ainsi que vos coordonn\u00e9es en MP \u00e0 marseille@funradio.fr<\/p>\n<p>                <img decoding=\"async\" alt=\"\" class=\"media-item lazy\" src=\"https:\/\/www.europesays.com\/fr\/wp-content\/uploads\/2025\/12\/1805399-insta-province.jpg\"\/><\/p>\n<p class=\"article-media-figcaption-title\">\n            INSTA-PROVINCE<\/p>\n<p class=\"article-media-figcaption-credits\">\n            Cr\u00e9dit : <\/p>\n<p>Comment \u00e9couter Fun Radio Marseille ?<\/p>\n<p class=\"article-p mdl\">Sur l&rsquo;application Fun Radio\u00a0(activer g\u00e9olocalisation)<br \/>Sur\u00a0<a class=\"link\" href=\"http:\/\/www.funradio.fr\/direct\" target=\"_blank\" rel=\"noopener\">funradio.fr<\/a>\u00a0\u00a0(activer g\u00e9olocalisation + d\u00e9sactiver Adblock + cliquer sur Fun Radio Marseille)<br \/>Sur un poste de radio vous choisissez la fr\u00e9quence la plus proche de chez vous :<\/p>\n<p class=\"article-p mdl\">Marseille \/ Aix : 99.7 fm | Salon: 99.6 fm<\/p>\n<p>\n                                    Lire la suite\n                                <\/p>\n","protected":false},"excerpt":{"rendered":"D\u00e9marrez l&rsquo;ann\u00e9e en beaut\u00e9 avec un match de l&rsquo;OM \u00e0 domicileLe premier match de l\u2019OM en 2026 vous&hellip;\n","protected":false},"author":2,"featured_media":627345,"comment_status":"","ping_status":"","sticky":false,"template":"","format":"standard","meta":{"footnotes":""},"categories":[2814],"tags":[1111,11,1777,674,1011,27,884,12,882,25],"class_list":{"0":"post-627344","1":"post","2":"type-post","3":"status-publish","4":"format-standard","5":"has-post-thumbnail","7":"category-marseille","8":"tag-actu","9":"tag-actualites","10":"tag-eu","11":"tag-europe","12":"tag-fr","13":"tag-france","14":"tag-marseille","15":"tag-news","16":"tag-provence-alpes-cote-dazur","17":"tag-republique-francaise"},"share_on_mastodon":{"url":"https:\/\/pubeurope.com\/@fr\/115802340416865287","error":""},"_links":{"self":[{"href":"https:\/\/www.europesays.com\/fr\/wp-json\/wp\/v2\/posts\/627344","targetHints":{"allow":["GET"]}}],"collection":[{"href":"https:\/\/www.europesays.com\/fr\/wp-json\/wp\/v2\/posts"}],"about":[{"href":"https:\/\/www.europesays.com\/fr\/wp-json\/wp\/v2\/types\/post"}],"author":[{"embeddable":true,"href":"https:\/\/www.europesays.com\/fr\/wp-json\/wp\/v2\/users\/2"}],"replies":[{"embeddable":true,"href":"https:\/\/www.europesays.com\/fr\/wp-json\/wp\/v2\/comments?post=627344"}],"version-history":[{"count":0,"href":"https:\/\/www.europesays.com\/fr\/wp-json\/wp\/v2\/posts\/627344\/revisions"}],"wp:featuredmedia":[{"embeddable":true,"href":"https:\/\/www.europesays.com\/fr\/wp-json\/wp\/v2\/media\/627345"}],"wp:attachment":[{"href":"https:\/\/www.europesays.com\/fr\/wp-json\/wp\/v2\/media?parent=627344"}],"wp:term":[{"taxonomy":"category","embeddable":true,"href":"https:\/\/www.europesays.com\/fr\/wp-json\/wp\/v2\/categories?post=627344"},{"taxonomy":"post_tag","embeddable":true,"href":"https:\/\/www.europesays.com\/fr\/wp-json\/wp\/v2\/tags?post=627344"}],"curies":[{"name":"wp","href":"https:\/\/api.w.org\/{rel}","templated":true}]}}